{"id":51550,"date":"2019-12-20T10:43:49","date_gmt":"2019-12-20T16:43:49","guid":{"rendered":"http:\/\/www.lospoliticosveracruz.com.mx\/?p=51550"},"modified":"2019-12-20T10:43:49","modified_gmt":"2019-12-20T16:43:49","slug":"en-palacio-de-gobierno-calentureitors-y-ogts","status":"publish","type":"post","link":"https:\/\/lospoliticosveracruz.com.mx\/?p=51550","title":{"rendered":"En Palacio de Gobierno, calentureitors y OGT\u2019s"},"content":{"rendered":"<p>As\u00ed lo platican en pasillos de Palacio de Gobierno, que se quejan y no por el fr\u00edo, sino del comportamiento del director de Gobernacion, Arturo Quirarte, que se la pasa como burro en primavera detr\u00e1s de secretarias \u00a0junto con el nuevo jefe de la Unidad\u00a0Administrativa de Segob, Ra\u00fal Galindo&#8230; se\u00f1oras y se\u00f1oritas, si es as\u00ed, p\u00e1renles sus tacos en la Unidad de G\u00e9nero!<br \/>\nPor si\u00a0\u00a0fuera poco, el\u00a0jefe de servicios generales, Yair Hern\u00e1ndez Sondon, se pas\u00f3 de rosca rega\u00f1ando\u00a0a la de\u00a0intendencia, do\u00f1a Chabela, con palabras altisonantes.<\/p>\n<p>La actitud de Yair no es nueva, dicen que trata\u00a0a todo el personal con la punta del pie&#8230; quien no obedece sus \u00f3rdenes corre el riesgo de que lo ponga a disposici\u00f3n de recursos humanos sin mediar trato alguno&#8230; que recuerden que son solo pasajeros!<\/p>\n","protected":false},"excerpt":{"rendered":"<p>As\u00ed lo platican en pasillos de Palacio de Gobierno, que se quejan y no por el fr\u00edo, sino del comportamiento del director de Gobernacion, Arturo Quirarte, que se la pasa como burro en primavera detr\u00e1s de secretarias \u00a0junto con el nuevo jefe de la Unidad\u00a0Administrativa de Segob, Ra\u00fal Galindo&#8230; se\u00f1oras y se\u00f1oritas, si es as\u00ed, [&hellip;]<\/p>\n","protected":false},"author":2,"featured_media":0,"comment_status":"open","ping_status":"open","sticky":false,"template":"","format":"standard","meta":{"_jetpack_newsletter_access":"","_jetpack_dont_email_post_to_subs":false,"_jetpack_newsletter_tier_id":0,"_jetpack_memberships_contains_paywalled_content":false,"_jetpack_memberships_contains_paid_content":false,"footnotes":""},"categories":[74],"tags":[],"class_list":["post-51550","post","type-post","status-publish","format-standard","hentry","category-lavadero"],"jetpack_featured_media_url":"","jetpack_sharing_enabled":true,"jetpack_shortlink":"https:\/\/wp.me\/p4Qcd3-dps","_links":{"self":[{"href":"https:\/\/lospoliticosveracruz.com.mx\/index.php?rest_route=\/wp\/v2\/posts\/51550","targetHints":{"allow":["GET"]}}],"collection":[{"href":"https:\/\/lospoliticosveracruz.com.mx\/index.php?rest_route=\/wp\/v2\/posts"}],"about":[{"href":"https:\/\/lospoliticosveracruz.com.mx\/index.php?rest_route=\/wp\/v2\/types\/post"}],"author":[{"embeddable":true,"href":"https:\/\/lospoliticosveracruz.com.mx\/index.php?rest_route=\/wp\/v2\/users\/2"}],"replies":[{"embeddable":true,"href":"https:\/\/lospoliticosveracruz.com.mx\/index.php?rest_route=%2Fwp%2Fv2%2Fcomments&post=51550"}],"version-history":[{"count":1,"href":"https:\/\/lospoliticosveracruz.com.mx\/index.php?rest_route=\/wp\/v2\/posts\/51550\/revisions"}],"predecessor-version":[{"id":51551,"href":"https:\/\/lospoliticosveracruz.com.mx\/index.php?rest_route=\/wp\/v2\/posts\/51550\/revisions\/51551"}],"wp:attachment":[{"href":"https:\/\/lospoliticosveracruz.com.mx\/index.php?rest_route=%2Fwp%2Fv2%2Fmedia&parent=51550"}],"wp:term":[{"taxonomy":"category","embeddable":true,"href":"https:\/\/lospoliticosveracruz.com.mx\/index.php?rest_route=%2Fwp%2Fv2%2Fcategories&post=51550"},{"taxonomy":"post_tag","embeddable":true,"href":"https:\/\/lospoliticosveracruz.com.mx\/index.php?rest_route=%2Fwp%2Fv2%2Ftags&post=51550"}],"curies":[{"name":"wp","href":"https:\/\/api.w.org\/{rel}","templated":true}]}}