{"id":51553,"date":"2019-12-20T20:55:59","date_gmt":"2019-12-21T02:55:59","guid":{"rendered":"http:\/\/www.lospoliticosveracruz.com.mx\/?p=51553"},"modified":"2019-12-20T20:55:59","modified_gmt":"2019-12-21T02:55:59","slug":"la-culpa-no-era-mia","status":"publish","type":"post","link":"https:\/\/lospoliticosveracruz.com.mx\/?p=51553","title":{"rendered":"La culpa no era m\u00eda"},"content":{"rendered":"<p><strong>Naldy Rodr\u00edguez<\/strong><\/p>\n<p><em>Transparencia 3.0<\/em><\/p>\n<p>En M\u00e9xico nos espanta llevar un registro de agresores sexuales, es un tema complejo y serio que no se puede tomar a la ligera. La presunci\u00f3n de inocencia, sobre todo en los casos en los que no hay una sentencia, es un derecho fundamental que tom\u00f3 un matiz especial con la reforma a la Constituci\u00f3n de 2011, basada en derechos humanos y el principio <em>pro persona.<\/em><\/p>\n<p>Quienes han tenido el valor de denunciar y enfrentarse al sistema, son en su mayor\u00eda del sexo femenino, pero en innumerables ocasiones no encuentran justicia y muy lejos est\u00e1n de la reparaci\u00f3n integral del da\u00f1o.<\/p>\n<p>Una de cada tres mujeres han sufrido en alg\u00fan momento de su vida una violaci\u00f3n, violencia sexual o maltrato. Lo dice la ONU y otros estudios de organizaciones internacionales. El 90 por ciento de ellas no denuncia, yo tampoco lo hice hace 20 a\u00f1os.<\/p>\n<p>En Veracruz, de 2008 a 2018 han sido imputados 3 mil 664 personas por el delito de violaci\u00f3n y mil 675 fueron acusados de abuso sexual, seg\u00fan estad\u00edsticas del Tribunal Superior de Justicia del Estado. En ese mismo periodo, la Fiscal\u00eda General de Veracruz abri\u00f3 casi 9 mil carpetas de investigaci\u00f3n por violaci\u00f3n, es decir tres ataques sexuales diarios.<\/p>\n<p>El grupo de poblaci\u00f3n m\u00e1s vulnerable fueron menores de edad y j\u00f3venes de entre 11 y 20 a\u00f1os de edad, las v\u00edctimas llegaron a 3 mil 895; de ah\u00ed de 21 a 30 a\u00f1os, fueron mil 772 personas agredidas.<\/p>\n<p>Por municipios, fueron Veracruz con 877 casos, Xalapa con 624, Coatzacoalcos con 550, Poza Rica con 366 y C\u00f3rdoba con 303, las ciudades que presentaron una mayor incidencia de delitos de naturaleza sexual, espec\u00edficamente denuncias por violaci\u00f3n.<\/p>\n<p>En el nuevo sistema de justicia penal, de 2014 a septiembre de 2018, recibieron una sentencia 207 personas por estos dos delitos.<\/p>\n<p>La relaci\u00f3n del acusado con la v\u00edctima y la edad del presunto agresor, no se pudo conocer. \u00a0Ser\u00eda importante considerar esa estad\u00edstica para establecer programas de prevenci\u00f3n y pol\u00edticas p\u00fablicas que inhiban la violencia de g\u00e9nero. Como lo ha advertido el Consejo Ciudadano de la Ciudad de M\u00e9xico, en el 80 por ciento de los casos de abusos sexuales a menores de edad, el atacante es un familiar, amigo o conocido.<\/p>\n<p>En Estados Unidos, Canad\u00e1, Reino Unido, Alemania y Francia ya existe bases de datos de las personas que han cometido delitos de \u00edndole sexual, siempre y cuando sean declarados culpables. En nuestro pa\u00eds, no se han expedido normas sobre el particular, pero en Veracruz ya hay una iniciativa de ley para crear un registro de agresores sexuales e infantiles, presentada por la diputada local, Deisy Juan Antonio. Sin duda se debe analizar con exhaustividad la propuesta que busca conformar un registro con informaci\u00f3n de la Fiscal\u00eda General del Estado, del Poder Judicial (tanto de asuntos civiles como penales), de los sistemas de protecci\u00f3n a la ni\u00f1ez y a las mujeres, del Instituto Veracruzano de la Mujer, entre otros.<\/p>\n<p>En Chile, por ejemplo, pa\u00eds que tambi\u00e9n cuenta con un registro de agresores, solo el 8 por ciento de los juicios por violaci\u00f3n sexual recibe una condena. Por eso, La Tesis cre\u00f3 la canci\u00f3n del performance \u00abUn violador en tu camino\u00bb, que ha encontrado eco en diferentes partes del mundo, hace una cr\u00edtica a los jueces y al sistema judicial.<\/p>\n<p>\u201cY la culpa no era m\u00eda, ni d\u00f3nde estaba, ni c\u00f3mo vest\u00eda&#8230;\u201d, reza una de las estrofas de la canci\u00f3n. Me llev\u00f3 muchos a\u00f1os entenderlo.<\/p>\n<p>Twitter @ydlan<\/p>\n<p><a href=\"mailto:Transparencia3.0@hotmail.com\">Transparencia3.0@hotmail.com<\/a><\/p>\n","protected":false},"excerpt":{"rendered":"<p>Naldy Rodr\u00edguez Transparencia 3.0 En M\u00e9xico nos espanta llevar un registro de agresores sexuales, es un tema complejo y serio que no se puede tomar a la ligera. La presunci\u00f3n de inocencia, sobre todo en los casos en los que no hay una sentencia, es un derecho fundamental que tom\u00f3 un matiz especial con la [&hellip;]<\/p>\n","protected":false},"author":2,"featured_media":51554,"comment_status":"open","ping_status":"open","sticky":false,"template":"","format":"standard","meta":{"_jetpack_newsletter_access":"","_jetpack_dont_email_post_to_subs":false,"_jetpack_newsletter_tier_id":0,"_jetpack_memberships_contains_paywalled_content":false,"_jetpack_memberships_contains_paid_content":false,"footnotes":""},"categories":[70],"tags":[11684,9003,15977,195],"class_list":["post-51553","post","type-post","status-publish","format-standard","has-post-thumbnail","hentry","category-de-opinion","tag-fiscalia-general-de-veracruz","tag-maltrato","tag-sexo-femenino","tag-veracruz"],"jetpack_featured_media_url":"https:\/\/lospoliticosveracruz.com.mx\/wp-content\/uploads\/2019\/12\/agresor.jpg","jetpack_sharing_enabled":true,"jetpack_shortlink":"https:\/\/wp.me\/p4Qcd3-dpv","_links":{"self":[{"href":"https:\/\/lospoliticosveracruz.com.mx\/index.php?rest_route=\/wp\/v2\/posts\/51553","targetHints":{"allow":["GET"]}}],"collection":[{"href":"https:\/\/lospoliticosveracruz.com.mx\/index.php?rest_route=\/wp\/v2\/posts"}],"about":[{"href":"https:\/\/lospoliticosveracruz.com.mx\/index.php?rest_route=\/wp\/v2\/types\/post"}],"author":[{"embeddable":true,"href":"https:\/\/lospoliticosveracruz.com.mx\/index.php?rest_route=\/wp\/v2\/users\/2"}],"replies":[{"embeddable":true,"href":"https:\/\/lospoliticosveracruz.com.mx\/index.php?rest_route=%2Fwp%2Fv2%2Fcomments&post=51553"}],"version-history":[{"count":1,"href":"https:\/\/lospoliticosveracruz.com.mx\/index.php?rest_route=\/wp\/v2\/posts\/51553\/revisions"}],"predecessor-version":[{"id":51555,"href":"https:\/\/lospoliticosveracruz.com.mx\/index.php?rest_route=\/wp\/v2\/posts\/51553\/revisions\/51555"}],"wp:featuredmedia":[{"embeddable":true,"href":"https:\/\/lospoliticosveracruz.com.mx\/index.php?rest_route=\/wp\/v2\/media\/51554"}],"wp:attachment":[{"href":"https:\/\/lospoliticosveracruz.com.mx\/index.php?rest_route=%2Fwp%2Fv2%2Fmedia&parent=51553"}],"wp:term":[{"taxonomy":"category","embeddable":true,"href":"https:\/\/lospoliticosveracruz.com.mx\/index.php?rest_route=%2Fwp%2Fv2%2Fcategories&post=51553"},{"taxonomy":"post_tag","embeddable":true,"href":"https:\/\/lospoliticosveracruz.com.mx\/index.php?rest_route=%2Fwp%2Fv2%2Ftags&post=51553"}],"curies":[{"name":"wp","href":"https:\/\/api.w.org\/{rel}","templated":true}]}}