{"id":51626,"date":"2019-12-26T08:40:57","date_gmt":"2019-12-26T14:40:57","guid":{"rendered":"http:\/\/www.lospoliticosveracruz.com.mx\/?p=51626"},"modified":"2019-12-26T08:40:57","modified_gmt":"2019-12-26T14:40:57","slug":"desaparecidos-el-gran-pendiente","status":"publish","type":"post","link":"https:\/\/lospoliticosveracruz.com.mx\/?p=51626","title":{"rendered":"Desaparecidos, el gran pendiente"},"content":{"rendered":"<p><strong>Enrique Yasser Pompeyo<\/strong><\/p>\n<p><em>Mesa de Redacci\u00f3n<\/em><\/p>\n<p>La b\u00fasqueda de personas desaparecidas en el estado de Veracruz contin\u00faa y es un tema pendiente por parte del gobierno estatal.<\/p>\n<p>Las declaraciones hechas por Luc\u00eda D\u00edaz Genao, presidenta del Colectivo Solecito, en el sentido de que este a\u00f1o encontraron m\u00e1s de 200 huesos en tan s\u00f3lo cuatro de 60 fosas de la comunidad Arbolillo, municipio de Alvarado, muestra la desidia de los anteriores gobiernos y se espera que el actual se comprometa para poder avanzar.<\/p>\n<p>El asunto se complica para las familias porque no se ha concretado la construcci\u00f3n de los llamados panteones ministeriales.<\/p>\n<p>La exigencia por dar celeridad al tema no es menor, pues estos son fundamentales para resguardar los restos humanos hallados en las fosas clandestinas.<\/p>\n<p>Tambi\u00e9n urgen porque los servicios m\u00e9dicos forenses con los que se cuenta en la entidad, han sido rebasados y est\u00e1n a su m\u00e1xima capacidad.<\/p>\n<p>Pero para ello se requiere una base de datos confiable y fidedigna para poder cotejar los restos con la identidad de las personas desaparecidas.<\/p>\n<p>Desafortunadamente, con cada cambio de gobernante, los colectivos han tenido que empezar pr\u00e1cticamente de cero.<\/p>\n<p>La creaci\u00f3n de la base de datos comenz\u00f3 en la administraci\u00f3n de Javier Duarte de Ochoa cuando Luis \u00c1ngel Bravo Contreras era procurador; el tema sigui\u00f3 en el gobierno de Yunes Linares, y ahora con la encargada de la Fiscal\u00eda General del Estado se inici\u00f3 de nuevo.<\/p>\n<p>Los familiares de los desaparecidos no pierden la esperanza y conf\u00edan en que ahora s\u00ed con este gobierno se concluya para dar paso a la construcci\u00f3n de los referidos panteones.<\/p>\n<p>Ya se ver\u00e1 el compromiso, las acciones reales, concretas de las autoridades y que no se queden s\u00f3lo en discursos de buenas intenciones o peor a\u00fan, que les den la espalda y huyan por la puerta trasera.<\/p>\n<p>enriquepompeyo@hotmail.com<\/p>\n","protected":false},"excerpt":{"rendered":"<p>Enrique Yasser Pompeyo Mesa de Redacci\u00f3n La b\u00fasqueda de personas desaparecidas en el estado de Veracruz contin\u00faa y es un tema pendiente por parte del gobierno estatal. Las declaraciones hechas por Luc\u00eda D\u00edaz Genao, presidenta del Colectivo Solecito, en el sentido de que este a\u00f1o encontraron m\u00e1s de 200 huesos en tan s\u00f3lo cuatro de [&hellip;]<\/p>\n","protected":false},"author":2,"featured_media":0,"comment_status":"open","ping_status":"open","sticky":false,"template":"","format":"standard","meta":{"_jetpack_newsletter_access":"","_jetpack_dont_email_post_to_subs":false,"_jetpack_newsletter_tier_id":0,"_jetpack_memberships_contains_paywalled_content":false,"_jetpack_memberships_contains_paid_content":false,"footnotes":""},"categories":[70],"tags":[301,7930,580,4116,260,15999,496,16000,195],"class_list":["post-51626","post","type-post","status-publish","format-standard","hentry","category-de-opinion","tag-alvarado","tag-colectivo-solecito","tag-desaparecidos","tag-fiscalia-general-del-estado","tag-javier-duarte-de-ochoa","tag-lucia-diaz-genao","tag-luis-angel-bravo-contreras","tag-panteones-ministeriales","tag-veracruz"],"jetpack_featured_media_url":"","jetpack_sharing_enabled":true,"jetpack_shortlink":"https:\/\/wp.me\/p4Qcd3-dqG","_links":{"self":[{"href":"https:\/\/lospoliticosveracruz.com.mx\/index.php?rest_route=\/wp\/v2\/posts\/51626","targetHints":{"allow":["GET"]}}],"collection":[{"href":"https:\/\/lospoliticosveracruz.com.mx\/index.php?rest_route=\/wp\/v2\/posts"}],"about":[{"href":"https:\/\/lospoliticosveracruz.com.mx\/index.php?rest_route=\/wp\/v2\/types\/post"}],"author":[{"embeddable":true,"href":"https:\/\/lospoliticosveracruz.com.mx\/index.php?rest_route=\/wp\/v2\/users\/2"}],"replies":[{"embeddable":true,"href":"https:\/\/lospoliticosveracruz.com.mx\/index.php?rest_route=%2Fwp%2Fv2%2Fcomments&post=51626"}],"version-history":[{"count":1,"href":"https:\/\/lospoliticosveracruz.com.mx\/index.php?rest_route=\/wp\/v2\/posts\/51626\/revisions"}],"predecessor-version":[{"id":51627,"href":"https:\/\/lospoliticosveracruz.com.mx\/index.php?rest_route=\/wp\/v2\/posts\/51626\/revisions\/51627"}],"wp:attachment":[{"href":"https:\/\/lospoliticosveracruz.com.mx\/index.php?rest_route=%2Fwp%2Fv2%2Fmedia&parent=51626"}],"wp:term":[{"taxonomy":"category","embeddable":true,"href":"https:\/\/lospoliticosveracruz.com.mx\/index.php?rest_route=%2Fwp%2Fv2%2Fcategories&post=51626"},{"taxonomy":"post_tag","embeddable":true,"href":"https:\/\/lospoliticosveracruz.com.mx\/index.php?rest_route=%2Fwp%2Fv2%2Ftags&post=51626"}],"curies":[{"name":"wp","href":"https:\/\/api.w.org\/{rel}","templated":true}]}}