{"id":51641,"date":"2019-12-27T07:00:15","date_gmt":"2019-12-27T13:00:15","guid":{"rendered":"http:\/\/www.lospoliticosveracruz.com.mx\/?p=51641"},"modified":"2019-12-26T21:41:12","modified_gmt":"2019-12-27T03:41:12","slug":"el-uso-de-jovenes-construyendo-el-futuro","status":"publish","type":"post","link":"https:\/\/lospoliticosveracruz.com.mx\/?p=51641","title":{"rendered":"El uso de J\u00f3venes Construyendo el Futuro"},"content":{"rendered":"<p><strong>Enrique Yasser Pompeyo<\/strong><\/p>\n<p><em>Mesa de Redacci\u00f3n<\/em><\/p>\n<p>El programa del gobierno federal J\u00f3venes Construyendo el Futuro no est\u00e1 dando los resultados esperados.<\/p>\n<p>Hay algunos tutores que est\u00e1n haciendo mal uso de este; en medios de comunicaci\u00f3n se han dado a conocer diferentes irregularidades.<\/p>\n<p>En los ayuntamientos tambi\u00e9n se registran situaciones que no van acorde a los lineamientos establecidos.<\/p>\n<p>Para muestra, un ejemplo: en Xico hay aproximadamente 300 j\u00f3venes inscritos en las diferentes \u00e1reas, as\u00ed como en el DIF municipal.<\/p>\n<p>El regidor primero Eduardo Pozos P\u00e9rez revela que en algunos casos son utilizados s\u00f3lo para hacer el caf\u00e9 o realizar mandados; en otros, los ponen a hacer manualidades y la capacitaci\u00f3n queda de lado.<\/p>\n<p>Pero el asunto es m\u00e1s grave. Personal ha sido despedido y en su lugar entran los j\u00f3venes que carecen de experiencia.<\/p>\n<p>Desafortunadamente, a algunos beneficiarios \u00fanicamente les interesa recibir el dinero y a los tutores cubrir espacios sin brindarles las herramientas para que aprendan.<\/p>\n<p>Por ello, urge una supervisi\u00f3n no s\u00f3lo en los ayuntamientos, sino en los dem\u00e1s sectores donde se aplica dicho programa. Adem\u00e1s, las reglas de operaci\u00f3n deben revisarse, ser m\u00e1s claras y estrictas.<\/p>\n<p>M\u00e1xime, si como ya se anunci\u00f3, el gobierno federal busca implementar la iniciativa Mes 13, cuyo objetivo es \u00abgarantizar una transici\u00f3n exitosa de la capacitaci\u00f3n en el trabajo a una fuente de empleo, al autoempleo, al emprendimiento individual o a pertenecer a una cooperativa, a certificar sus habilidades o bien a regresar a estudiar\u201d.<\/p>\n<p>De no revisarse lo que est\u00e1n haciendo los tutores y los beneficiarios, de nada habr\u00e1 servido darles 3 mil 600 pesos mensuales a los j\u00f3venes y volver\u00edan a lo que en un inicio eran: ninis.<\/p>\n<p>enriquepompeyo@hotmail.com<\/p>\n","protected":false},"excerpt":{"rendered":"<p>Enrique Yasser Pompeyo Mesa de Redacci\u00f3n El programa del gobierno federal J\u00f3venes Construyendo el Futuro no est\u00e1 dando los resultados esperados. Hay algunos tutores que est\u00e1n haciendo mal uso de este; en medios de comunicaci\u00f3n se han dado a conocer diferentes irregularidades. En los ayuntamientos tambi\u00e9n se registran situaciones que no van acorde a los [&hellip;]<\/p>\n","protected":false},"author":2,"featured_media":51305,"comment_status":"open","ping_status":"open","sticky":false,"template":"","format":"standard","meta":{"_jetpack_newsletter_access":"","_jetpack_dont_email_post_to_subs":false,"_jetpack_newsletter_tier_id":0,"_jetpack_memberships_contains_paywalled_content":false,"_jetpack_memberships_contains_paid_content":false,"footnotes":""},"categories":[70],"tags":[14796,14126,784],"class_list":["post-51641","post","type-post","status-publish","format-standard","has-post-thumbnail","hentry","category-de-opinion","tag-eduardo-pozos-perez","tag-jovenes-construyendo-el-futuro","tag-xico"],"jetpack_featured_media_url":"https:\/\/lospoliticosveracruz.com.mx\/wp-content\/uploads\/2019\/12\/jovenes-construyendo-el-futuro-empresas-e1575900651175.png","jetpack_sharing_enabled":true,"jetpack_shortlink":"https:\/\/wp.me\/p4Qcd3-dqV","_links":{"self":[{"href":"https:\/\/lospoliticosveracruz.com.mx\/index.php?rest_route=\/wp\/v2\/posts\/51641","targetHints":{"allow":["GET"]}}],"collection":[{"href":"https:\/\/lospoliticosveracruz.com.mx\/index.php?rest_route=\/wp\/v2\/posts"}],"about":[{"href":"https:\/\/lospoliticosveracruz.com.mx\/index.php?rest_route=\/wp\/v2\/types\/post"}],"author":[{"embeddable":true,"href":"https:\/\/lospoliticosveracruz.com.mx\/index.php?rest_route=\/wp\/v2\/users\/2"}],"replies":[{"embeddable":true,"href":"https:\/\/lospoliticosveracruz.com.mx\/index.php?rest_route=%2Fwp%2Fv2%2Fcomments&post=51641"}],"version-history":[{"count":1,"href":"https:\/\/lospoliticosveracruz.com.mx\/index.php?rest_route=\/wp\/v2\/posts\/51641\/revisions"}],"predecessor-version":[{"id":51642,"href":"https:\/\/lospoliticosveracruz.com.mx\/index.php?rest_route=\/wp\/v2\/posts\/51641\/revisions\/51642"}],"wp:featuredmedia":[{"embeddable":true,"href":"https:\/\/lospoliticosveracruz.com.mx\/index.php?rest_route=\/wp\/v2\/media\/51305"}],"wp:attachment":[{"href":"https:\/\/lospoliticosveracruz.com.mx\/index.php?rest_route=%2Fwp%2Fv2%2Fmedia&parent=51641"}],"wp:term":[{"taxonomy":"category","embeddable":true,"href":"https:\/\/lospoliticosveracruz.com.mx\/index.php?rest_route=%2Fwp%2Fv2%2Fcategories&post=51641"},{"taxonomy":"post_tag","embeddable":true,"href":"https:\/\/lospoliticosveracruz.com.mx\/index.php?rest_route=%2Fwp%2Fv2%2Ftags&post=51641"}],"curies":[{"name":"wp","href":"https:\/\/api.w.org\/{rel}","templated":true}]}}