{"id":51669,"date":"2019-12-28T10:44:39","date_gmt":"2019-12-28T16:44:39","guid":{"rendered":"http:\/\/www.lospoliticosveracruz.com.mx\/?p=51669"},"modified":"2019-12-28T10:44:39","modified_gmt":"2019-12-28T16:44:39","slug":"amlo-sugiere-cambios-en-gabinete-de-cuic","status":"publish","type":"post","link":"https:\/\/lospoliticosveracruz.com.mx\/?p=51669","title":{"rendered":"AMLO \u201csugiere\u201d cambios en Gabinete de Cuic"},"content":{"rendered":"<p><b>Ricardo\u00a0Ch\u00faa<\/b><\/p>\n<p><i>Sale y Vale<\/i><br \/>\nAVISO&#8230; No es que las \u00abMamis\u00bb diputadas sean o hayan sido AMIGAS Y CONFIDENTES&#8230; Pero es NAVIDAD&#8230; Y como dice nuestro Sacro Santo Padre, V\u00edctor D\u00edaz: \u00abEn estas fechas&#8230; Amaos los unos a los otros\u00bb&#8230; Porque esto es parte de la ALIANZA NUEVA Y ETERNA&#8230; Que ser\u00e1 derramada a Los Morenos para el PERD\u00d3N Y OLVIDO de sus pecados en el 2021&#8230;. El que entendi\u00f3&#8230; Entendi\u00f3&#8230;. ADESTES FIDELES Y MIGUELES&#8230;<\/p>\n<p>LA PURGA DE CUITL\u00c1HUAC&#8230; En las pr\u00f3ximas horas ser\u00e1 anunciado en un evento oficial del sal\u00f3n principal del Palacio de Gobierno en Xalapa&#8230; Los cambios del gabinete del gobernador, Cuitl\u00e1huac Garc\u00eda Jim\u00e9nez antes de que termine el a\u00f1o&#8230; Por eso lo hace este s\u00e1bado&#8230; Ya que el Presidente, Andr\u00e9s Manuel L\u00f3pez Obrador, se encuentra en vacaciones de fin de a\u00f1o en Tapachula, Chiapas&#8230; Pero al parecer dej\u00f3 indicado que los gobernadores de MORENA hagan \u00abpurgas\u00bb en sus gabinetes porque no traen buenos n\u00fameros en las encuestas&#8230;<\/p>\n<p>De esa manera, hoy s\u00e1bado lo har\u00e1 Cuitl\u00e1huac Garc\u00eda antes del mediod\u00eda para que ma\u00f1ana domingo realice el mismo evento, el gobernador de Morelos, Cuauht\u00e9moc Blanco y el lunes en Puebla realice la misma acci\u00f3n Miguel Barbosa&#8230;. Que han sido los estados gobernados por MORENA&#8230; Que m\u00e1s conflictos de ingobernabilidad le han dado al gobierno federal y antes de irse, L\u00f3pez Obrador quiso tomar los \u00abtoros por los cuernos\u00bb y \u00absugiri\u00f3\u00bb esos \u00abenroques\u00bb y donde gobierna AMLO no gobierna otro&#8230; As\u00ed que a darle para adelante&#8230;<\/p>\n<p>Este viernes por la tarde&#8230; Cuitl\u00e1huac Garc\u00eda fue \u00abnotificado\u00bb de esa sugerencia por parte del director Jur\u00eddico de la Presidencia de la Rep\u00fablica, Julio Scherer Ibarra&#8230; Y nos cuentan, que el gober se puso medio \u00abpesado\u00bb con Scherer Junior porque hab\u00eda funcionarios \u00abfavoritos\u00bb que no los quer\u00eda mover del cargo&#8230; Todav\u00eda intent\u00f3 llamar a L\u00f3pez Obrador a su oficina privada en Palacio Nacional&#8230; Pero la llamada no fue recibida y s\u00f3lo le informaron que el Presidente se comunicar\u00eda este 31 de diciembre con \u00e9l para \u00abREPORTARSE\u00bb a su llamado&#8230;<\/p>\n<p>Las \u00ablenguas de doble filo\u00bb contaron que tuvo que ser C\u00e9sar Ya\u00f1ez, el de la \u00abBoda Fif\u00ed\u00bb en Puebla, el que tuvo que llamar a Cuitl\u00e1huac para que le bajar a sus \u00abyemas\u00bb y que entendiera que el Presidente le estaba \u00absugiriendo\u00bb esos cambios en su gabinete para que lleve un mejor gobierno en Veracruz y que no est\u00e9 despu\u00e9s pidiendo \u00abespaldarazos\u00bb presidenciales para bajar los ataques en su contra de la opini\u00f3n p\u00fablica&#8230; Al final, Cuitl\u00e1huac tuvo que aceptar el \u00abrecado\u00bb y no le qued\u00f3 m\u00e1s remedio que empezar a operarlos&#8230;<\/p>\n<p>Lo que no le gust\u00f3 del todo al gobernador es que desde Palacio Nacional&#8230; Le mandaron la lista de nombres de los personajes con los que ten\u00eda que hacer los cambio en su gabinete&#8230; Y algunos no le parecieron del todo bien&#8230; Por eso su \u00abberrinche\u00bb porque su administraci\u00f3n estatal de nuevo ser\u00eda se\u00f1alada por la opini\u00f3n p\u00fablica&#8230; Pero al final de cuentas&#8230; Los cambios se hacen por la experiencia de los nuevos funcionarios en estos cargos&#8230; Haiga como haiga sido&#8230;.<\/p>\n<p>LOS CAMBIOS EN GOBIERNO DEL ESTADO.. . S\u00f3lo son pocas sorpresas de los nuevos funcionarios estatales de Cuitl\u00e1huac&#8230; Que entraran en funciones hoy al mediod\u00eda&#8230; El primero de ellos&#8230;. Es que SE VA Hugo Guti\u00e9rrez de la titularidad de la Secretar\u00eda de Seguridad P\u00fablica&#8230; Y en su cargo se queda el \u00abalemanista\u00bb, Jos\u00e9 Alejandro Montano Guzm\u00e1n&#8230; Que ha sido titular de la SSP en el sexenio de Miguel Alem\u00e1n&#8230; Ha sido diputado federal, legislador local y tambi\u00e9n delegado de SEGOB en Veracruz&#8230;.<\/p>\n<p>Esta remoci\u00f3n del \u00abnorte\u00f1o\u00bb Hugo Guti\u00e9rrez es porque se ha visto que el gobierno estatal no puede con el tema de seguridad&#8230; Por eso incurren en un personaje como Montano, que sabe como operar estos temas&#8230; Y que bajen los \u00edndices de violencia, sobre todo feminicidios, que son el \u00abdolor de cabeza\u00bb de este gobierno&#8230; Adem\u00e1s que pueda implementar los operativos en carreteras para evitar m\u00e1s asaltos y reforzar la vigilancia en los municipios para abatir la criminalidad&#8230; Ojal\u00e1 Montano sea la soluci\u00f3n&#8230; Hay, hay, hay mi querido capit\u00e1n&#8230;.<\/p>\n<p>Otro cambio que anunciar\u00e1n hoy ser\u00e1 la llegada del priista, Jorge Carvallo Delf\u00edn&#8230; Este ocupara la subsecretar\u00eda de Gobierno, en lugar de Carlos Ju\u00e1rez&#8230; Ya que a su paso por esta dependencia fue cuando a Cuitl\u00e1huac empez\u00f3 a perder la GOBERNABILIDAD&#8230; As\u00ed que la \u00fanica labor de Carvallo Delf\u00edn ser\u00e1 el de recuperar la gobernaci\u00f3n en Veracruz porque su gobierno iba camino a la \u00abperdici\u00f3n\u00bb&#8230; Tuvieron que acudir a un maestro de la intriga y el enga\u00f1o como lo es Carvallo para \u00absacar del pozo\u00bb a Veracruz&#8230;<\/p>\n<p>La invitaci\u00f3n a Carvallo fue hecha directamente por un personaje ligado a Cuitl\u00e1huac y AMLO&#8230; Y a pesar de las resistencias del gobernador para poder aceptar que Carvallo fuera a su gabinete a lado de Eric Cisneros&#8230; Al ver los n\u00fameros de como se encuentra su gobierno&#8230; No le qued\u00f3 m\u00e1s remedio que aceptar y empezar con \u00e9l este 2020&#8230; Pero conociendo a Carvallo no s\u00f3lo se quedar\u00e1 en eso&#8230; Ya lo ver\u00e1n&#8230; Ah por cierto, lleva como Jefe de Asesores al ex delegado federal del ISSSTE, Fernando Kuri Kuri&#8230; Su regreso&#8230;<\/p>\n<p>Pero lo que causo m\u00e1s sorpresa fue el \u00faltimo ajuste del d\u00eda&#8230; Con la salida del siempre fiel, Iv\u00e1n Luna y la llegada a la Coordinaci\u00f3n de Comunicaci\u00f3n Social del gobierno estatal&#8230; Del periodista, Jorge Faibre Alverez&#8230; Que hoy al mediod\u00eda ser\u00e1 ungido como el \u00abnuevo Gino\u00bb del gabinete veracruzano&#8230; Faibre tendr\u00e1 la labor, bueno la que todos saben, de generar una comunicaci\u00f3n pol\u00edtica de esta administraci\u00f3n que ahora no la hay&#8230; Y sobre todo hacer relaciones p\u00fablicas necesarias porque el gobierno tiene una nula relaci\u00f3n con todos los periodistas&#8230;<\/p>\n<p>Con la llegada de Faibre a la coordinaci\u00f3n es un buen indicio que el gobierno estatal quiere cambiar las estrategias de comunicaci\u00f3n&#8230; Que en este a\u00f1o con Iv\u00e1n Luna a la cabeza, pues, no camin\u00f3 y no pudo parar los ataques al gobernador&#8230; Es pocas palabras&#8230;. Llevaron a un de car\u00e1cter sobrio, conocedor del tema de la comunicaci\u00f3n y de la ciencia pol\u00edtica&#8230; Felicidades Jorge&#8230; Por cierto, Iv\u00e1n Luna fue concentrado en la oficina de asesores de Cuitl\u00e1huac.. Al parecer ah\u00ed lo mandaron para rescatarlo&#8230; AMEN&#8230;<\/p>\n<p>LA MORALEJA&#8230;. Inocentes \u00abpalomitas\u00bb que se dejaron enga\u00f1ar o se la creyeron&#8230;. Hoy es 28 de diciembre&#8230; D\u00eda de Los Santos Inocentes&#8230; As\u00ed que tengan cuidado con prestar dinero, alhajas, ropa o un bien porque no les ser\u00e1 devuelto&#8230;. Y en el caso de la columna para todos debe quedar claro que Cuitl\u00e1huac no va a cambiar su postura y menos su gabinete, as\u00ed se caiga su gobierno&#8230; Al menos, que L\u00f3pez Obrador se lo pida&#8230; No har\u00eda esos cambios, ni siquiera para mejorar su administraci\u00f3n&#8230; CONSUMATUM EST&#8230; OJO todo el art\u00edculo fue un deseo, pero tambi\u00e9n una inocentada. JA JA JA&#8230;.<\/p>\n","protected":false},"excerpt":{"rendered":"<p>Ricardo\u00a0Ch\u00faa Sale y Vale AVISO&#8230; No es que las \u00abMamis\u00bb diputadas sean o hayan sido AMIGAS Y CONFIDENTES&#8230; Pero es NAVIDAD&#8230; Y como dice nuestro Sacro Santo Padre, V\u00edctor D\u00edaz: \u00abEn estas fechas&#8230; Amaos los unos a los otros\u00bb&#8230; Porque esto es parte de la ALIANZA NUEVA Y ETERNA&#8230; Que ser\u00e1 derramada a Los Morenos [&hellip;]<\/p>\n","protected":false},"author":2,"featured_media":0,"comment_status":"open","ping_status":"open","sticky":false,"template":"","format":"standard","meta":{"_jetpack_newsletter_access":"","_jetpack_dont_email_post_to_subs":false,"_jetpack_newsletter_tier_id":0,"_jetpack_memberships_contains_paywalled_content":false,"_jetpack_memberships_contains_paid_content":false,"footnotes":""},"categories":[70],"tags":[344,1563,355,851,16012,195],"class_list":["post-51669","post","type-post","status-publish","format-standard","hentry","category-de-opinion","tag-alejandro-montano-guzman","tag-cuitlahuac-garcia-jimenez","tag-gabinete","tag-jorge-carvallo-delfin","tag-jorge-faibre","tag-veracruz"],"jetpack_featured_media_url":"","jetpack_sharing_enabled":true,"jetpack_shortlink":"https:\/\/wp.me\/p4Qcd3-drn","_links":{"self":[{"href":"https:\/\/lospoliticosveracruz.com.mx\/index.php?rest_route=\/wp\/v2\/posts\/51669","targetHints":{"allow":["GET"]}}],"collection":[{"href":"https:\/\/lospoliticosveracruz.com.mx\/index.php?rest_route=\/wp\/v2\/posts"}],"about":[{"href":"https:\/\/lospoliticosveracruz.com.mx\/index.php?rest_route=\/wp\/v2\/types\/post"}],"author":[{"embeddable":true,"href":"https:\/\/lospoliticosveracruz.com.mx\/index.php?rest_route=\/wp\/v2\/users\/2"}],"replies":[{"embeddable":true,"href":"https:\/\/lospoliticosveracruz.com.mx\/index.php?rest_route=%2Fwp%2Fv2%2Fcomments&post=51669"}],"version-history":[{"count":1,"href":"https:\/\/lospoliticosveracruz.com.mx\/index.php?rest_route=\/wp\/v2\/posts\/51669\/revisions"}],"predecessor-version":[{"id":51670,"href":"https:\/\/lospoliticosveracruz.com.mx\/index.php?rest_route=\/wp\/v2\/posts\/51669\/revisions\/51670"}],"wp:attachment":[{"href":"https:\/\/lospoliticosveracruz.com.mx\/index.php?rest_route=%2Fwp%2Fv2%2Fmedia&parent=51669"}],"wp:term":[{"taxonomy":"category","embeddable":true,"href":"https:\/\/lospoliticosveracruz.com.mx\/index.php?rest_route=%2Fwp%2Fv2%2Fcategories&post=51669"},{"taxonomy":"post_tag","embeddable":true,"href":"https:\/\/lospoliticosveracruz.com.mx\/index.php?rest_route=%2Fwp%2Fv2%2Ftags&post=51669"}],"curies":[{"name":"wp","href":"https:\/\/api.w.org\/{rel}","templated":true}]}}