{"id":51987,"date":"2020-01-15T09:58:14","date_gmt":"2020-01-15T15:58:14","guid":{"rendered":"http:\/\/www.lospoliticosveracruz.com.mx\/?p=51987"},"modified":"2020-01-15T09:58:14","modified_gmt":"2020-01-15T15:58:14","slug":"cisneros-monreal-yunes-y-actopan","status":"publish","type":"post","link":"https:\/\/lospoliticosveracruz.com.mx\/?p=51987","title":{"rendered":"Cisneros, Monreal, Yunes y Actopan"},"content":{"rendered":"<p><strong>Ricardo Ch\u00faa<\/strong><\/p>\n<p><em>Sale y Vale<\/em><\/p>\n<p>OJO.. Alguien sabe d\u00f3nde est\u00e1 Eric Patrocinio Cisneros&#8230; No se la visto en los \u00faltimos d\u00edas en Veracruz, ni en eventos, ni nada&#8230; Y tan medi\u00e1tico que es o era&#8230; No sale p\u00fablicamente y ya levant\u00f3 \u00absospechosismo\u00bb&#8230; Si bien es cierto a movido su cuenta de twitter y facebook subiendo fotos de reuniones de trabajo&#8230; Esas fotos pueden ser de archivo para no dejar de publicar y crear percepci\u00f3n que anda chambeando por el bien de Veracruz&#8230; A pesar de estar \u00abguardadito\u00bb&#8230;<\/p>\n<p>Al parecer, Patrocinio se guard\u00f3 despu\u00e9s de la famosa \u00abLey Cisneros\u00bb presentada al Congreso Local y tampoco sali\u00f3 a dar la cara por el gobierno cuando ocurri\u00f3 la ejecuci\u00f3n de la ni\u00f1a de 11 a\u00f1os y su abuelo, simpatizante de MORENA, en Atzalan&#8230; Pa qu\u00e9 va arriesgarse a que le pregunten, si le \u00abtendi\u00f3 la cama\u00bb a Cuitl\u00e1huac o si va a presionar a Hugo Guti\u00e9rrez para que \u00absacrifique\u00bb un mando polic\u00edaco despu\u00e9s del crimen de la menor y luego no sepa que responder&#8230; Ya no est\u00e1 Winckler pa echarle la culpa.. S\u00f3lo es curiosidad.. \u00bfOn t\u00e1?&#8230;<\/p>\n<p>MONREAL Y YUNES&#8230; Nos cuenta conocido polit\u00f3logo.. Que en Veracruz&#8230; No solo el senador, Ernesto P\u00e9rez Astorga anda con el tema de la formaci\u00f3n del nuevo partido ligado al l\u00edder de la C\u00e1mara de Senadoes, Ricardo Moneal Avila&#8230; Llamado Fuerza Social M\u00e9xico&#8230; Sino tambi\u00e9n ya se uni\u00f3 un Yunes, as\u00ed como lo leen, el personaje en cuesti\u00f3n es Eduardo Vega Yunes, mejor conocido como \u00abEl Tato\u00bb Vega&#8230; Se rumora que los acercamientos con \u00e9l son directos&#8230;.<\/p>\n<p>As\u00ed que el sobrino de H\u00e9ctor y Miguel Angel&#8230;. Primo de Andrea, ChiquiYunes y ChiquiFer&#8230; Al parecer anda cerca a MORENA v\u00eda Los Monreal&#8230; Vega Yunes en su momento fue funcionario con Duarte en la Junta de Mejoras y despu\u00e9s en SEDESOL&#8230; Quiso ser diputado federal por el distrito de Xalapa rural pero no lo logr\u00f3&#8230; Ahora todo indica que en una de las visitas de Alejandro Rojas, a Veracruz, se reuni\u00f3 con \u00e9l y ahora lo mueven por el FSM&#8230; Otro proyecto para Fuerza Social Monreal&#8230;<\/p>\n<p>PERO ESO NO ES TODO&#8230;. Tambi\u00e9n informan que hay varios personajes ligados a importante actor pol\u00edtico del PRI en Veracruz que se encuentran trabajando para el proyecto de Monreal, desde el pasado mes de mayo del 2019&#8230; Cada mes van a la ciudad de Puebla para reunirse con personajes cercanos al Senador y ense\u00f1arles los avances que se llevan en Veracruz&#8230; A su \u00abpadrino\u00bb pol\u00edtico lo \u00fanico que liga con Monreal, es que ambos NO QUIEREN a Cuitl\u00e1huac Garc\u00eda&#8230; \u00bfQui\u00e9n ser\u00e1?<\/p>\n<p>S\u00f3lo como dato&#8230; A este pol\u00edtico priista muchos la llaman: \u00abLa continuidad barata\u00bb de Fidel Herrera&#8230; As\u00ed que no hay que buscarle mucho.. S\u00f3lo que conociendo a Monreal esto puede cambiar en unos meses&#8230; Teniendo el registro en la bolsa&#8230; Otros pueden ser los compromisos y pueden dar a otro el manejo del partido en la entidad&#8230; Finalmente el FSM dar\u00e1 mucho que hablar en los pr\u00f3ximos meses&#8230; La duda es: \u00bfHabr\u00e1 -punto de quiebre- con Cuitl\u00e1huac?&#8230; OJO con Cuitl\u00e1huac&#8230; No con MORENA o L\u00f3pez Obrador&#8230; TAN&#8230; TAN&#8230;<\/p>\n<p>CONTRAATAQUE DE MORENA&#8230; Los operadores pol\u00edticos de Cuitl\u00e1huac y MORENA en Veracruz est\u00e1n ocupando una pol\u00edtica dicha por el \u00abFil\u00f3sofo de la Intriga y el enga\u00f1o\u00bb del cual tienen un \u00abDoctorado Honoris Causa\u00bb; Gonzalo Morgado Huesca, cuya principal ense\u00f1anza fue: \u00abT\u00fa difama que algo queda\u00bb&#8230; Y le echaron \u00abcaballer\u00eda\u00bb contra Miguel Yunes Linares con acusaciones del pasado para empezarle a \u00abempa\u00f1ar\u00bb su imagen medi\u00e1tica&#8230; Pero donde lo quieren \u00abdebilitar\u00bb es exhibiendo alcaldes que en su momento fueron aliados en el PAN&#8230;<\/p>\n<p>Y quieren tambi\u00e9n \u00abreventar\u00bb a Los Yunes Azules con posibles alianzas&#8230; Como es el caso de Actopan con Jos\u00e9 Paulino Dom\u00ednguez S\u00e1nchez, al cual el Congreso Local, con mayor\u00eda de MORENA lo quiere desaforar junto con la s\u00edndica, Lucero Jazm\u00edn Palmeros Barradas, acus\u00e1ndolos de supuesta malversaci\u00f3n de fondos y desv\u00edos de recursos para dar una imagen que el gobierno de MORENA y sus diputados locales buscan \u00abcastigar\u00bb la corrupci\u00f3n, no importa que sean alcaldes o pol\u00edticos poderosos&#8230; AJA&#8230;<\/p>\n<p>Pero lo que realmente buscan con el tema Actopan es debilitar al movimiento que tienen los Yunes azules dentro del PAN y de paso enaltecer la figura de Cuitl\u00e1huac en el combate a la corrupci\u00f3n.. Y quieren dejar en este municipio un Consejo Municipal que sea presidido por el regidor Tercero del Movimiento Ciudadano, Eduardo Caranza Barradas, que fue alcalde por Convergencia del trieno 2004-2007&#8230; Y de esa manera, buscar enfrentar a Dante vs Miguel Angel, que en el 2018 fueron aliados en Veracruz&#8230; Todo plan con ma\u00f1a&#8230;<\/p>\n<p>As\u00ed que este alcalde lo quieren \u00abreventar\u00bb en MORENA para dar una lecci\u00f3n que van con todo contra el grupo de Los Yunes Azules ante la posibilidad de una alianza con el PRI&#8230; Ocupando el dato que a Dom\u00ednguez S\u00e1nchez, se le hab\u00eda involucrado en el crimen del periodista, Jos\u00e9 Celestino Ru\u00edz S\u00e1nchez, ocurrido en agosto del 2019&#8230; Aprovechando estas coyunturas Los Morenos quieren al regidor de Movimiento Ciudadano como presidente del Consejo Municipal&#8230;<\/p>\n<p>Por esa raz\u00f3n, el tema Actopan y los conflictos con sus autoridades municipales no hay que buscarle mucho&#8230; El OBJETIVO es tener una cabeza panista.. Lo que hay que saber en concreto, es si Movimiento Ciudadano se \u00abpresta\u00bb a la negociaci\u00f3n de su regidor y ex alcalde convergente&#8230; Ya que con ello, el gobierno estatal pretenden hacer un Consejo Municipal encabezado por un regidor que no sea de MORENA&#8230; Ya que en juicio de desafuero se van el alcalde y la sindica&#8230;<\/p>\n<p>Hay que recordar que para quitar al alcalde est\u00e1n ocupando el tema del ex tesorero municipal, que el a\u00f1o pasado se fue a trabajar con el primo de Pepe Mancha a Tuxpan, donde Juan Antonio Aguilar Mancha, lo coloc\u00f3 en mismo sitio: La Tesorer\u00eda del ayuntamiento&#8230; Acus\u00e1ndolo de desv\u00edos de recursos cuando aun el ORFIS no tiene en su poder esa cuenta p\u00fablica&#8230; Y al parecer un juez, al servicio de MORENA, lo separ\u00f3 de su encargo en la tierra de Alberto Silva&#8230;<\/p>\n<p>S\u00f3lo hay que PUNTUALIZAR que el ex tesorero, Pedro Benitez Dom\u00ednguez, que extra\u00f1amente no se ha amparado para que lo regresen al cargo, es un personaje cercano a Pepe Mancha-Do&#8230; M\u00e1s que los Yunes azules aunque los abogados del alcalde eso quisieron \u00abvender\u00bb&#8230; El abogado es un tal Juan Mart\u00ednez, que lo inhabilit\u00f3 el gobierno federal por 15 a\u00f1os cuando fue delegado de la Procuradur\u00eda Agraria&#8230; Pero finalmente volvemos a lo mismo, MORENA quiere a una \u00abcabeza\u00bb panista..<\/p>\n<p>As\u00ed que el tema del alcalde de Actopan y su conflicto con MORENA, su gobernador y sus diputados locales es sencillo&#8230; Piden su destituci\u00f3n y en marcha hay una carpeta de investigaci\u00f3n sobre el asesinato del periodista&#8230; Lo cual ser\u00eda como un \u00abeslab\u00f3n\u00bb para decir que Cuitl\u00e1huac es muy \u00abching\u00f3n\u00bb en su lucha anticorrupci\u00f3n en contra de un presunto pillo&#8230;Qu\u00e9 desv\u00eda recursos&#8230; Pero la cuenta del ORFIS que analiza apenas es 2018.. .Como son procesos largos, est\u00e1n resolviendo las observaciones&#8230;<\/p>\n<p>Pero OJO&#8230; El jueves pasado se turno a Comisiones Unidas de Gobernaci\u00f3n y Justicia y Puntos Constitucionales&#8230; Y todo parece indicar que van por \u00e9l&#8230; S\u00f3lo que primero lo quieren agarrar por este tema y adentro lo \u00abtrabar\u00edan\u00bb con el asunto del periodista asesinado&#8230; Y de esa forma, no les pase lo de Wincker a principios del a\u00f1o pasado&#8230; El error del alcalde de Actopan fue \u00abgolpear\u00bb a Omar Miranda, ex tesorero de Mancha en el comit\u00e9 estatal y despu\u00e9s como diputado local lo traicion\u00f3..por eso se cre\u00f3 confusi\u00f3n&#8230;<\/p>\n<p>Por ello no lo apoya la dirigencia estatal que est\u00e1 al mano de \u00abEl Chapito\u00bb Guzm\u00e1n y que tiene ligas con MORENA-Cuitl\u00e1huac&#8230; Necesitan a un \u00abchivito\u00bb para que tape todo lo dem\u00e1s y decir que eres un campe\u00f3n en la lucha anticorrupci\u00f3n&#8230; Con ello se pretende \u00abperjudicar\u00bb a Yunes Linares y de paso, si se puede, su relaci\u00f3n de Dante Delgado, cuyos efectos sean para uno de los suyos que ya fue alcalde, lo vuelva a ser.. Por eso varias \u00abPlumas\u00bb Morenas se\u00f1alan que van por \u00e9l&#8230;. Los jugadores cambian&#8230; El juego no&#8230; M\u00e1s claro, ni el agua&#8230; AMEN&#8230;<\/p>\n","protected":false},"excerpt":{"rendered":"<p>Ricardo Ch\u00faa Sale y Vale OJO.. Alguien sabe d\u00f3nde est\u00e1 Eric Patrocinio Cisneros&#8230; No se la visto en los \u00faltimos d\u00edas en Veracruz, ni en eventos, ni nada&#8230; Y tan medi\u00e1tico que es o era&#8230; No sale p\u00fablicamente y ya levant\u00f3 \u00absospechosismo\u00bb&#8230; Si bien es cierto a movido su cuenta de twitter y facebook subiendo [&hellip;]<\/p>\n","protected":false},"author":2,"featured_media":0,"comment_status":"open","ping_status":"open","sticky":false,"template":"","format":"standard","meta":{"_jetpack_newsletter_access":"","_jetpack_dont_email_post_to_subs":false,"_jetpack_newsletter_tier_id":0,"_jetpack_memberships_contains_paywalled_content":false,"_jetpack_memberships_contains_paid_content":false,"footnotes":""},"categories":[70],"tags":[4860,2118,12299,16122,1233,15619,16133,16134,1026,4651,13604,10353,249,195,161],"class_list":["post-51987","post","type-post","status-publish","format-standard","hentry","category-de-opinion","tag-actopan","tag-atzalan","tag-eric-cisneros-burgos","tag-fuerza-social-mexico","tag-gonzalo-morgado-huesca","tag-hugo-gutierrez","tag-jose-celestino-ruiz-sanchez","tag-juan-antonio-aguilar-mancha","tag-morena","tag-pedro-benitez-dominguez","tag-ricardo-chua","tag-ricardo-monreal","tag-tato-vega-yunes","tag-veracruz","tag-yunes-linares"],"jetpack_featured_media_url":"","jetpack_sharing_enabled":true,"jetpack_shortlink":"https:\/\/wp.me\/p4Qcd3-dwv","_links":{"self":[{"href":"https:\/\/lospoliticosveracruz.com.mx\/index.php?rest_route=\/wp\/v2\/posts\/51987","targetHints":{"allow":["GET"]}}],"collection":[{"href":"https:\/\/lospoliticosveracruz.com.mx\/index.php?rest_route=\/wp\/v2\/posts"}],"about":[{"href":"https:\/\/lospoliticosveracruz.com.mx\/index.php?rest_route=\/wp\/v2\/types\/post"}],"author":[{"embeddable":true,"href":"https:\/\/lospoliticosveracruz.com.mx\/index.php?rest_route=\/wp\/v2\/users\/2"}],"replies":[{"embeddable":true,"href":"https:\/\/lospoliticosveracruz.com.mx\/index.php?rest_route=%2Fwp%2Fv2%2Fcomments&post=51987"}],"version-history":[{"count":1,"href":"https:\/\/lospoliticosveracruz.com.mx\/index.php?rest_route=\/wp\/v2\/posts\/51987\/revisions"}],"predecessor-version":[{"id":51989,"href":"https:\/\/lospoliticosveracruz.com.mx\/index.php?rest_route=\/wp\/v2\/posts\/51987\/revisions\/51989"}],"wp:attachment":[{"href":"https:\/\/lospoliticosveracruz.com.mx\/index.php?rest_route=%2Fwp%2Fv2%2Fmedia&parent=51987"}],"wp:term":[{"taxonomy":"category","embeddable":true,"href":"https:\/\/lospoliticosveracruz.com.mx\/index.php?rest_route=%2Fwp%2Fv2%2Fcategories&post=51987"},{"taxonomy":"post_tag","embeddable":true,"href":"https:\/\/lospoliticosveracruz.com.mx\/index.php?rest_route=%2Fwp%2Fv2%2Ftags&post=51987"}],"curies":[{"name":"wp","href":"https:\/\/api.w.org\/{rel}","templated":true}]}}