{"id":52640,"date":"2020-02-17T09:22:18","date_gmt":"2020-02-17T15:22:18","guid":{"rendered":"http:\/\/www.lospoliticosveracruz.com.mx\/?p=52640"},"modified":"2020-02-17T09:22:18","modified_gmt":"2020-02-17T15:22:18","slug":"coronavirus-y-cuitlavirus","status":"publish","type":"post","link":"https:\/\/lospoliticosveracruz.com.mx\/?p=52640","title":{"rendered":"Coronavirus y Cuitlavirus"},"content":{"rendered":"<p><strong>Ricardo Ch\u00faa<\/strong><\/p>\n<p><em>Sale y Vale<\/em><\/p>\n<p>OJO&#8230; Esta semana grupos feministas en Veracruz har\u00e1n el anuncio que interpondr\u00e1n denuncias ante sectores de la sociedad civil y organismos internacionales.. Ya que en los de M\u00e9xico no conf\u00edan por estar ligados a MORENA y gobierno federal&#8230; Del acoso del cual est\u00e1n siendo objeto mujeres que prestan sus servicios en la administraci\u00f3n p\u00fablica estatal por parte funcionarios del gobierno de Cuitl\u00e1huac Garc\u00eda&#8230; De que las presionan laboralmente para que realicen acciones en contra de personajes que critican a su gobierno&#8230;<\/p>\n<p>Con ello se sentar\u00e1 un precedente en Veracruz y el pa\u00eds.. De que algunos elementos incrustados en mandos de las oficinas p\u00fablicas&#8230; Est\u00e1n violando las garant\u00edas individuales de las mujeres, acos\u00e1ndolas y sobre todo ejerciendo violencia de g\u00e9nero&#8230; De un gobierno que es emanado de la izquierda mexicana&#8230; Y que se supone era respetuoso de los derechos humanos&#8230; No cabe duda, que en pol\u00edtica nada es lo que parece&#8230; AMEN.. \u00bfQui\u00e9nes ser\u00e1n los denunciados?&#8230;<\/p>\n<p>CUITL\u00c1HUAC Y \u00abEL CORONAVIRUS\u00bb&#8230; Entre los selectos grupos de c\u00edrculos m\u00e9dicos en Veracruz puerto y Boca del R\u00edo&#8230; Se est\u00e1 escuchando un rumor que de comprobar su veracidad estar\u00eda canijo el tema&#8230; Y es que todo parece indicar, PRESUNTAMENTE, que hay una posibilidad de que este virus del Coronavirus tan famoso mundialmente se encuentre presente en esta entidad&#8230; Y lo peor, es que la enfermedad la porta un familiar muy cercano al gobernador, Cuitl\u00e1huac Garc\u00eda&#8230; As\u00ed como la leen&#8230;. Pa suerte, si es que es verdad&#8230;<\/p>\n<p>Un prestigiado doctor y muy querido en esta regi\u00f3n&#8230; Cont\u00f3 que esta persona, que parece ser es de los familiares cercanos al gober jarocho&#8230; Contrajo esta enfermedad en Europa&#8230; En viaje que acaba de realizar al viejo continente en semanas pasadas. por su actividad profesional y que a su regreso a Veracruz&#8230; Presuntamente present\u00f3 los s\u00edntomas que se sienten cuando se contrae esta enfermedad que es mortal en China y que fue, se supone, trasmitida por el murci\u00e9lago&#8230;<\/p>\n<p>Finalmente antes de echar andar las \u00abalarmas\u00bb hay que comprobar la veracidad de la noticia, que se viene repitiendo desde hace varios d\u00edas dentro de estos c\u00edrculos selectos de los galenos&#8230; Nada m\u00e1s imaginen que sea cierto&#8230; Y que un familiar del gobernador de Veracruz sea la que contrajo el virus y lo trajo a Veracruz&#8230; Ojal\u00e1 todo sea un falso rumor y quede como un fuerte resfriado y que su familia guarde salud&#8230; Ser\u00eda el colmo de los males&#8230; Entre el subejercicio de recursos, la violencia, recesi\u00f3n econ\u00f3mica y el coravirus&#8230; Pa pinche suerte&#8230;. ZUCUTUM&#8230;<\/p>\n<p>LA BURLA&#8230; Lo sucedido la semana pasada en temas de la violencia que se presentaron en los municipios de Isla y Cosamaloapan&#8230; Los cuales puso a la regi\u00f3n al \u00abrojo vivo\u00bb&#8230; Parece una BURLA para los gobernadores de Veracruz y Oaxaca, Cuitl\u00e1huac Garc\u00eda y Alejandro Murat, respectivamente, que firmaron un BLINDAJE DE SEGURIDAD para sus fronteras estatales&#8230; Dejando muy mal parado al veracruzano m\u00e1s que al propio oaxaque\u00f1o, ya que el segundo es parte de la \u00abMafia en el Poder\u00bb&#8230; Ja Ja Ja&#8230;. Y el primero se supone de la 4T&#8230; As\u00ed de f\u00e1cil&#8230;<\/p>\n<p>Ya que estos dos casos han evidenciado tambi\u00e9n a funcionarios estatales veracruzanos&#8230; Que no saben que hacer con una crisis de violencia cuando se les presenta en una regi\u00f3n de la entidad&#8230; Y acusan que TODOS los periodistas (porque no especificaron qui\u00e9n si o qui\u00e9n no) son \u00abreclutados\u00bb por los grupos ilegales para difundir sus acciones&#8230; Pero adem\u00e1s evidencian que el gobierno de Cuitl\u00e1huac no tiene una polic\u00eda que de garant\u00edas individuales, no s\u00f3lo de la prensa, sino de la sociedad en general&#8230;<\/p>\n<p>Lo que debi\u00f3 hacer Cuitl\u00e1huac Garc\u00eda antes de cualquier firma para un \u00abblindaje\u00bb en seguridad&#8230; Es haber ido a dar una vuelta por Yucat\u00e1n y pedirle al gobernador, Mauricio Vila, que le diera unas \u00abclases\u00bb sobre el tema&#8230; Y pedirle una disculpa por haberle \u00abgrillado\u00bb de que Yucat\u00e1n privaba una \u00abola\u00bb de violencia&#8230; Ja Ja Ja&#8230; Pero bueno decidieron hacerlo as\u00ed, s\u00f3lo para \u00absacarse la foto\u00bb y despu\u00e9s ir a REZAR a la Iglesia de Otatitlan para que el \u00abCristo Negro\u00bb los protegiera y les saliera bien el asunto&#8230; Y PUM que le revienta Cosamaloapan&#8230;<\/p>\n<p>Lo que quiz\u00e1s tampoco el Gober veracruzano no analiz\u00f3 a tiempo o su equipo no le avis\u00f3 porque no se dio cuenta&#8230; Es que a diferencia de \u00e9l, su hom\u00f3logo oaxaque\u00f1o (ese que pertenece a la -Mafia del Poder-) tiene un \u00abPap\u00ed\u00bb que ya fue gobernador, Jos\u00e9 Murat, de la \u00abvieja guardia\u00bb que sabe como \u00abmover el pandero\u00bb para mantener a un Estado en calma aun con todo y grupo ilegal que pueda operar en su territorio&#8230; Mientras que \u00abTata-Nacho\u00bb, pues, s\u00f3lo fue diputado local y de los movimientos de izquierda&#8230; El que entendi\u00f3, entendi\u00f3&#8230;<\/p>\n<p>As\u00ed que por eso y muchas cosas m\u00e1s&#8230; No se pueden esperar buenos resultados del \u00abBlindaje\u00bb, al menos del lado de Veracruz, ya que estos grupos que operan fuera de la ley&#8230; Se ve que van a traer al gobierno de la 4T \u00abjarocha\u00bb a \u00abmecate corto\u00bb&#8230; Aprovechando la inexperiencia que tiene este personaje en el ejercicio p\u00fablico y pol\u00edtico&#8230; Por eso, los desmanes son en Veracruz, no en Oaxaca&#8230; Eso es evidente&#8230; Y en pol\u00edtica como en el ejercicio de gobierno, las casualidades no existen&#8230; Y eso \u00abpap\u00ed\u00bb Murat lo sabe y bien&#8230;<\/p>\n<p>Y peor aun&#8230; Como se ha dado la imagen hac\u00eda fuera del Estado&#8230; De que nadie respeta a la administraci\u00f3n p\u00fablica estatal en estos momentos&#8230; Se puede tornar f\u00e1cil para estos grupos fuera de la ley abocarse a ponerse al t\u00fa por t\u00fa&#8230; Al final, el problema de Cuitl\u00e1huac es que Andr\u00e9s Manuel L\u00f3pez Obrador&#8230; Ya no lo puede defender tan tranquilamente porque el gobierno federal de MORENA ya tiene demasiados problemas&#8230; En pocas palabras&#8230; \u00abA rascarse con sus propias u\u00f1as\u00bb&#8230; ES CUANTO&#8230;<\/p>\n","protected":false},"excerpt":{"rendered":"<p>Ricardo Ch\u00faa Sale y Vale OJO&#8230; Esta semana grupos feministas en Veracruz har\u00e1n el anuncio que interpondr\u00e1n denuncias ante sectores de la sociedad civil y organismos internacionales.. Ya que en los de M\u00e9xico no conf\u00edan por estar ligados a MORENA y gobierno federal&#8230; Del acoso del cual est\u00e1n siendo objeto mujeres que prestan sus servicios [&hellip;]<\/p>\n","protected":false},"author":2,"featured_media":50893,"comment_status":"open","ping_status":"open","sticky":false,"template":"","format":"standard","meta":{"_jetpack_newsletter_access":"","_jetpack_dont_email_post_to_subs":false,"_jetpack_newsletter_tier_id":0,"_jetpack_memberships_contains_paywalled_content":false,"_jetpack_memberships_contains_paid_content":false,"footnotes":""},"categories":[70],"tags":[811,16264,1563,1026,13604,195],"class_list":["post-52640","post","type-post","status-publish","format-standard","has-post-thumbnail","hentry","category-de-opinion","tag-china","tag-coronavirus","tag-cuitlahuac-garcia-jimenez","tag-morena","tag-ricardo-chua","tag-veracruz"],"jetpack_featured_media_url":"https:\/\/lospoliticosveracruz.com.mx\/wp-content\/uploads\/2019\/11\/Cuic2.jpg","jetpack_sharing_enabled":true,"jetpack_shortlink":"https:\/\/wp.me\/p4Qcd3-dH2","_links":{"self":[{"href":"https:\/\/lospoliticosveracruz.com.mx\/index.php?rest_route=\/wp\/v2\/posts\/52640","targetHints":{"allow":["GET"]}}],"collection":[{"href":"https:\/\/lospoliticosveracruz.com.mx\/index.php?rest_route=\/wp\/v2\/posts"}],"about":[{"href":"https:\/\/lospoliticosveracruz.com.mx\/index.php?rest_route=\/wp\/v2\/types\/post"}],"author":[{"embeddable":true,"href":"https:\/\/lospoliticosveracruz.com.mx\/index.php?rest_route=\/wp\/v2\/users\/2"}],"replies":[{"embeddable":true,"href":"https:\/\/lospoliticosveracruz.com.mx\/index.php?rest_route=%2Fwp%2Fv2%2Fcomments&post=52640"}],"version-history":[{"count":1,"href":"https:\/\/lospoliticosveracruz.com.mx\/index.php?rest_route=\/wp\/v2\/posts\/52640\/revisions"}],"predecessor-version":[{"id":52641,"href":"https:\/\/lospoliticosveracruz.com.mx\/index.php?rest_route=\/wp\/v2\/posts\/52640\/revisions\/52641"}],"wp:featuredmedia":[{"embeddable":true,"href":"https:\/\/lospoliticosveracruz.com.mx\/index.php?rest_route=\/wp\/v2\/media\/50893"}],"wp:attachment":[{"href":"https:\/\/lospoliticosveracruz.com.mx\/index.php?rest_route=%2Fwp%2Fv2%2Fmedia&parent=52640"}],"wp:term":[{"taxonomy":"category","embeddable":true,"href":"https:\/\/lospoliticosveracruz.com.mx\/index.php?rest_route=%2Fwp%2Fv2%2Fcategories&post=52640"},{"taxonomy":"post_tag","embeddable":true,"href":"https:\/\/lospoliticosveracruz.com.mx\/index.php?rest_route=%2Fwp%2Fv2%2Ftags&post=52640"}],"curies":[{"name":"wp","href":"https:\/\/api.w.org\/{rel}","templated":true}]}}