{"id":52642,"date":"2020-02-17T11:05:33","date_gmt":"2020-02-17T17:05:33","guid":{"rendered":"http:\/\/www.lospoliticosveracruz.com.mx\/?p=52642"},"modified":"2020-02-17T11:05:33","modified_gmt":"2020-02-17T17:05:33","slug":"perder-la-vida-y-movilidad-urbana","status":"publish","type":"post","link":"https:\/\/lospoliticosveracruz.com.mx\/?p=52642","title":{"rendered":"Perder la vida&#8230; y movilidad urbana"},"content":{"rendered":"<p><strong>Rafael Arias Hern\u00e1ndez<\/strong><\/p>\n<p>\u201cAqu\u00ed se arriesga la vida, y se respeta al que gana\u2026!<\/p>\n<p>Inocultable el homicidio persiste y los muertos aumentan. M\u00e1s de 35 mil sacrificados al a\u00f1o ya colocan a los mexicanos en indeseable fama mundial; y eso que no se toman en cuenta, desaparecidos y no denunciados.<\/p>\n<p>De muchas formas, la inseguridad p\u00fablica aumenta, afecta y est\u00e1 presente ocasionando da\u00f1os, p\u00e9rdidas y v\u00edctimas. Desalienta la paz social, la convivencia civilizada e incrementa la incertidumbre. Las consecuencias se hacen sentir; entre otras, se \u00a0frena o aminora el desarrollo econ\u00f3mico y social; y el gobierno pierde credibilidad y confianza.<\/p>\n<p>La cuesti\u00f3n simple, sencilla y directa es que esta lamentable situaci\u00f3n de vida o muerte, no puede ni debe ocultarse o negarse, haciendo evidente su car\u00e1cter prioritario y obligatorio, de los que dicen gobernar o ser servidores p\u00fablicos responsables.<\/p>\n<p>M\u00e1s r\u00e1pido y evidente de lo que se pretende ocultar o distraer, se sabe y comprueba si no pueden, si resulta perjudicial su incapacidad, presencia y desempe\u00f1o.<\/p>\n<p>Sin excusas, ni pretextos; sin simulaci\u00f3n ni \u00a0evasivas o disculpas. Estado y todo tipo de gobierno, est\u00e1n ineludiblemente obligados a asegurar, sostener y mejorar la seguridad de la vida y patrimonio de las personas.<\/p>\n<p>En un\u00a0 contexto m\u00e1s amplio, es necesario y oportuno advertir y se\u00f1alar, que\u00a0 tambi\u00e9n perturban y aquejan otras situaciones o formas de sucumbir, salir herido o lastimado; formas en las que se extingue la vida poco a poco, en largas esperas, en obligadas p\u00e9rdidas de tiempo.<\/p>\n<p>Otros miles y miles m\u00e1s, tambi\u00e9n pierden la oportunidad de vivir, o pasan de mal o en peor,\u00a0 porque no cuentan con servicio m\u00e9dico oportuno y apropiado; porque no pueden adquirir los medicamentos; o porque los necesarios tratamientos son inaccesibles.<\/p>\n<p>Y desde luego. Hay tambi\u00e9n millones que se mueren de hambre, o padecen los efectos de una mala o nula alimentaci\u00f3n, nutritiva y puntual.<\/p>\n<p>El caso es que, nadie duda, que todo esfuerzo por sobrevivir, individual o colectivo, es constante y requiere de conocimientos, disciplina, atenci\u00f3n y cuidado.<\/p>\n<p>Desde otro enfoque, puede decirse breve y r\u00e1pidamente, que sobrevivir, exige\u00a0 ganar tiempo, en toda situaci\u00f3n (sobre todo de peligro) y asegurar las condiciones apropiadas, para seguir en la gran experiencia existencial.<\/p>\n<p>Morir es simplemente acabar, para siempre,\u00a0 tiempo\u00a0 y oportunidades.<\/p>\n<p>Importante destacar, que tambi\u00e9n hay otras formas que exigen atenci\u00f3n; como aquellas en las que \u00a0se pierde la vida poco a poco, en una rutina que aplasta, condiciona y limita hasta volverse pr\u00e1ctica o costumbre; y tambi\u00e9n las hay, \u00a0que puede ser, imprevistas o accidentales.<\/p>\n<p>El caso es que la experiencia de vivir, es finita y limitada, con principio y fin, porque tiene un tiempo m\u00e1ximo que tarde o temprano concluye o termina; por lo que hay que aprovecharlo, hasta el \u00faltimo momento. No dilapidarlo, malgastarlo o perderlo,<\/p>\n<p><strong>EN XALAPA SE PIERDE LA VIDA\u2026O UNA PARTE<\/strong><\/p>\n<p>Breve y r\u00e1pido, oportuno comentar que como en muchas otras urbes, miles y miles de habitantes tienen que padecer da\u00f1os y consecuencias, de los ya frecuentes embotellamientos viales, por congesti\u00f3n vehicular, bloqueos del tr\u00e1fico, y las largas p\u00e9rdidas de tiempo, en espera de que\u00a0 se resuelva la lenta y desordenada inmovilizaci\u00f3n.<\/p>\n<p>\u00bfNos hemos preguntado cuanto tiempo se pierde en estas m\u00faltiples formas de congestionamiento y par\u00e1lisis de comunicaci\u00f3n y transporte cotidianos?<\/p>\n<p>Una estimaci\u00f3n conservadora, de c\u00f3mo se dilapida parte de la vida, \u00a0permite se\u00f1alar que el problema crece y se complica a ciertas horas y en lugares de confluencia o aumento de circulaci\u00f3n, al grado tal que\u00a0 miles y miles de personas, sobre todo los que entre semana, van y vienen a sus centros de trabajo, a los de atenci\u00f3n y obtenci\u00f3n de servicios, o a los de acopio y mercado, pierden cotidianamente entre el 15 y 20% de su vida activa potencial; esto es, desperdician de hora y media, hasta m\u00e1s de dos, de sus 12 horas disponibles diariamente.<\/p>\n<p>Cifras que, acumuladas dan una idea m\u00e1s clara de c\u00f3mo se fuerza, a malgastar y perder tiempo en obligadas, agotadoras y conflictivas\u00a0 esperas. \u00bfEstamos obligados a perder parte de la vida, por la falta de viabilidad?<\/p>\n<p>Ciertamente el problema no es f\u00e1cil y r\u00e1pido de atender. Las deformaciones de la vialidad urbana y regional son acumulativas y, si no se hace nada, lo \u00fanico seguro es que empeoran.<\/p>\n<p>M\u00e1s cuando se tienen factores de alta influencia, como la creciente presencia de un parque vehicular que inunda y obstruye las supuestas vialidades.<\/p>\n<p>De ah\u00ed que llaman la atenci\u00f3n informaciones y opiniones al respecto. Como la publicada recientemente, de Juan Jos\u00e9 Beltr\u00e1n Valdez, profesional dedicado al fomento de la cultura vial:<\/p>\n<p>\u201cEl Municipio de Xalapa est\u00e1 ubicado en el segundo lugar nacional por el n\u00famero de veh\u00edculos per c\u00e1pita, desde hace un a\u00f1o y medio, solo superado por el municipio de San Nicol\u00e1s de los Garza, Nuevo Le\u00f3n, que ocupa el primer lugar nacional y un lugar arriba de la Ciudad de M\u00e9xico, que se ubica en el tercer lugar\u2026Tenemos un severo problema de vialidad en la ciudad de Xalapa. Todos somos responsables de ese problema y todos debemos poner un granito de arena para solucionar dicha situaci\u00f3n\u2026\u201d (BillieParkerNoticias.150220)<\/p>\n<p>Por lo pronto, como en muchos otros lugares, en la supuesta \u201cAtenas veracruzana\u201d, donde abundan los que piensan,\u00a0 circulan m\u00e1s veh\u00edculos per c\u00e1pita que en la Ciudad de M\u00e9xico, acentuando la lenta y perjudicial falta de buena movilidad, que causa m\u00faltiples p\u00e9rdidas. En todo caso, vale la pena preguntar y preguntarnos:<\/p>\n<p>\u00bfQu\u00e9 debemos hacer, si el problema de vialidad crece y se complica en el entorno que habitamos?<\/p>\n<p>Permitir y soportar perder la vida,\u00a0 poco a poquito\u2026total, como dice la canci\u00f3n, \u201cla vida no vale nada\u201d<\/p>\n<p>Importante informarse, conocer, participar\u00a0 y apoyar esfuerzos\u2026<\/p>\n<p>MAS SOBRE XALAPA\u2026<\/p>\n<h1>Recomendable lectura, la reciente publicaci\u00f3n literaria de Edgar \u00c1vila, reconocido periodista que incursiona y aporta su esfuerzo art\u00edstico y cr\u00edtica social, en \u201cLa bestia faldera\u201d, en la que entre otros temas, habla de prostituci\u00f3n femenina y sus proxenetas o \u201cpadrotes\u201d, en una Xalapa que\u2026.continuar\u00e1.<\/h1>\n<h1><\/h1>\n<p>-Acad\u00e9mico. IIESESUV \u00a0Twitter@RafaelAriasH, Facebook:Veracruz HoydeRafaelAriasH<\/p>\n<h1><\/h1>\n<p>&nbsp;<\/p>\n","protected":false},"excerpt":{"rendered":"<p>Rafael Arias Hern\u00e1ndez \u201cAqu\u00ed se arriesga la vida, y se respeta al que gana\u2026! Inocultable el homicidio persiste y los muertos aumentan. M\u00e1s de 35 mil sacrificados al a\u00f1o ya colocan a los mexicanos en indeseable fama mundial; y eso que no se toman en cuenta, desaparecidos y no denunciados. De muchas formas, la inseguridad [&hellip;]<\/p>\n","protected":false},"author":2,"featured_media":0,"comment_status":"open","ping_status":"open","sticky":false,"template":"","format":"standard","meta":{"_jetpack_newsletter_access":"","_jetpack_dont_email_post_to_subs":false,"_jetpack_newsletter_tier_id":0,"_jetpack_memberships_contains_paywalled_content":false,"_jetpack_memberships_contains_paid_content":false,"footnotes":""},"categories":[70],"tags":[16529,3081,16528,9072,3690,8032,96],"class_list":["post-52642","post","type-post","status-publish","format-standard","hentry","category-de-opinion","tag-congestion-vehicular","tag-desarrollo-economico","tag-embotellamientos-viales","tag-homicidio","tag-movilidad-urbana","tag-rafael-arias-hernandez","tag-xalapa"],"jetpack_featured_media_url":"","jetpack_sharing_enabled":true,"jetpack_shortlink":"https:\/\/wp.me\/p4Qcd3-dH4","_links":{"self":[{"href":"https:\/\/lospoliticosveracruz.com.mx\/index.php?rest_route=\/wp\/v2\/posts\/52642","targetHints":{"allow":["GET"]}}],"collection":[{"href":"https:\/\/lospoliticosveracruz.com.mx\/index.php?rest_route=\/wp\/v2\/posts"}],"about":[{"href":"https:\/\/lospoliticosveracruz.com.mx\/index.php?rest_route=\/wp\/v2\/types\/post"}],"author":[{"embeddable":true,"href":"https:\/\/lospoliticosveracruz.com.mx\/index.php?rest_route=\/wp\/v2\/users\/2"}],"replies":[{"embeddable":true,"href":"https:\/\/lospoliticosveracruz.com.mx\/index.php?rest_route=%2Fwp%2Fv2%2Fcomments&post=52642"}],"version-history":[{"count":1,"href":"https:\/\/lospoliticosveracruz.com.mx\/index.php?rest_route=\/wp\/v2\/posts\/52642\/revisions"}],"predecessor-version":[{"id":52644,"href":"https:\/\/lospoliticosveracruz.com.mx\/index.php?rest_route=\/wp\/v2\/posts\/52642\/revisions\/52644"}],"wp:attachment":[{"href":"https:\/\/lospoliticosveracruz.com.mx\/index.php?rest_route=%2Fwp%2Fv2%2Fmedia&parent=52642"}],"wp:term":[{"taxonomy":"category","embeddable":true,"href":"https:\/\/lospoliticosveracruz.com.mx\/index.php?rest_route=%2Fwp%2Fv2%2Fcategories&post=52642"},{"taxonomy":"post_tag","embeddable":true,"href":"https:\/\/lospoliticosveracruz.com.mx\/index.php?rest_route=%2Fwp%2Fv2%2Ftags&post=52642"}],"curies":[{"name":"wp","href":"https:\/\/api.w.org\/{rel}","templated":true}]}}