{"id":52659,"date":"2020-02-17T19:56:49","date_gmt":"2020-02-18T01:56:49","guid":{"rendered":"http:\/\/www.lospoliticosveracruz.com.mx\/?p=52659"},"modified":"2020-02-17T19:56:49","modified_gmt":"2020-02-18T01:56:49","slug":"los-ninos-no-no-no-por-favor","status":"publish","type":"post","link":"https:\/\/lospoliticosveracruz.com.mx\/?p=52659","title":{"rendered":"\u00a1Los ni\u00f1os NO, NO, NO! \u00a1Por favor!"},"content":{"rendered":"<p><strong>Ricardo V\u00e1zquez S.<\/strong><br \/>\n<em>Esfera Pol\u00edtica<\/em><br \/>\nLa reacci\u00f3n de Mar\u00eda Magdalena, madre de la peque\u00f1a F\u00e1tima encontrada desnuda y sin vida en la alcald\u00eda Tl\u00e1huac el s\u00e1bado pasado,\u00a0 no es para menos. La mam\u00e1 de la ni\u00f1a no quiso hablar con Claudia Sheinbaum, jefa de Gobierno; menos acept\u00f3 dialogar con la fiscal capitalina Ernestina Godoy. Las autoridades de CDMX hicieron lo que no se deb\u00eda hacer. Adem\u00e1s de que no activaron el protocolo de b\u00fasqueda, en lugar de eso se ocuparon de esparcir la versi\u00f3n de que los padres de F\u00e1tima tienen problemas mentales.<br \/>\nEn el supuesto de que en verdad sufran alg\u00fan padecimiento de tal naturaleza:<br \/>\n\u00bfAcaso por esa raz\u00f3n era de menor importancia la vida de F\u00e1tima?<br \/>\nSe ha convertido en una tradici\u00f3n mexicana, una m\u00e1s, de lo absurdo en extremo: que no se active el\u00a0 protocolo de b\u00fasqueda de una persona, pero que una vez que por desgracia se localiza el cad\u00e1ver, se activa el protocolo de feminicidio. Tal y como sucedi\u00f3 en este caso.<br \/>\nLa grave violencia que azota con toda la fuerza nuestro pa\u00eds, ha rebasado los l\u00edmites imaginados. Ha tocado las fibras m\u00e1s sensibles de la poblaci\u00f3n, con los asesinatos de peque\u00f1os inocentes, en diferentes circunstancias: masacre, secuestro, o cualquier otro tipo de brutalidad.<br \/>\nDelincuentes y criminales continuan recibiendo mensajes de aliento, de complacencias. Adem\u00e1s de los abrazos, se repite una vez m\u00e1s: \u201cLos delincuentes son seres humanos que merecen nuestro respeto\u201d, dijo el presidente L\u00f3pez Obrador este domingo en Tepatitl\u00e1n, Jalisco. No se niega esa aseveraci\u00f3n de que son seres humanos. Pero ante esto:<br \/>\n\u00bfD\u00f3nde qued\u00f3 la vida de tanta gente inocente que ha perdido la vida en manos de los criminales que merecen respeto?<br \/>\nLamentablemente la violencia no es lo \u00fanico que est\u00e1 acabando con la existencia de los infantes. El desabasto de medicamentos en los hospitales p\u00fablicos se ha hecho cotidiano, comenzando por la falta de quimioterapias.<br \/>\nLo m\u00e1s triste es que cuando un ni\u00f1o entra en etapa terminal por enfermedad, no haya siquiera medicamentos para mitigar un poco el enorme dolor que est\u00e1 enfrentando el paciente.<br \/>\nLa disponibilidad de los cuidados paliativos en todo el mundo ha hecho que sea raro morir con dolor. Raro que ni\u00f1os, j\u00f3venes y adultos mueran con dolor en otras naciones; en M\u00e9xico ya no es raro.<br \/>\nLa falta de paliativos para ni\u00f1os en fase terminal enfrentan momentos monstruosos, de gritar o no poder hacerlo, de intentar levantarse de la cama. Es posible que sus m\u00fasculos se crispen o contraigan. Su cuerpo puede parecer sometido a un tormento. En lugar de tener una muerte digna, tranquila, en paz. Que esto no es nuevo, no lo es, pero se ha venido agudizando.<br \/>\nSe acaba de dar a conocer que en M\u00e9xico 20 mil ni\u00f1os viven con una enfermedad terminal, en su mayor\u00eda por alg\u00fan tipo de c\u00e1ncer, de los cuales el 80 por ciento no tienen acceso a f\u00e1rmacos, para cuidados paliativos, por la falta de presentaciones pedi\u00e1tricas. En muchos casos se les da de alta porque no existen condiciones en los hospitales para que mueran sin dolor.<br \/>\nExcusas, reparto de culpas al pasado, y justificaciones, son la respuesta diaria a todo lo que est\u00e1 ocurriendo. Es horrendo lo que est\u00e1 sucediendo. Que para los de la 4T no existe preocupaci\u00f3n alguna, porque para eso est\u00e1n los hospitales M\u00e9dica Sur, ABC, o en Houston, como se han venido mostrando en fechas recientes los llamados \u201causteros republicanos\u201d. \u00a1Socialistas de caviar!<br \/>\nLa respuesta que entre dolor y furia di\u00f3 Mar\u00eda Magdalena -madre de F\u00e1tima- a Claudia Sheinbaum: \u201cNo estoy loca. Cada una de ustedes que se burle, ma\u00f1ana puede ser sus hijas.\u201d<br \/>\nUna vez m\u00e1s. Lo anterior nos lleva a recordar aquel serm\u00f3n expresado, lo que posteriormente se convirti\u00f3 en un poema, -hasta donde se sabe- desde un p\u00falpito alem\u00e1n en un d\u00eda de Semana Santa en el siglo XVIII, por el pastor luterano Martin Niem\u00f6ller:<br \/>\n\u00abPrimero vinieron por los socialistas, y yo no dije nada,<br \/>\nporque yo no era socialista.<br \/>\nLuego vinieron por los sindicalistas, y yo no dije nada,<br \/>\nporque yo no era sindicalista.<br \/>\nLuego vinieron por los jud\u00edos, y yo no dije nada,<br \/>\nporque yo no era jud\u00edo.<br \/>\nLuego vinieron por m\u00ed, y no qued\u00f3 nadie para hablar por m\u00ed.\u00bb<\/p>\n<p><a href=\"mailto:rvazquez002@yahoo.com.mx\" target=\"_blank\">rvazquez002@yahoo.com.mx<\/a><\/p>\n","protected":false},"excerpt":{"rendered":"<p>Ricardo V\u00e1zquez S. Esfera Pol\u00edtica La reacci\u00f3n de Mar\u00eda Magdalena, madre de la peque\u00f1a F\u00e1tima encontrada desnuda y sin vida en la alcald\u00eda Tl\u00e1huac el s\u00e1bado pasado,\u00a0 no es para menos. La mam\u00e1 de la ni\u00f1a no quiso hablar con Claudia Sheinbaum, jefa de Gobierno; menos acept\u00f3 dialogar con la fiscal capitalina Ernestina Godoy. Las [&hellip;]<\/p>\n","protected":false},"author":2,"featured_media":0,"comment_status":"open","ping_status":"open","sticky":false,"template":"","format":"standard","meta":{"_jetpack_newsletter_access":"","_jetpack_dont_email_post_to_subs":false,"_jetpack_newsletter_tier_id":0,"_jetpack_memberships_contains_paywalled_content":false,"_jetpack_memberships_contains_paid_content":false,"footnotes":""},"categories":[70],"tags":[9627,16541,16540,16128,16542,10876],"class_list":["post-52659","post","type-post","status-publish","format-standard","hentry","category-de-opinion","tag-claudia-sheinbaum","tag-ernestina-godoy","tag-fatima","tag-maria-magdalena","tag-ricardo-vazquez-s","tag-tlahuac"],"jetpack_featured_media_url":"","jetpack_sharing_enabled":true,"jetpack_shortlink":"https:\/\/wp.me\/p4Qcd3-dHl","_links":{"self":[{"href":"https:\/\/lospoliticosveracruz.com.mx\/index.php?rest_route=\/wp\/v2\/posts\/52659","targetHints":{"allow":["GET"]}}],"collection":[{"href":"https:\/\/lospoliticosveracruz.com.mx\/index.php?rest_route=\/wp\/v2\/posts"}],"about":[{"href":"https:\/\/lospoliticosveracruz.com.mx\/index.php?rest_route=\/wp\/v2\/types\/post"}],"author":[{"embeddable":true,"href":"https:\/\/lospoliticosveracruz.com.mx\/index.php?rest_route=\/wp\/v2\/users\/2"}],"replies":[{"embeddable":true,"href":"https:\/\/lospoliticosveracruz.com.mx\/index.php?rest_route=%2Fwp%2Fv2%2Fcomments&post=52659"}],"version-history":[{"count":1,"href":"https:\/\/lospoliticosveracruz.com.mx\/index.php?rest_route=\/wp\/v2\/posts\/52659\/revisions"}],"predecessor-version":[{"id":52661,"href":"https:\/\/lospoliticosveracruz.com.mx\/index.php?rest_route=\/wp\/v2\/posts\/52659\/revisions\/52661"}],"wp:attachment":[{"href":"https:\/\/lospoliticosveracruz.com.mx\/index.php?rest_route=%2Fwp%2Fv2%2Fmedia&parent=52659"}],"wp:term":[{"taxonomy":"category","embeddable":true,"href":"https:\/\/lospoliticosveracruz.com.mx\/index.php?rest_route=%2Fwp%2Fv2%2Fcategories&post=52659"},{"taxonomy":"post_tag","embeddable":true,"href":"https:\/\/lospoliticosveracruz.com.mx\/index.php?rest_route=%2Fwp%2Fv2%2Ftags&post=52659"}],"curies":[{"name":"wp","href":"https:\/\/api.w.org\/{rel}","templated":true}]}}