{"id":52671,"date":"2020-02-18T09:07:37","date_gmt":"2020-02-18T15:07:37","guid":{"rendered":"http:\/\/www.lospoliticosveracruz.com.mx\/?p=52671"},"modified":"2020-02-18T09:07:37","modified_gmt":"2020-02-18T15:07:37","slug":"mensaje-a-cuic","status":"publish","type":"post","link":"https:\/\/lospoliticosveracruz.com.mx\/?p=52671","title":{"rendered":"Mensaje a Cuic"},"content":{"rendered":"<p><strong>Ricardo Ch\u00faa<\/strong><\/p>\n<p><em>Sale y Vale<\/em><\/p>\n<p>OJO CUITL\u00c1HUAC&#8230; Vaya mensaje que la sociedad veracruzana le manda al gobierno estatal de Veracruz sobre los actos violentos que se viven en la entidad&#8230; Si no lo capta a tiempo y se pone a trabajar en un mejor esquema de seguridad&#8230; Ese mill\u00f3n 600 mil votos que recibieron en junio del 2018&#8230;. En 2021 puede ser revertido de manera directa porque la ciudadan\u00eda en general, no los neoliberales, conservadores, yunistas, duartistas o fidelistas, son los que hacen el reclamo&#8230; NO.. Es el pueblo \u00abbueno y sabio\u00bb que ya les est\u00e1 \u00abhasta la madre\u00bb&#8230;<\/p>\n<p>El ejemplo m\u00e1s claro es que donde se para Cuitl\u00e1huac Garc\u00eda los reclamos a su gobierno, se lo hacen las personas afectadas por la violencia y que ven, que no se hace nada para abatirla o hacerles justicia&#8230; Y as\u00ed no se puede&#8230; Ayer fue Coatzacoalcos donde le se\u00f1alaron que simplemente su administraci\u00f3n se olvido de la masacre del Bar \u00abCaballo Blanco\u00bb y fueron los familiares quienes le reclamaron&#8230; No un partido pol\u00edtico, no un \u00abfif\u00ed\u00bb sino una persona que perdi\u00f3 a un familiar en ese lugar&#8230; Y s\u00f3lo pidi\u00f3 justicia&#8230;<\/p>\n<p>Lo grave tambi\u00e9n es que a donde se para el Gobernador en Veracruz&#8230; Lo dejan s\u00f3lo&#8230; Lo \u00abarropan\u00bb la gente que lleva en la comitiva (que tampoco son muchas) o las pocas personas que acuden al evento&#8230; No lo saludan, no lo toman en cuenta, se pasan de largo&#8230; Pa qu\u00e9&#8230; Si la sociedad no ve beneficios en lo productivo, econ\u00f3mico o seguridad&#8230; Le sucedi\u00f3 el s\u00e1bado en Soledad de Doblado, que camin\u00f3 por las calles y fueron contadas las personas que se acercaron y los que lo hicieron fue para reclamar&#8230; No para desearle buenas tardes&#8230;<\/p>\n<p>Ya le hab\u00eda ocurrido a Cuitl\u00e1huac lo mismo un viernes por la noche en la sede de la USBI en Xalapa&#8230; Si esos mensaje no los entiende \u00e9l como gobernante o su equipo de estrategia pol\u00edtica&#8230; Que la ciudadan\u00eda no lo est\u00e1 viendo ya como la opci\u00f3n que se present\u00f3 hace dos a\u00f1os con el discurso del \u00abcambio\u00bb esperado en Veracruz, entonces, LA LECTURA que la SOCIEDAD dar\u00e1 a la administraci\u00f3n de Cuitl\u00e1huac, ser\u00e1 que como gobierno \u00abel fraude es el mismo&#8230; S\u00f3lo cambiaron de traje\u00bb a MORENA&#8230; CONSUMATUM EST&#8230;<\/p>\n<p>EL DESD\u00c9N A ALITO&#8230; Hace 10 d\u00edas&#8230; En Oaxaca hubo una reuni\u00f3n de diputados locales priistas del pa\u00eds&#8230; Acudieron a esa cita alrededor de 100 legisladores estatales a esa entidad&#8230; Ah\u00ed los recibi\u00f3 el muy mencionado \u00faltimamente en Veracruz, gobernador oaxque\u00f1o, Alejandro Murat&#8230; Que en su pl\u00e1tica con diputados record\u00f3 que hace una d\u00e9cada su pap\u00e1 (Jos\u00e9 Murat) y el veracruzano, Fidel Herrera Beltr\u00e1n construyeron el \u00abbloque\u00bb priista m\u00e1s fuerte en la historia del sur del pa\u00eds&#8230; Que permiti\u00f3 el triunfo de Pe\u00f1a Nieto en 2012&#8230;<\/p>\n<p>En esa charla estaban el gobernador y los legisladores recordando haza\u00f1as del pap\u00e1, de Fidel y Mario Mar\u00edn y de esos priistas&#8230; Miembros de la \u00abMafia del Poder\u00bb pero efectivos en el ejercicio de gobierno&#8230; Cuando hizo su arribo el dirigente nacional priista, Alejandro Moreno C\u00e1rdenas, mejor conocido como \u00abAlito\u00bb&#8230; Ah\u00ed era concordia y saludos&#8230; Pero todo empez\u00f3 a cambiar cuando el ex gobernador de Campeche hizo que pusieran un v\u00eddeo antes de su discurso a diputados locales&#8230; Ah\u00ed todo se descompuso&#8230;<\/p>\n<p>En ese v\u00eddeo sal\u00eda el campechano con el Presidente de M\u00e9xico, Andr\u00e9s Manuel L\u00f3pez Obrador.. Hablando de los logros y cambios del PRI con el nuevo gobierno&#8230; Para qu\u00e9 lo hizo&#8230; El rostro del joven Murat mostr\u00f3 molestia y no pudo hacer nada cuando algunos diputados locales empezaron a salirse del recinto e irse a su hotel, hacer sus maletas y regresarse a su Estado&#8230; Mentando injurias porque se\u00f1alaban que el l\u00edder nacional priista estaba dando entender que en 2021 la alianza ser\u00eda con MORENA, no con el PAN&#8230; Un PRIMOR&#8230;<\/p>\n<p>Estos diputados echaban \u00abpestes\u00bb porque muchos en su entidad estaban siendo \u00abpresionados\u00bb por MORENA y no los dejaban actuar como oposici\u00f3n&#8230; As\u00ed que lo de \u00abAlito\u00bb les cay\u00f3 como \u00abbalde de agua fr\u00eda\u00bb y optaron por irse de la reuni\u00f3n&#8230; Se\u00f1alando que esa ALIANZA le conven\u00eda solo al campechano para que Santiago Nieto no le fuera \u00abcongelar\u00bb cuentas bancarias o que la Secretar\u00eda de la Funci\u00f3n P\u00fablica lo fuera investigar por el tema de sus residencias y fortuna en Campeche a merced del gobierno estatal que encabez\u00f3&#8230;<\/p>\n<p>Pero dicen que en la reuni\u00f3n hubo una llamada a algunos diputados locales que les devolvi\u00f3 el \u00e1nimo&#8230; Y qui\u00e9n realiz\u00f3 esa llamada, cuentan PRESUNTAMENTE, fue el ex candidato presidencial priista, Jos\u00e9 Antonio Meade&#8230; Dicen que Pepe Meade le dijo a algunos de los diputados cercanos&#8230; Que Moreno C\u00e1rdenas iba a tener que sopesar que hacer en 2021 y con qui\u00e9n hacer alianzas&#8230; Ya que este grupo de pol\u00edticos priistas del ITAM iban a volver a buscar esca\u00f1os en la c\u00e1mara de diputados locales&#8230;<\/p>\n<p>Y que en dado caso&#8230; \u00abAlito\u00bb Moreno se opon\u00eda, entonces, ellos iban a sacar esos documentos, que no s\u00f3lo tiene el gobierno de L\u00f3pez Obrador sobre su PRESUNTA fortuna inexplicable&#8230; Sino que Meade y su equipo tambi\u00e9n contaban con ella (su grupo pol\u00edtico manej\u00f3 la Secretar\u00eda de Hacienda por 6 a\u00f1os, del 2012 al 2018) igual de completa&#8230; Vaya disyuntiva para el l\u00edder nacional priista&#8230; Para donde jale, pierde&#8230; Si eso se corrobora&#8230; Es probable que en 2021 haya otro personaje en la dirigencia nacional del PRI&#8230; TAN Y TAN&#8230; OJO Veracruz&#8230;<\/p>\n<p>PD&#8230; La asunci\u00f3n de ;Manuel Guerrero como el nuevo delegado de la CNC en funciones de presidente en Veracruz&#8230; En sustituci\u00f3n del malogrado Juan Carlos Molina \u00abEl Compayito\u00bb&#8230; Es un nombramiento que, sin duda, FORTALECE la dirigencia estatal priista de Marl\u00f3n Ram\u00edrez Mar\u00edn&#8230; Desde este viernes en su gira en P\u00e1nuco donde vino la secretaria General del CEN del PRI, Carolina Viggiano, estuvo acompa\u00f1\u00e1ndolos el hoy nuevo l\u00edder cenecista&#8230; Desde ah\u00ed ya tenia la \u00abbendici\u00f3n\u00bb&#8230;<\/p>\n<p>As\u00ed que para los que pensaban, que despu\u00e9s del asesinato de Molina Palacios en Veracruz, esta organizaci\u00f3n campesina podr\u00eda empezar una \u00abmetamorfosis\u00bb hac\u00eda MORENA, pues, al parecer, se equivocaron&#8230; Manuel Guerrero es un personaje que pertenece a esta central desde hace a\u00f1os&#8230; Y, su llegada, refrenda que el organismo se queda en el PRI&#8230; M\u00e1s en estos tiempos que las LEALTADES, no son \u00abpan nuestro\u00bb de cada d\u00eda&#8230; Un logro importante para Marl\u00f3n hac\u00eda el 2021 y avalado por el l\u00edder nacional de la CNC, Ismael Hern\u00e1ndez Der\u00e1s&#8230; AMEN&#8230;<\/p>\n","protected":false},"excerpt":{"rendered":"<p>Ricardo Ch\u00faa Sale y Vale OJO CUITL\u00c1HUAC&#8230; Vaya mensaje que la sociedad veracruzana le manda al gobierno estatal de Veracruz sobre los actos violentos que se viven en la entidad&#8230; Si no lo capta a tiempo y se pone a trabajar en un mejor esquema de seguridad&#8230; Ese mill\u00f3n 600 mil votos que recibieron en [&hellip;]<\/p>\n","protected":false},"author":2,"featured_media":0,"comment_status":"open","ping_status":"open","sticky":false,"template":"","format":"standard","meta":{"_jetpack_newsletter_access":"","_jetpack_dont_email_post_to_subs":false,"_jetpack_newsletter_tier_id":0,"_jetpack_memberships_contains_paywalled_content":false,"_jetpack_memberships_contains_paid_content":false,"footnotes":""},"categories":[70],"tags":[15048,618,9724,371,1563,410,196,395,1026,13604,4620,768,195,463,96],"class_list":["post-52671","post","type-post","status-publish","format-standard","hentry","category-de-opinion","tag-alejandro-moreno-cardenas","tag-andres-manuel-lopez-obrador","tag-caballo-blanco","tag-coatzacoalcos","tag-cuitlahuac-garcia-jimenez","tag-fidel-herrera-beltran","tag-inseguridad","tag-mexico","tag-morena","tag-ricardo-chua","tag-soledad-de-doblado","tag-usbi","tag-veracruz","tag-violencia","tag-xalapa"],"jetpack_featured_media_url":"","jetpack_sharing_enabled":true,"jetpack_shortlink":"https:\/\/wp.me\/p4Qcd3-dHx","_links":{"self":[{"href":"https:\/\/lospoliticosveracruz.com.mx\/index.php?rest_route=\/wp\/v2\/posts\/52671","targetHints":{"allow":["GET"]}}],"collection":[{"href":"https:\/\/lospoliticosveracruz.com.mx\/index.php?rest_route=\/wp\/v2\/posts"}],"about":[{"href":"https:\/\/lospoliticosveracruz.com.mx\/index.php?rest_route=\/wp\/v2\/types\/post"}],"author":[{"embeddable":true,"href":"https:\/\/lospoliticosveracruz.com.mx\/index.php?rest_route=\/wp\/v2\/users\/2"}],"replies":[{"embeddable":true,"href":"https:\/\/lospoliticosveracruz.com.mx\/index.php?rest_route=%2Fwp%2Fv2%2Fcomments&post=52671"}],"version-history":[{"count":1,"href":"https:\/\/lospoliticosveracruz.com.mx\/index.php?rest_route=\/wp\/v2\/posts\/52671\/revisions"}],"predecessor-version":[{"id":52673,"href":"https:\/\/lospoliticosveracruz.com.mx\/index.php?rest_route=\/wp\/v2\/posts\/52671\/revisions\/52673"}],"wp:attachment":[{"href":"https:\/\/lospoliticosveracruz.com.mx\/index.php?rest_route=%2Fwp%2Fv2%2Fmedia&parent=52671"}],"wp:term":[{"taxonomy":"category","embeddable":true,"href":"https:\/\/lospoliticosveracruz.com.mx\/index.php?rest_route=%2Fwp%2Fv2%2Fcategories&post=52671"},{"taxonomy":"post_tag","embeddable":true,"href":"https:\/\/lospoliticosveracruz.com.mx\/index.php?rest_route=%2Fwp%2Fv2%2Ftags&post=52671"}],"curies":[{"name":"wp","href":"https:\/\/api.w.org\/{rel}","templated":true}]}}