{"id":52836,"date":"2020-02-24T13:00:25","date_gmt":"2020-02-24T19:00:25","guid":{"rendered":"http:\/\/www.lospoliticosveracruz.com.mx\/?p=52836"},"modified":"2020-02-24T13:00:25","modified_gmt":"2020-02-24T19:00:25","slug":"las-brujas-del-mar-siembran-semilla-morada","status":"publish","type":"post","link":"https:\/\/lospoliticosveracruz.com.mx\/?p=52836","title":{"rendered":"Las brujas del mar siembran semilla morada"},"content":{"rendered":"<p class=\"s2\"><strong>Naldy Rodr\u00edguez<\/strong><\/p>\n<p class=\"s2\"><em>Transparencia 3.0<\/em><\/p>\n<p class=\"s2\">Desde Veracruz se sembr\u00f3 una semilla, tiene color morado y formas desiguales, crece con ramificaciones de sororidad, empat\u00eda, empoderamiento, pero tambi\u00e9n de dolor, hartazgo y enojo. Sus bifurcaciones est\u00e1n alcanzando niveles inesperados, inclusive de sus propias impulsoras, quienes aseguran es una lucha colectiva.<\/p>\n<p class=\"s2\">Bajo el lema \u201cEl nueve ninguna se mueve\u201d y el hashtag #UnD\u00edaSinNosotras, las jarochitas de la colectividad <span class=\"s3\">Las brujas del mar<\/span> publicaron un cartel con una propuesta clara y contundente: \u201cSi paramos nosotras, para el mundo\u201d, teniendo como antecedente la huelga simb\u00f3lica de las islandesas en 1975.<\/p>\n<p class=\"s2\">Pasaron varias d\u00e9cadas para que Islandia se convirtiera en el primer pa\u00eds del mundo en cerrar la brecha salarial. A partir de 2018 hicieron obligatorio que las empresas e institucionespaguen el mismo salario por el mismo trabajo, sin hacer diferencia entre sexo, raza, etnia.<\/p>\n<p class=\"s2\">En esa isla gobierna una mujer, la primera ministra Katrin Jakobsdottir. Es la segunda en ocupar esa posici\u00f3n en su pa\u00eds, que adem\u00e1s cuenta con el 48 por ciento de representatividad femenina en el Parlamento. Islandia lleva muchos a\u00f1os de reivindicar la igualdad.<\/p>\n<p class=\"s2\">El feminismo, las desigualdades y la violencia de g\u00e9nero es el hilo conductor que mueve a otras agrupaciones e individualidades a sumarse a este movimiento incipiente, pero que ech\u00f3 ra\u00edz y se extiende por todo el territorio nacional para intentar \u201cparalizar\u201d por s\u00f3lo un d\u00eda las actividades y as\u00ed visibilizar que la mujer es el motor que empuja a esta naci\u00f3n.<\/p>\n<p class=\"s2\">Las brujas del mar, con 15 integrantes y menos de seis meses en redes sociales, aseguran que su propuesta es apartidista,que surgi\u00f3 desde la ciudadan\u00eda y \u201cse viraliz\u00f3\u201d, sin poder detener su crecimiento. Por supuesto que en las redes sociales, as\u00ed como tienen simpatizantes, ya surgieron detractores que tratan de se\u00f1alar \u201cmanipulaci\u00f3n pol\u00edtica\u201d o desde\u00f1ar al colectivo por estar a favor del aborto legal.<\/p>\n<p class=\"s2\">El paro no es en contra de un gobierno, sistema o partido, el movimiento es a favor de la mujer, de su seguridad y su bienestar. S\u00ed, es en contra de la violencia y las discriminaciones por cuesti\u00f3n de g\u00e9nero; s\u00ed, es en contra de los feminicidios y de los hombres que matan mujeres.<\/p>\n<p class=\"s2\">Al tren del Mame, ya se subieron los medios tradicionales y personajes pol\u00edticos, algunas personas solo buscan reflectores y otras con un inter\u00e9s leg\u00edtimo. Se han sumado \u2013al menos con pronunciamientos- empresas y hasta instituciones p\u00fablicas como la Secretar\u00eda de Gobernaci\u00f3n y la Secretar\u00eda de Econom\u00eda, as\u00ed como universidades p\u00fablicas y privadas.<\/p>\n<p class=\"s2\">\u201c<span class=\"s4\">En la @<\/span><span class=\"s4\">SEGOB_mx<\/span><span class=\"s4\"> respaldamos y celebramos que la sociedad civil se organice a trav\u00e9s de las redes sociales con este tipo de iniciativas. Cualquier forma de expresi\u00f3n para crear conciencia en la sociedad genera un cambio importante para nuestro pa\u00eds. #<\/span><span class=\"s4\">NiUnaMenos<\/span><span class=\"s4\">\u201d, publicaron en Twitter.<\/span><\/p>\n<p class=\"s2\">Mujeres en el poder tambi\u00e9n se han sumado a la convocatoria del 9 de marzo. La diputada federal <span class=\"s4\">Tatiana <\/span><span class=\"s4\">Cloutier<\/span> <span class=\"s4\">y<\/span><span class=\"s4\"> la Secretaria de Gobernaci\u00f3n, <\/span><span class=\"s4\">Olga S\u00e1nchez Cordero<\/span><span class=\"s4\">, se han anotado abiertamente; la secretaria de Econom\u00eda,<\/span> <span class=\"s4\">Graciela M\u00e1rquez Col\u00edn,<\/span> <span class=\"s4\">s<\/span><span class=\"s4\">e pronunci\u00f3 porque las\u00a0<\/span><span class=\"s4\">mujeres elijan en libertad<\/span><span class=\"s4\">, pero que <\/span><span class=\"s4\">al final del d\u00eda <\/span><span class=\"s4\">\u201ctodas seamos una\u201d.<\/span><\/p>\n<p class=\"s2\"><span class=\"s4\">Si es para sumar, <\/span><span class=\"s4\">\u00bf<\/span><span class=\"s4\">por qu\u00e9 no? Que la semilla germine. <\/span><\/p>\n<p class=\"s2\">\u201cSin feminismos, otro mundo no es posible\u201d: Alda Facio.<\/p>\n<p>transparencia3.0@hotmail.com<\/p>\n<p>twitter @ydlan<\/p>\n","protected":false},"excerpt":{"rendered":"<p>Naldy Rodr\u00edguez Transparencia 3.0 Desde Veracruz se sembr\u00f3 una semilla, tiene color morado y formas desiguales, crece con ramificaciones de sororidad, empat\u00eda, empoderamiento, pero tambi\u00e9n de dolor, hartazgo y enojo. Sus bifurcaciones est\u00e1n alcanzando niveles inesperados, inclusive de sus propias impulsoras, quienes aseguran es una lucha colectiva. Bajo el lema \u201cEl nueve ninguna se mueve\u201d [&hellip;]<\/p>\n","protected":false},"author":2,"featured_media":0,"comment_status":"open","ping_status":"open","sticky":false,"template":"","format":"standard","meta":{"_jetpack_newsletter_access":"","_jetpack_dont_email_post_to_subs":false,"_jetpack_newsletter_tier_id":0,"_jetpack_memberships_contains_paywalled_content":false,"_jetpack_memberships_contains_paid_content":false,"footnotes":""},"categories":[70],"tags":[16620,10599,10598,16629,5281,195],"class_list":["post-52836","post","type-post","status-publish","format-standard","hentry","category-de-opinion","tag-el-nueve-ninguna-se-mueve","tag-islandia","tag-katrin-jakobsdottir","tag-las-brujas-del-mar","tag-naldy-rodriguez","tag-veracruz"],"jetpack_featured_media_url":"","jetpack_sharing_enabled":true,"jetpack_shortlink":"https:\/\/wp.me\/p4Qcd3-dKc","_links":{"self":[{"href":"https:\/\/lospoliticosveracruz.com.mx\/index.php?rest_route=\/wp\/v2\/posts\/52836","targetHints":{"allow":["GET"]}}],"collection":[{"href":"https:\/\/lospoliticosveracruz.com.mx\/index.php?rest_route=\/wp\/v2\/posts"}],"about":[{"href":"https:\/\/lospoliticosveracruz.com.mx\/index.php?rest_route=\/wp\/v2\/types\/post"}],"author":[{"embeddable":true,"href":"https:\/\/lospoliticosveracruz.com.mx\/index.php?rest_route=\/wp\/v2\/users\/2"}],"replies":[{"embeddable":true,"href":"https:\/\/lospoliticosveracruz.com.mx\/index.php?rest_route=%2Fwp%2Fv2%2Fcomments&post=52836"}],"version-history":[{"count":2,"href":"https:\/\/lospoliticosveracruz.com.mx\/index.php?rest_route=\/wp\/v2\/posts\/52836\/revisions"}],"predecessor-version":[{"id":52840,"href":"https:\/\/lospoliticosveracruz.com.mx\/index.php?rest_route=\/wp\/v2\/posts\/52836\/revisions\/52840"}],"wp:attachment":[{"href":"https:\/\/lospoliticosveracruz.com.mx\/index.php?rest_route=%2Fwp%2Fv2%2Fmedia&parent=52836"}],"wp:term":[{"taxonomy":"category","embeddable":true,"href":"https:\/\/lospoliticosveracruz.com.mx\/index.php?rest_route=%2Fwp%2Fv2%2Fcategories&post=52836"},{"taxonomy":"post_tag","embeddable":true,"href":"https:\/\/lospoliticosveracruz.com.mx\/index.php?rest_route=%2Fwp%2Fv2%2Ftags&post=52836"}],"curies":[{"name":"wp","href":"https:\/\/api.w.org\/{rel}","templated":true}]}}