{"id":53018,"date":"2020-03-03T08:40:18","date_gmt":"2020-03-03T14:40:18","guid":{"rendered":"http:\/\/www.lospoliticosveracruz.com.mx\/?p=53018"},"modified":"2020-03-03T08:40:18","modified_gmt":"2020-03-03T14:40:18","slug":"vero-la-advertencia-rebeca-la-aliada","status":"publish","type":"post","link":"https:\/\/lospoliticosveracruz.com.mx\/?p=53018","title":{"rendered":"Vero, la advertencia; Rebeca, la aliada"},"content":{"rendered":"<p><strong>Ricardo Ch\u00faa<\/strong><\/p>\n<p><em>Sale y Vale<\/em><\/p>\n<p>OJO&#8230; Vaya error del INEGI al ir a censar al gobernador, Cuitl\u00e1huac Garc\u00eda Jim\u00e9nez y se\u00f1alar que aun vive con sus papas&#8230; Es algo por lo cual el mandatario debe reclamar porque son datos err\u00f3neos&#8230; Desde hace semanas Don \u00abTata\u00bb Nacho ya no vive con su hijo&#8230; Ahora \u00e9l ya vive solo en la casa paterna de la colonia Progreso de Xalapa.. Ya es libre como el viento&#8230; As\u00ed que no lo anden de insidiosos&#8230; El Gober Jarocho es un hombre independiente&#8230; Tiene a 8 millones bajo su resguardo&#8230; JES\u00daS DE VERACRUZ&#8230; Aclara INEGI..<\/p>\n<p>DIF, LA DISPUTA&#8230; El DIF estatal est\u00e1 que \u00abarde\u00bb&#8230; Circula fuerte rumor en Palacio de Gobierno que Ver\u00f3nica Aguilera, ex directora, molesta y enojada por la forma que fue RENUNCIADA por Cuitl\u00e1huac Garc\u00eda&#8230; Mand\u00f3 a decir, con quien ten\u00eda que hacerlo, que si bien ya esta \u00abfuera de la jugada\u00bb .. Si la empiezan a \u00abmolestar\u00bb con la Fiscal\u00eda de Veracruz o a trav\u00e9s del ORFIS.. Ella har\u00e1 un esc\u00e1ndalo peor que el de Emilio Lozoya con Odebricht y la \u00abembarrada\u00bb llegara a altos niveles del gobierno de Veracruz&#8230;<\/p>\n<p>As\u00ed que si la afectan, afecta&#8230; As\u00ed de claro&#8230; Que los 40 funcionarios cercanos a ella, que ser\u00e1n despedidos en pr\u00f3ximos d\u00edas.. Tienen vasta informaci\u00f3n sobre los \u00abnegocios\u00bb que al umbral del poder&#8230; Realizaron PRESUNTAMENTE ciertos personajes poderosos del gobierno estatal y que despachan en Palacio de Gobierno y SEFIPLAN&#8230; Y que la \u00absalpicadera\u00bb puede llegar a otros niveles porque hay documentos, facturas y lo relacionado con la compra de productos de asistencia social.. Sobre todo las comercializadoras recomendadas.<\/p>\n<p>Ya que PRESUNTAMENTE su salida del DIF, al parecer, se debi\u00f3 a un \u00abpastel mal repartido\u00bb y como no era la primera vez.. Cuando \u00abchillaron\u00bb al respecto.. Enojo en demas\u00eda al que decidi\u00f3 darla de baja por \u00abelemento gacho\u00bb&#8230; Pero como en Veracruz s\u00f3lo no se sabe, lo que no ha sucedido&#8230; Esto es un esc\u00e1ndalo al interior del gabinete&#8230; Seguro si \u00abexplota\u00bb estaremos viendo notas y datos con Ciro, Loret y Joaqu\u00edn y en todos los portales informativos \u00abneoliberales\u00bb y que Iv\u00e1n Luna no toma en cuenta&#8230; TAN.. TAN&#8230;<\/p>\n<p>Pero NO SE EQUIVOQUEN&#8230;. La llegada de Rebeca Quintanar Barcel\u00f3, como nueva directora del DIF estatal, de la cual s\u00f3lo se espera el acto protocolario para ungirla&#8230;. Ya esta despechando como tal&#8230; Por los temas antes mencionados y que involucran a personajes cercanos al Gober Jarocho&#8230; Es que Quintanar lleg\u00f3 al cargo que deja Ver\u00f3nica Aguilera&#8230; Y aunque muchos podr\u00edan pensar lo contrario&#8230; Ella es gente cercana a Cuitl\u00e1huac Garc\u00eda&#8230; No al \u00abdiscriminado\u00bb Eric Cisneros Burgos&#8230;<\/p>\n<p>A TODOS los aliados al secretario de Gobierno les han hecho creer que Quintanar es una gente cercana a \u00e9l&#8230; Y que con su llegada al DIF demostraba su real fuerza sobre Cuitl\u00e1huac Garc\u00eda porque si ya ten\u00eda a la Fiscal de Veracruz, Ver\u00f3nica Hern\u00e1ndez, como la encargada de despacho y que s\u00f3lo responde a sus intereses&#8230; Ahora tendr\u00eda a todo el DIF a su disposici\u00f3n&#8230; PERO NO ES AS\u00cd&#8230; La nueva funcionaria no es cercana a \u00e9l&#8230;<\/p>\n<p>Si bien es cierto ella trabaja ah\u00ed en la Secretar\u00eda de Gobierno&#8230; Quintanar reportaba a Cuitl\u00e1huac&#8230; Al igual que lo hace, Carlos Ju\u00e1rez, por eso su disputa con Diego Casta\u00f1eda, que siempre reclam\u00f3 que Rocio Nahle no lo pudo dejar en lugar de Ju\u00e1rez, en la subsecretar\u00eda de Gobierno, pese a que Ju\u00e1rez es tabasque\u00f1o y Casta\u00f1eda veracruzano&#8230;. Pero Ju\u00e1rez y Quintanar son los \u00fanicos LEALES Y SIN CONDICIONES a Cuitl\u00e1huac Garc\u00eda en SEGOB&#8230; Los otros no&#8230; Ven por Nahle y por ellos&#8230;<\/p>\n<p>Para los que NO SABEN&#8230; Do\u00f1a Rebeca trabaj\u00f3 con Cuitl\u00e1uhac desde su campa\u00f1a a diputado federal por MORENA en Xalapa en 2015&#8230; Sigui\u00f3 siendo cercana porque ella era una de las operadoras de Andr\u00e9s Manuel L\u00f3pez Obrador, en el distrito de Coatepec-Xalapa-Perote&#8230; Por esa cercan\u00eda con AMLO se la recomienda a Cuitl\u00e1huac&#8230; Ella tambi\u00e9n trabajo en su primera campa\u00f1a a Gobernador en 2016&#8230; La que perdi\u00f3 con PapaYunes&#8230; Lo dem\u00e1s ya es historia.. As\u00ed que la posici\u00f3n es de Cuitl\u00e1huac&#8230;. Viene a \u00abbarrer y guardar\u00bb.. CONSUMATUM EST&#8230;<\/p>\n<p>ACTOPAN,. SIGUE LA DISPUTA&#8230; Despu\u00e9s de que en el espacio de ayer se\u00f1alamos el intento de los diputados locales de MORENA para que el pr\u00f3ximo mi\u00e9rcoles en sesi\u00f3n extraordinaria del Congreso del Estado, a puerta cerrada, intenten dar el \u00abalbazo\u00bb de quitarle al PAN la alcald\u00eda de Actopan y colocar ah\u00ed al regidor primero del PVEM, Ad\u00e1n Soto Vega&#8230; Y con ello demostrar qui\u00e9n \u00abmanda\u00bb en Veracruz, cuando se toman estas decisiones&#8230; Las historias de los \u00abpecados\u00bb del edil no han dejado de circular en redes sociales y grupos de \u00abguasap\u00bb&#8230;<\/p>\n<p>Sobre todo porque no lo consideraron un regidor cercano al pueblo&#8230; Sino que se \u00abenferm\u00f3\u00bb de importancia y poder&#8230; Ya que este militante del PVEM se conoce porque PRESUNTAMENTE exig\u00eda que el municipio le diera obra p\u00fablica para la constructora que representaba y de esa manera, \u00e9l era como firmaba los estados financieros del ayuntamiento por ser de la Comisi\u00f3n de Hacienda&#8230;. Hasta que le dieron una obra de un mill\u00f3n 600 mil pesos en el parque conocido como \u00abLas Palmas de Abajo\u00bb&#8230;<\/p>\n<p>Despu\u00e9s de eso&#8230; Ad\u00e1n Soto contin\u00fao presionando para que le dieran m\u00e1s obra y utilizar el cargo a su beneficio&#8230; Pero cuentan que no par\u00f3 ah\u00ed&#8230; Despu\u00e9s, exigi\u00f3 la compra de una camioneta CVR guinda, que ya no usa por su inter\u00e9s de asumir la alcald\u00eda, y que la tiene escondida en casa de su mam\u00e1 en esa misma comunidad&#8230;De esto \u00faltimo, existe una conversaci\u00f3n de \u00abguasap\u00bb que anda circulando en Actopan, entre \u00e9l y la ex tesorera, Mar\u00eda Nelly Alarc\u00f3n&#8230;<\/p>\n<p>De esa historia&#8230; Tanto el primer tesorero, Pedro Ben\u00edtez y Mar\u00eda Nelly Alarc\u00f3n, le daban m\u00e1s dinero de la compensaci\u00f3n al regidor, ese era el acuerdo entre el alcalde y \u00e9l&#8230; De ser cierto, hicieron del chantaje hizo una industria en el ayuntamiento&#8230; Obras p\u00fablicas, camioneta Honda, compensaciones, facturacion extra&#8230; Por eso, el diputado local, Jorge Moreno Salinas tiene toda la raz\u00f3n cuando dice que en ese ayuntamiento la mayor\u00eda son presuntamente corruptos&#8230; QUE CANIJOS&#8230;<\/p>\n","protected":false},"excerpt":{"rendered":"<p>Ricardo Ch\u00faa Sale y Vale OJO&#8230; Vaya error del INEGI al ir a censar al gobernador, Cuitl\u00e1huac Garc\u00eda Jim\u00e9nez y se\u00f1alar que aun vive con sus papas&#8230; Es algo por lo cual el mandatario debe reclamar porque son datos err\u00f3neos&#8230; Desde hace semanas Don \u00abTata\u00bb Nacho ya no vive con su hijo&#8230; Ahora \u00e9l ya [&hellip;]<\/p>\n","protected":false},"author":2,"featured_media":0,"comment_status":"open","ping_status":"open","sticky":false,"template":"","format":"standard","meta":{"_jetpack_newsletter_access":"","_jetpack_dont_email_post_to_subs":false,"_jetpack_newsletter_tier_id":0,"_jetpack_memberships_contains_paywalled_content":false,"_jetpack_memberships_contains_paid_content":false,"footnotes":""},"categories":[70],"tags":[618,14683,1563,16765,520,4741,4116,178,135,16764,13604,3578,640],"class_list":["post-53018","post","type-post","status-publish","format-standard","hentry","category-de-opinion","tag-andres-manuel-lopez-obrador","tag-carlos-juarez","tag-cuitlahuac-garcia-jimenez","tag-diego-castaneda","tag-dif","tag-emilio-lozoya","tag-fiscalia-general-del-estado","tag-inegi","tag-orfis","tag-rebeca-quintanar-barcelo","tag-ricardo-chua","tag-rocio-nahle","tag-sefiplan"],"jetpack_featured_media_url":"","jetpack_sharing_enabled":true,"jetpack_shortlink":"https:\/\/wp.me\/p4Qcd3-dN8","_links":{"self":[{"href":"https:\/\/lospoliticosveracruz.com.mx\/index.php?rest_route=\/wp\/v2\/posts\/53018","targetHints":{"allow":["GET"]}}],"collection":[{"href":"https:\/\/lospoliticosveracruz.com.mx\/index.php?rest_route=\/wp\/v2\/posts"}],"about":[{"href":"https:\/\/lospoliticosveracruz.com.mx\/index.php?rest_route=\/wp\/v2\/types\/post"}],"author":[{"embeddable":true,"href":"https:\/\/lospoliticosveracruz.com.mx\/index.php?rest_route=\/wp\/v2\/users\/2"}],"replies":[{"embeddable":true,"href":"https:\/\/lospoliticosveracruz.com.mx\/index.php?rest_route=%2Fwp%2Fv2%2Fcomments&post=53018"}],"version-history":[{"count":2,"href":"https:\/\/lospoliticosveracruz.com.mx\/index.php?rest_route=\/wp\/v2\/posts\/53018\/revisions"}],"predecessor-version":[{"id":53021,"href":"https:\/\/lospoliticosveracruz.com.mx\/index.php?rest_route=\/wp\/v2\/posts\/53018\/revisions\/53021"}],"wp:attachment":[{"href":"https:\/\/lospoliticosveracruz.com.mx\/index.php?rest_route=%2Fwp%2Fv2%2Fmedia&parent=53018"}],"wp:term":[{"taxonomy":"category","embeddable":true,"href":"https:\/\/lospoliticosveracruz.com.mx\/index.php?rest_route=%2Fwp%2Fv2%2Fcategories&post=53018"},{"taxonomy":"post_tag","embeddable":true,"href":"https:\/\/lospoliticosveracruz.com.mx\/index.php?rest_route=%2Fwp%2Fv2%2Ftags&post=53018"}],"curies":[{"name":"wp","href":"https:\/\/api.w.org\/{rel}","templated":true}]}}