{"id":53122,"date":"2020-03-06T08:56:41","date_gmt":"2020-03-06T14:56:41","guid":{"rendered":"http:\/\/www.lospoliticosveracruz.com.mx\/?p=53122"},"modified":"2020-03-06T08:56:41","modified_gmt":"2020-03-06T14:56:41","slug":"los-fifis-morenos-y-la-fidelina-de-cuic","status":"publish","type":"post","link":"https:\/\/lospoliticosveracruz.com.mx\/?p=53122","title":{"rendered":"Los Fif\u00eds morenos y la Fideli\u00f1a de Cuic"},"content":{"rendered":"<p><strong>Ricardo Ch\u00faa<\/strong><\/p>\n<p><em>Sale y Vale<\/em><\/p>\n<p>OJO.. Ser\u00e1 verdad esa versi\u00f3n que anda circulando en Coatzacoalcos&#8230; De que Javier G\u00f3mez Cazar\u00edn, coordinador de los diputados locales de MORENA, ya le qued\u00f3 chico. su pueblo de Huayapan de Ocampo&#8230; Y que ya Cuitl\u00e1huac Garc\u00eda le dio \u00abluz verde\u00bb para que busque desde ahora la alcald\u00eda de Coatzacoalcos por este partido&#8230; Ser\u00e1&#8230; Nooo.. El ya vivi\u00f3 en Coatza cuando era el mejor vendedor de la empresa de Juan Manuel Diez Francos, en aquella ciudad&#8230;<\/p>\n<p>S\u00f3lo falta que ya haya acudido a ver a su ex patr\u00f3n para que lo financie en esta aventura pol\u00edtica&#8230; Ya El Emperador ya tiene Orizaba, que ampl\u00ede el reino no tiene nada de malo, es conquista&#8230;La duda que queda, es saber si Rocio Nahle ya dio el permiso a Cuitl\u00e1huac y Cazar\u00edn&#8230; El cual ya ha hecho reuniones con Morenos de aquella ciudad.. Pero hay que recordar que Coatzacoalcos es su comarca&#8230; Y la se\u00f1ora no es nada \u00abdadivosa\u00bb pol\u00edticamente hablando&#8230; De ser verdad&#8230; Habr\u00e1 que ver que \u00abderecho de piso\u00bb le cobra a Cuitl\u00e1huac&#8230;<\/p>\n<p>MORENOS \u00abFIFIS\u00bb&#8230; Quesque el Cuitl\u00e1huac Garc\u00eda ya sabe, ya est\u00e1 enterado, pero que se hace que no ve nada&#8230; De que muchos de sus altos funcionarios de confianza en su gobierno&#8230; Ya se han convertido en \u00abpr\u00f3speros\u00bb empresarios de comercializadoras, constructoras y compa\u00f1\u00edas de bienes y ra\u00edces&#8230; Que ya est\u00e1n ofreciendo y \u00abprestando\u00bb sus servicios por el bien de Veracruz&#8230; Sobre todo a los ayuntamientos del sur y norte de la entidad&#8230; Para que les adquieran sus productos o les construyan obras que los ensalcen como alcaldes&#8230;<\/p>\n<p>Estos funcionarios de MORENA, que son \u00abhonestones\u00bb porque eso de honestos, no les queda&#8230; Si los alcaldes los contratan, ellos logran que les autoricen presupuesto extra, por obra y gracia del SE\u00d1OR, para que se puedan hacer esas obras de bienestar que prometi\u00f3 el gobierno de L\u00f3pez Obrador y que \u00abPrimero los Pobres\u00bb&#8230; Pero pol\u00edticos Morenos, que ven cada d\u00eda que acabado el sexenio&#8230; A lo mejor no repiten&#8230; As\u00ed que si llegan de PATROCINA&#8230;DORES, no digan que no&#8230; Pueden que les den la LUZ&#8230; AMEN Y M\u00c1S AMEN&#8230;<\/p>\n<p>LA \u00abFIDELI\u00d1A\u00bb DEL CUIT&#8230; El acuerdo entre el PAN-Chapo Guzm\u00e1n con MORENA-Cuitl\u00e1huac era: Regresamos tu diputaci\u00f3n local al desaforar a Erick Aguilar&#8230; Pero la alcald\u00eda de Actopan se queda en manos del PAN, con el suplente de Paulino Dom\u00ednguez, que tambi\u00e9n es panista.. Pero han pasado las horas y el Congreso del Estado, hasta el cierre de este columna, no le hab\u00eda tomado protesta al nuevo presidente municipal&#8230; Lo que deja en claro que el gobernador de Veracruz PRESUNTAMENTE pretende incumplir con el acuerdo&#8230;<\/p>\n<p>Por eso Javier G\u00f3mez Cazar\u00edn y Jos\u00e9 Manuel Pozos Castro est\u00e1n aplicando una \u00abFideli\u00f1a\u00bb, al mas puro estilo del orgullo de Nopaltepec&#8230;. Desde ayer \u00abvacas sagradas\u00bb al servicio de MORENA est\u00e1n d\u00e1ndole en la torre al suplente, Jos\u00e9 Alfredo Carrero, descalific\u00e1ndolo para asumir el cargo&#8230; Y el PAN-CACA de \u00abEl Chapito\u00bb Guzm\u00e1n Avil\u00e9s no dice nada&#8230; Omar Miranda, que es el coordinador de los diputados locales panistas, est\u00e1 de NUEVO TRAICIONANDO \u00bfA poco sabe de eso? al panismo y al sustituto de Paulino Dom\u00ednguez&#8230;<\/p>\n<p>As\u00ed que aplicando aquella de que \u00abdonde manda\u00bb Cuitl\u00e1huac, el \u00abChapito\u00bb calla&#8230; Y a pesar que supuestamente no hay nada en la Fiscal\u00eda del Estado, ni la de Anticorrupci\u00f3n que impida a Carrero tomar posesi\u00f3n como alcalde suplente&#8230; Las horas pasan y esa posibilidad se aleja, al menos, que en esta madrugada en sesi\u00f3n extraordinaria, ocurriera algo extraordinario&#8230; Ja Ja Ja pero seguro G\u00f3mez Cazar\u00edn se desvelar\u00eda para tomar protesta al mun\u00edcipe&#8230; Ser\u00e1 para tomar otra cosa&#8230; Se la quiere quedar MORENA&#8230;<\/p>\n<p>En pocas palabras&#8230; Y para que entienda o est\u00e1n \u00abchamaqueando\u00bb al PAN o \u00abEl Chapito\u00bb y Omar Miranda se est\u00e9n haciendo \u00abp&#8230; atos\u00bb para que MORENA encuentren un argumento legaloide que impedir\u00eda a Jos\u00e9 Alfredo Carreto, tomar protesta, y le canten la de su famoso tocayo de Le\u00f3n, Guanajuato: \u00abLa que se fue\u00bb&#8230; As\u00ed que si el suplente no se pone \u00abperro\u00bb y no presenta oficios para que le tomen protesta&#8230; Se lo van a chingar con todo y la desidia de panismo oficial morenista&#8230; As\u00ed que si no le pone car\u00e1cter al tema&#8230; Le van aplicar la de Taibo II: Se la van a dejar ir doblada&#8230; AMEN<\/p>\n<p>PERD\u00d3NAME&#8230; Si pido m\u00e1s de lo que puedo dar.. Si grito cuando debo callar&#8230; Si huy\u00f3 cuando t\u00fa me necesitas m\u00e1s&#8230; Esta interpretaci\u00f3n que hiciera famosa el cantante espa\u00f1ol, el rom\u00e1ntico por excelencia, Camilo Sesto&#8230; Podr\u00eda convertirse en la canci\u00f3n de cabecera de los gobiernos estatales de la 4T en Puebla y Veracruz&#8230; Les queda como \u00abtraje a la medida\u00bb a Miguel Barbosa y Cuitl\u00e1huac Garc\u00eda, respectivamente, ya que tienen a la sociedad poblana y veracruzanza sumida en la desesperanza y protestas en las calles por la inseguridad&#8230;<\/p>\n<p>Entre los l\u00edmites de Puebla y Veracruz&#8230; De nuevo la polic\u00eda federal no ve la suya&#8230; Los volvieron atacar, al parecer, grupos ilegales que operan en la zona&#8230; En las famosas Cumbres de Maltrata, donde tambi\u00e9n los asaltos est\u00e1n a la orden del d\u00eda hac\u00eda los automovilistas que ocupan la \u00bfautopista? para trasladarse de un estado a otro&#8230; Golpearon a un polic\u00eda y le quemaron su patrulla&#8230; REMEMBER el municipio de Isla hace apenas un mes&#8230; Los Gobers Morenos est\u00e1n m\u00e1s que rebasados&#8230;<\/p>\n<p>Si a todo eso le sumamos el tema del crimen de los 3 estudiantes de la UBAP y un ch\u00f3fer del UBER (Dos colombianos y un xalape\u00f1o) ocurrido hace 15 d\u00edas en Huejotzingo , Puebla&#8230; Las cosas no est\u00e1n para que estos dos gobernadores tiren \u00abcuetes al aire\u00bb&#8230; Ya han pasado casi 3 semanas y el tema de la protesta universitarias por los asesinatos, en Puebla como en Veracruz&#8230; No cesan&#8230; Y ni Barbosa, menos Cuitl\u00e1huac los pueden detener&#8230; Tienen que estar rodeados de seguridad si los mandatarios quieren dialogar o salir al p\u00fablico&#8230;<\/p>\n<p>Si los gobiernos estatales de MORENA en Puebla y Veracruz, apoyados obviamente por el gobierno federal de L\u00f3pez Obrador&#8230; No \u00aboperan de manera quir\u00fargica\u00bb el tema para que se calmen esas ansias estudiantiles&#8230; Y logren darle justicia a los asesinados&#8230; El caso se les puede desbordar&#8230; Y eso, unido con la inconformidad social que hay en ambos estados con sus gobernadores&#8230; Puede ser un \u00abc\u00f3ctel\u00bb muy peligroso&#8230; Hay que tener mucho cuidado&#8230; Cuitl\u00e1huac se qued\u00f3 callado y Barbosa s\u00f3lo sali\u00f3 a que le reclamaran&#8230;<\/p>\n<p>Este caso de los estudiantes victimados se le podr\u00eda convertir a Cuitl\u00e1huac, Barbosa y L\u00f3pez Obrador, si no lo resuelven ya, en un PRELUDIO de un movimiento estudiantil con tintes muy parecidos al de 1968 en CDMX&#8230; Un ESTALLIDO SOCIAL ante tanta inconformidad ciudadana&#8230; Y si se junta el movimiento feminista: \u00abEl 9 nadie se mueve\u00a8\u00bb&#8230; D\u00edas aciagos vienen a la 4T-MORENA&#8230; PERD\u00d3NAME&#8230; Sino soy lo que t\u00fa te mereces&#8230; Sino valgo el dolor que t\u00fa has pagado por m\u00ed a veces&#8230; Es lo que deben cantar los funcionarios Morenos a la sociedad&#8230; AMEN<\/p>\n","protected":false},"excerpt":{"rendered":"<p>Ricardo Ch\u00faa Sale y Vale OJO.. Ser\u00e1 verdad esa versi\u00f3n que anda circulando en Coatzacoalcos&#8230; De que Javier G\u00f3mez Cazar\u00edn, coordinador de los diputados locales de MORENA, ya le qued\u00f3 chico. su pueblo de Huayapan de Ocampo&#8230; Y que ya Cuitl\u00e1huac Garc\u00eda le dio \u00abluz verde\u00bb para que busque desde ahora la alcald\u00eda de Coatzacoalcos [&hellip;]<\/p>\n","protected":false},"author":2,"featured_media":0,"comment_status":"open","ping_status":"open","sticky":false,"template":"","format":"standard","meta":{"_jetpack_newsletter_access":"","_jetpack_dont_email_post_to_subs":false,"_jetpack_newsletter_tier_id":0,"_jetpack_memberships_contains_paywalled_content":false,"_jetpack_memberships_contains_paid_content":false,"footnotes":""},"categories":[70],"tags":[4860,15051,371,1681,13557,16811,3288,16812,11958,12695,1640,1026,12807,1639,266,16800,3578],"class_list":["post-53122","post","type-post","status-publish","format-standard","hentry","category-de-opinion","tag-actopan","tag-chapito","tag-coatzacoalcos","tag-cuitlahuac-garcia","tag-erik-aguilar-lopez","tag-huayapan-de-ocampo","tag-joaquin-guzman-aviles","tag-jose-alfredo-carrero","tag-jose-manuel-pozos-castro","tag-juan-javier-gomez-cazarin","tag-juan-manuel-diez-francos","tag-morena","tag-omar-miranda","tag-orizaba","tag-pan","tag-paulino-dominguez","tag-rocio-nahle"],"jetpack_featured_media_url":"","jetpack_sharing_enabled":true,"jetpack_shortlink":"https:\/\/wp.me\/p4Qcd3-dOO","_links":{"self":[{"href":"https:\/\/lospoliticosveracruz.com.mx\/index.php?rest_route=\/wp\/v2\/posts\/53122","targetHints":{"allow":["GET"]}}],"collection":[{"href":"https:\/\/lospoliticosveracruz.com.mx\/index.php?rest_route=\/wp\/v2\/posts"}],"about":[{"href":"https:\/\/lospoliticosveracruz.com.mx\/index.php?rest_route=\/wp\/v2\/types\/post"}],"author":[{"embeddable":true,"href":"https:\/\/lospoliticosveracruz.com.mx\/index.php?rest_route=\/wp\/v2\/users\/2"}],"replies":[{"embeddable":true,"href":"https:\/\/lospoliticosveracruz.com.mx\/index.php?rest_route=%2Fwp%2Fv2%2Fcomments&post=53122"}],"version-history":[{"count":1,"href":"https:\/\/lospoliticosveracruz.com.mx\/index.php?rest_route=\/wp\/v2\/posts\/53122\/revisions"}],"predecessor-version":[{"id":53124,"href":"https:\/\/lospoliticosveracruz.com.mx\/index.php?rest_route=\/wp\/v2\/posts\/53122\/revisions\/53124"}],"wp:attachment":[{"href":"https:\/\/lospoliticosveracruz.com.mx\/index.php?rest_route=%2Fwp%2Fv2%2Fmedia&parent=53122"}],"wp:term":[{"taxonomy":"category","embeddable":true,"href":"https:\/\/lospoliticosveracruz.com.mx\/index.php?rest_route=%2Fwp%2Fv2%2Fcategories&post=53122"},{"taxonomy":"post_tag","embeddable":true,"href":"https:\/\/lospoliticosveracruz.com.mx\/index.php?rest_route=%2Fwp%2Fv2%2Ftags&post=53122"}],"curies":[{"name":"wp","href":"https:\/\/api.w.org\/{rel}","templated":true}]}}