{"id":53465,"date":"2020-03-16T12:03:19","date_gmt":"2020-03-16T18:03:19","guid":{"rendered":"http:\/\/www.lospoliticosveracruz.com.mx\/?p=53465"},"modified":"2020-03-16T12:03:19","modified_gmt":"2020-03-16T18:03:19","slug":"accesos-y-salidas-de-las-animas-de-quien-fue-la-idea","status":"publish","type":"post","link":"https:\/\/lospoliticosveracruz.com.mx\/?p=53465","title":{"rendered":"Accesos y salidas de Las \u00c1nimas&#8230; \u00bfde qui\u00e9n fue la idea?"},"content":{"rendered":"<p><strong>Luis Bustos<\/strong><\/p>\n<p><em>EnEstaHora<\/em><br \/>\nLa vox populi no tiene la respuesta, sin embargo, es generalizada la opini\u00f3n de que las distintas acciones que ha tomado la autoridad municipal respecto a las salidas y accesos del fraccionamiento Las \u00c1nimas, han resultado m\u00e1s problem\u00e1ticas que beneficiosas.<br \/>\nDesde que suprimieron un carril de salida, limit\u00e1ndolo para quienes van hacia el sur como lo es Cotsco, Plaza Am\u00e9ricas, Trancas y Veracruz, la fila para poder salir llega, la mayor\u00eda de las veces, hasta el Club Britania.<br \/>\nM\u00e1s tarde, a los genios de la movilidad, se les ocurri\u00f3 hacer una obra \u201cmaestra\u201d con un carril del puente Animas, para el retorno y poder acceder con cierta facilidad a quienes van a Plaza \u00c1nimas, sin embargo, es la acci\u00f3n que resulta con mayor da\u00f1o a la poblaci\u00f3n residente del fraccionamiento.<br \/>\nQuiz\u00e1s desconocen o simplemente les vale \u201cM\u201d, que en la parte trasera de la Plaza, por Federico Menzel, hay algunas secciones como Dos Vistas, Vista Hermosa y Acueducto Animas, que ten\u00edan salida directa al retorno para incorporarse a la salida hacia Plaza \u00c1nimas o con rumbo a Veracruz y puntos intermedios\u2026. A todos ellos, simplemente los \u201cahogaron\u201d, pues ahora deben de irse hasta Palmas, para tomar el retorno que est\u00e1 despu\u00e9s de la capilla, para poder salir y, aquellos que optan por la v\u00eda acostumbrada, como ya mencionamos, de Federico Menzel y Agua Dulce, tienen que irse exactamente hasta ese mismo punto.<br \/>\nLo anterior, provoca un embotellamiento que cada vez se hace m\u00e1s complicado, por la simple raz\u00f3n de que ah\u00ed, en ese punto, convergen quienes viniendo del puente de la entrada principal y van a tomar el retorno, al igual que los procedentes del fraccionamiento de por el Club Britania y quienes bajan por Fresnos.<br \/>\nTodo un desastre en cuanto a la movilidad que ha dejado a los residentes del fraccionamiento con una movilidad limitada, casi est\u00e1tica, obtusa, por lo que esperamos que NUNCA se presente una desgracia, que obligue a los vecinos en su conjunto, a buscar salir con rapidez del fraccionamiento, porque en ese punto de conflicto, se va a generar un caos que puede llevar a tragedias a\u00fan mayores al sumarse a la problem\u00e1tica que obligue a buscar una salida emergente.<br \/>\nHasta donde tengo entendido, NO se ha buscado a las directivas de las distintas secciones que conforman el cada d\u00eda m\u00e1s grande fraccionamiento de Las \u00c1nimas, para tomar su opini\u00f3n, enriqueciendo las propuestas y opciones, por lo contrario, pareciera ser que \u00fanicamente buscaron a quien es identificado como presidente de todo el fraccionamiento y cuyo nombramiento o designaci\u00f3n, data de hace muchos a\u00f1os, cuando el fraccionamiento estaba muy lejos de ser el n\u00facleo poblacional que hoy concentra a miles de familias, en las distintas secciones, que por su magnitud hasta pudieran considerarse una ciudad distinta a la capital.<br \/>\nA los responsables de la obra maestra del desastre vial, les hacemos saber que cada secci\u00f3n tiene una organizaci\u00f3n y una representaci\u00f3n, por lo cual, debieron investigar y dialogar, para dar origen a una propuesta que no resultara tan burda como la que nos ocupa.<br \/>\nNi hablar, esto es resultado de NO conocer Xalapa y mucho menos la problem\u00e1tica y demandas de la sociedad plural que conforma a nuestra capital.<br \/>\nLo esperanzador: Ya se acerca el 2021\u2026 tiempo de tomar decisiones.<\/p>\n<p>Twitter: @EnEstahora Fb: @EnestaHora Coreo: lubuga@hotmail.com<\/p>\n","protected":false},"excerpt":{"rendered":"<p>Luis Bustos EnEstaHora La vox populi no tiene la respuesta, sin embargo, es generalizada la opini\u00f3n de que las distintas acciones que ha tomado la autoridad municipal respecto a las salidas y accesos del fraccionamiento Las \u00c1nimas, han resultado m\u00e1s problem\u00e1ticas que beneficiosas. Desde que suprimieron un carril de salida, limit\u00e1ndolo para quienes van hacia [&hellip;]<\/p>\n","protected":false},"author":2,"featured_media":0,"comment_status":"open","ping_status":"open","sticky":false,"template":"","format":"standard","meta":{"_jetpack_newsletter_access":"","_jetpack_dont_email_post_to_subs":false,"_jetpack_newsletter_tier_id":0,"_jetpack_memberships_contains_paywalled_content":false,"_jetpack_memberships_contains_paid_content":false,"footnotes":""},"categories":[70],"tags":[16973,16971,16976,16975,6278,16759,3575,3574,16974,16972,195,96],"class_list":["post-53465","post","type-post","status-publish","format-standard","hentry","category-de-opinion","tag-club-britania","tag-cotsco","tag-dos-vistas","tag-federico-menzel","tag-las-animas","tag-luis-bustos","tag-plaza-americas","tag-plaza-animas","tag-puente-animas","tag-trancas","tag-veracruz","tag-xalapa"],"jetpack_featured_media_url":"","jetpack_sharing_enabled":true,"jetpack_shortlink":"https:\/\/wp.me\/p4Qcd3-dUl","_links":{"self":[{"href":"https:\/\/lospoliticosveracruz.com.mx\/index.php?rest_route=\/wp\/v2\/posts\/53465","targetHints":{"allow":["GET"]}}],"collection":[{"href":"https:\/\/lospoliticosveracruz.com.mx\/index.php?rest_route=\/wp\/v2\/posts"}],"about":[{"href":"https:\/\/lospoliticosveracruz.com.mx\/index.php?rest_route=\/wp\/v2\/types\/post"}],"author":[{"embeddable":true,"href":"https:\/\/lospoliticosveracruz.com.mx\/index.php?rest_route=\/wp\/v2\/users\/2"}],"replies":[{"embeddable":true,"href":"https:\/\/lospoliticosveracruz.com.mx\/index.php?rest_route=%2Fwp%2Fv2%2Fcomments&post=53465"}],"version-history":[{"count":1,"href":"https:\/\/lospoliticosveracruz.com.mx\/index.php?rest_route=\/wp\/v2\/posts\/53465\/revisions"}],"predecessor-version":[{"id":53466,"href":"https:\/\/lospoliticosveracruz.com.mx\/index.php?rest_route=\/wp\/v2\/posts\/53465\/revisions\/53466"}],"wp:attachment":[{"href":"https:\/\/lospoliticosveracruz.com.mx\/index.php?rest_route=%2Fwp%2Fv2%2Fmedia&parent=53465"}],"wp:term":[{"taxonomy":"category","embeddable":true,"href":"https:\/\/lospoliticosveracruz.com.mx\/index.php?rest_route=%2Fwp%2Fv2%2Fcategories&post=53465"},{"taxonomy":"post_tag","embeddable":true,"href":"https:\/\/lospoliticosveracruz.com.mx\/index.php?rest_route=%2Fwp%2Fv2%2Ftags&post=53465"}],"curies":[{"name":"wp","href":"https:\/\/api.w.org\/{rel}","templated":true}]}}