{"id":53689,"date":"2020-03-24T08:11:39","date_gmt":"2020-03-24T14:11:39","guid":{"rendered":"http:\/\/www.lospoliticosveracruz.com.mx\/?p=53689"},"modified":"2020-03-24T08:11:39","modified_gmt":"2020-03-24T14:11:39","slug":"falla-el-programa-para-adultos-mayores","status":"publish","type":"post","link":"https:\/\/lospoliticosveracruz.com.mx\/?p=53689","title":{"rendered":"Falla el programa para adultos mayores"},"content":{"rendered":"<p><strong>Enrique Yasser Pompeyo<\/strong><\/p>\n<p><em>Mesa de Redacci\u00f3n<\/em><\/p>\n<p>El Programa para el Bienestar de las Personas Adultas Mayores del gobierno federal est\u00e1 fallando.<\/p>\n<p>De acuerdo con un documento dirigido a la titular de la Secretar\u00eda del Bienestar, Mar\u00eda Luisa Albores Gonz\u00e1lez, en la comunidad San Marcos de Le\u00f3n, municipio de Xico, no todos los abuelitos reciben el apoyo.<\/p>\n<p>En el texto se denuncian presuntas irregularidades por parte de los responsables en esa regi\u00f3n.<\/p>\n<p>De acuerdo con los representantes de los afectados, los ancianitos pese a haberse registrado desde el inicio del programa no les llega el recurso.<\/p>\n<p>Al acudir a las oficinas, tanto los adultos mayores como sus familiares atraviesan por un viacrucis sin obtener respuesta favorable; adem\u00e1s, sufren los presuntos tratos desp\u00f3ticos de los servidores de la naci\u00f3n que carecen de tacto y experiencia.<\/p>\n<p>Acusan que los empleados no les dan una explicaci\u00f3n l\u00f3gica y convincente de la situaci\u00f3n; lo \u00fanico que les dicen es que se registren como de nuevo ingreso, pero haciendo hincapi\u00e9 en que el tr\u00e1mite durar\u00e1 cuatro meses o m\u00e1s.<\/p>\n<p>Por ello, los afectados hacen la denuncia p\u00fablica para que la funcionaria federal ponga orden en el estado de Veracruz y particularmente en esa regi\u00f3n.<\/p>\n<p>Adem\u00e1s, le solicitan que se agilicen los tr\u00e1mites burocr\u00e1ticos, pues los viejitos, literalmente, morir\u00edan esperando el beneficio que tanto ha cacareado el Presidente Andr\u00e9s Manuel L\u00f3pez Obrador.<\/p>\n<p>As\u00ed como en esa comunidad, cu\u00e1ntos casos m\u00e1s habr\u00e1 de adultos mayores que se enfrentan a la tramitolog\u00eda, as\u00ed como a los malos tratos por parte de los empleados y que no denuncian por temor o por encontrarse en zonas muy alejadas en el territorio veracruzano.<\/p>\n<p><strong>SUBSIDIO EN TARIFA DEL AGUA<\/strong><\/p>\n<p>Ante la crisis por el coronavirus y las medidas de respaldo a la poblaci\u00f3n, el diputado local y coordinador del Grupo Legislativo del PAN, Omar Miranda Romero,\u00a0entreg\u00f3 en Oficial\u00eda de Partes del\u00a0Ayuntamiento de Xalapa\u00a0una solicitud para que haya un subsidio del 99 por ciento en la tarifa del agua a los adultos mayores de 60 a\u00f1os y del 50 por ciento de descuento a los habitantes de las colonias de alta marginaci\u00f3n.<\/p>\n<p>Ante la falta de apoyos por parte de los gobiernos federal y estatal, lo que se busca es brindar un poco de ayuda a la econom\u00eda de los xalape\u00f1os, ante el impacto que provoca la contingencia en el estado de Veracruz y en la ciudad capital.<\/p>\n<p>En el contexto de la pandemia mundial, el legislador tambi\u00e9n fustig\u00f3 que en el Sector Salud haya un rezago en materia de insumos como cubrebocas, guantes, batas y gel antibacterial, lo que pone en riesgo a m\u00e9dicos, enfermeras y a quienes ah\u00ed laboran.<\/p>\n<p>Como se recordar\u00e1, este lunes, personal m\u00e9dico del Hospital General Zona 11 del Instituto Mexicano del Seguro Social (IMSS) se manifest\u00f3 para denunciar la carencia de materiales para protecci\u00f3n y la vulnerabilidad ante un posible contagio; hace unos d\u00edas tambi\u00e9n protestaron trabajadores de la Cl\u00ednica 66 de Xalapa.<br \/>\nenriquepompeyo@hotmail.com<\/p>\n","protected":false},"excerpt":{"rendered":"<p>Enrique Yasser Pompeyo Mesa de Redacci\u00f3n El Programa para el Bienestar de las Personas Adultas Mayores del gobierno federal est\u00e1 fallando. De acuerdo con un documento dirigido a la titular de la Secretar\u00eda del Bienestar, Mar\u00eda Luisa Albores Gonz\u00e1lez, en la comunidad San Marcos de Le\u00f3n, municipio de Xico, no todos los abuelitos reciben el [&hellip;]<\/p>\n","protected":false},"author":2,"featured_media":0,"comment_status":"open","ping_status":"open","sticky":false,"template":"","format":"standard","meta":{"_jetpack_newsletter_access":"","_jetpack_dont_email_post_to_subs":false,"_jetpack_newsletter_tier_id":0,"_jetpack_memberships_contains_paywalled_content":false,"_jetpack_memberships_contains_paid_content":false,"footnotes":""},"categories":[1],"tags":[618,17020,12597,15477,1208,17080,1951,266,17079,15952,96,784],"class_list":["post-53689","post","type-post","status-publish","format-standard","hentry","category-sin-categoria","tag-andres-manuel-lopez-obrador","tag-bienestar","tag-clinica-11","tag-enrique-yasser-pompeyo","tag-imss","tag-maria-luisa-albores-gonzalez","tag-omar-miranda-romero","tag-pan","tag-personas-adultas-mayores","tag-san-marcos-de-leon","tag-xalapa","tag-xico"],"jetpack_featured_media_url":"","jetpack_sharing_enabled":true,"jetpack_shortlink":"https:\/\/wp.me\/p4Qcd3-dXX","_links":{"self":[{"href":"https:\/\/lospoliticosveracruz.com.mx\/index.php?rest_route=\/wp\/v2\/posts\/53689","targetHints":{"allow":["GET"]}}],"collection":[{"href":"https:\/\/lospoliticosveracruz.com.mx\/index.php?rest_route=\/wp\/v2\/posts"}],"about":[{"href":"https:\/\/lospoliticosveracruz.com.mx\/index.php?rest_route=\/wp\/v2\/types\/post"}],"author":[{"embeddable":true,"href":"https:\/\/lospoliticosveracruz.com.mx\/index.php?rest_route=\/wp\/v2\/users\/2"}],"replies":[{"embeddable":true,"href":"https:\/\/lospoliticosveracruz.com.mx\/index.php?rest_route=%2Fwp%2Fv2%2Fcomments&post=53689"}],"version-history":[{"count":1,"href":"https:\/\/lospoliticosveracruz.com.mx\/index.php?rest_route=\/wp\/v2\/posts\/53689\/revisions"}],"predecessor-version":[{"id":53691,"href":"https:\/\/lospoliticosveracruz.com.mx\/index.php?rest_route=\/wp\/v2\/posts\/53689\/revisions\/53691"}],"wp:attachment":[{"href":"https:\/\/lospoliticosveracruz.com.mx\/index.php?rest_route=%2Fwp%2Fv2%2Fmedia&parent=53689"}],"wp:term":[{"taxonomy":"category","embeddable":true,"href":"https:\/\/lospoliticosveracruz.com.mx\/index.php?rest_route=%2Fwp%2Fv2%2Fcategories&post=53689"},{"taxonomy":"post_tag","embeddable":true,"href":"https:\/\/lospoliticosveracruz.com.mx\/index.php?rest_route=%2Fwp%2Fv2%2Ftags&post=53689"}],"curies":[{"name":"wp","href":"https:\/\/api.w.org\/{rel}","templated":true}]}}