{"id":53896,"date":"2020-03-31T10:03:27","date_gmt":"2020-03-31T16:03:27","guid":{"rendered":"http:\/\/www.lospoliticosveracruz.com.mx\/?p=53896"},"modified":"2020-03-31T10:10:25","modified_gmt":"2020-03-31T16:10:25","slug":"53896","status":"publish","type":"post","link":"https:\/\/lospoliticosveracruz.com.mx\/?p=53896","title":{"rendered":"\u00a1Adi\u00f3s Ferral!"},"content":{"rendered":"<p><strong>Ricardo Ch\u00faa<\/strong><\/p>\n<p><em>Sale y Vale<\/em><\/p>\n<p>ADI\u00d3S MAR\u00cdA ELENA&#8230; Del crimen contra la periodista del Diario de Xalapa, Mar\u00eda Elena Ferral, ocurrido en Papantla, se tendr\u00e1 que esperar que las autoridades de la Fiscal\u00eda del Estado, de una respuesta a los posibles m\u00f3viles&#8230; Pero que sean cre\u00edbles y no dejen dudas&#8230; Pero lo de ayer es la muestra, que en Veracruz vivimos en un \u00abESTADO FALLIDO\u00bb y los funcionarios estatales, pueden enojar, si as\u00ed lo desean&#8230; Pero es la realidad&#8230;El ataque no fue para herirla Gobernador, fue para asesinarla.. Eso creemos, que le queda claro&#8230;<\/p>\n<p>Ya no copie el estilo del Presidente, Andr\u00e9s Manuel L\u00f3pez Obrador (porque no es el suyo) en \u00abajusticiar\u00bb a medios de comunicaci\u00f3n que critican a su gobierno&#8230; Sobre todo esas malas formas porque el rango pol\u00edtico de AMLO lo rebasa y por mucho&#8230; Su mensaje de twitter contra periodistas que publicaron que Ferral hab\u00eda fallecido horas antes&#8230; Si bien fue un error, pero era por un tema NOTICIOSO, no por \u00abgolpear\u00bb a su administraci\u00f3n&#8230; Como usted lo difundi\u00f3&#8230; De \u00abgolpearlo\u00bb de eso se encargan ustedes mismos como funcionarios&#8230; No la prensa&#8230;<\/p>\n<p>A los periodistas que se equivocaron la falsa informaci\u00f3n moment\u00e1nea del estado de salud de Mar\u00eda Elena, sus lectores y credibilidad la se los cobran&#8230; Pero usted como autoridad, cometi\u00f3 un peor error, al querer sacar \u00abRAJA\u00bb POL\u00cdTICA (as\u00ed parece porque lo escribi\u00f3 en sus redes sociales) al ocupar el FALLA de algunos medios. a favor de su administraci\u00f3n&#8230; Aduciendo con que este atentado lo iban \u00abgolpear\u00bb&#8230; Por favor,,si horas m\u00e1s tarde falleci\u00f3&#8230; Se debi\u00f3 preocupar por los presuntos 8 disparos que le quitaron la vida&#8230; No por un error en la informaci\u00f3n&#8230;<\/p>\n<p>Distinto hubiera sido si se mostraba como \u00abHombre de Estado\u00bb en esas horas y ofreciera coadyuvar con la investigaci\u00f3n del ataque&#8230; En vez de hacerse la VICTIMA&#8230; En lugar de OFRECER al gremio period\u00edstico que trabaja en Veracruz, donde hay el mayor n\u00famero de cr\u00edmenes contra la prensa (Estado que hoy gobierna), CONFIANZA, SERENIDAD Y SEGURIDAD para la libertad de expresi\u00f3n.. Y hace todo lo contrario, los ENFRENTA y DENOSTA&#8230; Eso no va con la investidura que hoy tiene&#8230;<\/p>\n<p>Le falto mucha pero mucha prudencia, si es que puso el twitter&#8230; Pero si lo hizo su \u00abCommunity Manager\u00bb, peor&#8230; Esta a merced de \u00abhacedores\u00bb de imagen&#8230; Que s\u00f3lo lo llevan a cometer imprudencias&#8230; Pero ahora su postura, es lo que menos interesa&#8230; Lo que realmente importa es que se le haga justicia a Maria Elena.. Eso tambi\u00e9n es su responsabilidad porque debe garantizar la libre expresi\u00f3n&#8230; Que el crimen de Maria Elena muestra que no la hay&#8230; Descansa en Paz amiga, que tu asesinato no quede impune&#8230; Hasta siempre Ferral&#8230; AMEN&#8230;<\/p>\n<p>VERACRUZ, LA ECONOM\u00cdA DE \u00abGUERRA\u00bb.. Despu\u00e9s de todos los saldos negativos que est\u00e1 dejando el Coronavirus en Veracruz&#8230; Y que de nuevo, el gobernador, Cuitl\u00e1huac Garc\u00eda no quiera pensar la propuesta de condonar alg\u00fan tipo de impuesto estatal y pago de servicios agua, luz e internet&#8230; Ya que esto a futuro esto generar\u00eda deuda&#8230; Acaso el gobierno del Estado se ha sentado analizar que si las fases de emergencia contin\u00faan&#8230; \u00bfHabr\u00e1 alg\u00fan futuro para el Estado?&#8230; M\u00e1s si no se toman en estas medidas&#8230; Estamos entrando a una \u00abEconom\u00eda de Guerra\u00bb&#8230;<\/p>\n<p>Hay que recordar que una \u00abEconom\u00eda de Guerra\u00bb es la que se aplica en momentos de fuertes convulsiones violentas, sean o no conflictos armados, o en periodos de extrema autarqu\u00eda y que tiene por objetivo mantener el funcionamiento de las actividades econ\u00f3micas indispensables para un pa\u00eds, procurar el autoabastecimiento, desincentivar el consumo privado, garantizar la producci\u00f3n de alimentos y controlar la econom\u00eda nacional desde el Estado&#8230; \u00bfA qu\u00e9 le suena esto Gobernador?&#8230; A la pandemia del \u00abCoronavirus\u00bb&#8230; \u00bfNo?&#8230;<\/p>\n<p>Si ya en sus 16 meses de gobernador ha pedido alrededor de 12 prestamos a la banca privada para su administraci\u00f3n&#8230; Ante esta emergencia, qui\u00e9n le puede reclamar endeudar m\u00e1s al Estado, si es para mantener a la econom\u00eda local a flote&#8230; No es para su burocracia o para hacer proyectos de su gobierno&#8230; Es para que Veracruz siga caminando econ\u00f3micamente a pesar de la pandemia&#8230; \u00bfSino que tipo de Estado va a gobernar?&#8230;<\/p>\n<p>Esa es la duda, a qui\u00e9n va a gobernar si la econom\u00eda cae&#8230; \u00bfEl de los desempelados porque el due\u00f1o cerr\u00f3 la empresa al no tener como pagar?&#8230; Y una larga lista de etc\u00e9teras&#8230; No todos tienen el dinero que el gobierno maneja desde SEFIPLAN&#8230; Si no hay actividad comercial por un Estado de Emergencia Sanitaria, declarado por el mismo gobierno, como se genera riqueza para que se solventen los dem\u00e1s gastos&#8230; Todo est\u00e1 parado y la mayor\u00eda de los veracruzanos viven al d\u00eda&#8230; No hay suficientes millonarios para aguantar \u00abcuarentenas\u00bb&#8230;<\/p>\n<p>No todos los veracruzanos son funcionarios p\u00fablicos o bur\u00f3cratas con cargo al erario&#8230; No todos se pueden ir a sus casas y el empresario menos&#8230; Para el colmo, el gobierno federal ya dijo que no va a rescatar financieramente nada&#8230; Y le sigue metiendo dinero a \u00abDos Bocas\u00bb y \u00abSanta Lucia\u00bb, al \u00abTren Maya\u00bb&#8230; L\u00f3pez Obrador al menos tiene proyectos, que en estos momentos son gasto in\u00fatil pero los tiene&#8230; \u00bfEn que va a gastar el gobernador de Veracruz para \u00abapretar\u00bb a los empresarios a que cumplan con impuestos estatales?&#8230;<\/p>\n<p>Mejor por qu\u00e9 no hace un llamado de uni\u00f3n y da facilidades fiscales estatales para que las empresas en la entidad no cierren y cientos de trabajadores se vayan a la calle&#8230; Y sean parte de la econom\u00eda informal&#8230; Y as\u00ed como los obligas a quedarse en su casa, sin trabajo, no hay sustento para la familia&#8230; Lo mencionados en este espacio&#8230; Cuando un hombre no tiene nada que perder, es capaz de todo&#8230; \u00bfHasta d\u00f3nde queremos llegar?&#8230; Que se desate el vandalismo porque no hay empleo, por la econom\u00eda en quiebra y por el nulo desarrollo&#8230;<\/p>\n<p>El gobernador est\u00e1 a tiempo de hacer un cambio en esa estrategia de MIPYMES y todas la empresas de la entidad&#8230; 10 mil pesos de cr\u00e9dito por microempresa&#8230; M\u00e1s el ampliar el plazo del 100 por ciento el subsidio a la tenencia vehicular&#8230; No es siquiera, un \u00abparecetamol para un enfermo de coronavirus\u00bb&#8230; M\u00e1s bien parece SIMULACI\u00d3N para enfrentar la recesi\u00f3n econ\u00f3mica que viene y que todo se le eche la culpa al virus&#8230; En Veracruz, es \u00abdeporte favorito\u00bb cuando algo no sale bien al gobierno, todo es culpa Duarte o Yunes&#8230; ES COSTUMBRE&#8230; AMEN&#8230;.<\/p>\n","protected":false},"excerpt":{"rendered":"<p>Ricardo Ch\u00faa Sale y Vale ADI\u00d3S MAR\u00cdA ELENA&#8230; Del crimen contra la periodista del Diario de Xalapa, Mar\u00eda Elena Ferral, ocurrido en Papantla, se tendr\u00e1 que esperar que las autoridades de la Fiscal\u00eda del Estado, de una respuesta a los posibles m\u00f3viles&#8230; Pero que sean cre\u00edbles y no dejen dudas&#8230; Pero lo de ayer es [&hellip;]<\/p>\n","protected":false},"author":2,"featured_media":0,"comment_status":"open","ping_status":"open","sticky":false,"template":"","format":"standard","meta":{"_jetpack_newsletter_access":"","_jetpack_dont_email_post_to_subs":false,"_jetpack_newsletter_tier_id":0,"_jetpack_memberships_contains_paywalled_content":false,"_jetpack_memberships_contains_paid_content":false,"footnotes":""},"categories":[70],"tags":[618,1563,6567,1033,17188,3315,13604,195],"class_list":["post-53896","post","type-post","status-publish","format-standard","hentry","category-de-opinion","tag-andres-manuel-lopez-obrador","tag-cuitlahuac-garcia-jimenez","tag-diario-de-xalapa","tag-estado-fallido","tag-maria-elena-ferral","tag-papantla","tag-ricardo-chua","tag-veracruz"],"jetpack_featured_media_url":"","jetpack_sharing_enabled":true,"jetpack_shortlink":"https:\/\/wp.me\/s4Qcd3-53896","_links":{"self":[{"href":"https:\/\/lospoliticosveracruz.com.mx\/index.php?rest_route=\/wp\/v2\/posts\/53896","targetHints":{"allow":["GET"]}}],"collection":[{"href":"https:\/\/lospoliticosveracruz.com.mx\/index.php?rest_route=\/wp\/v2\/posts"}],"about":[{"href":"https:\/\/lospoliticosveracruz.com.mx\/index.php?rest_route=\/wp\/v2\/types\/post"}],"author":[{"embeddable":true,"href":"https:\/\/lospoliticosveracruz.com.mx\/index.php?rest_route=\/wp\/v2\/users\/2"}],"replies":[{"embeddable":true,"href":"https:\/\/lospoliticosveracruz.com.mx\/index.php?rest_route=%2Fwp%2Fv2%2Fcomments&post=53896"}],"version-history":[{"count":3,"href":"https:\/\/lospoliticosveracruz.com.mx\/index.php?rest_route=\/wp\/v2\/posts\/53896\/revisions"}],"predecessor-version":[{"id":53900,"href":"https:\/\/lospoliticosveracruz.com.mx\/index.php?rest_route=\/wp\/v2\/posts\/53896\/revisions\/53900"}],"wp:attachment":[{"href":"https:\/\/lospoliticosveracruz.com.mx\/index.php?rest_route=%2Fwp%2Fv2%2Fmedia&parent=53896"}],"wp:term":[{"taxonomy":"category","embeddable":true,"href":"https:\/\/lospoliticosveracruz.com.mx\/index.php?rest_route=%2Fwp%2Fv2%2Fcategories&post=53896"},{"taxonomy":"post_tag","embeddable":true,"href":"https:\/\/lospoliticosveracruz.com.mx\/index.php?rest_route=%2Fwp%2Fv2%2Ftags&post=53896"}],"curies":[{"name":"wp","href":"https:\/\/api.w.org\/{rel}","templated":true}]}}