{"id":54024,"date":"2020-04-05T10:47:38","date_gmt":"2020-04-05T15:47:38","guid":{"rendered":"http:\/\/www.lospoliticosveracruz.com.mx\/?p=54024"},"modified":"2020-04-05T10:47:38","modified_gmt":"2020-04-05T15:47:38","slug":"las-sospechosas-neumonias-atipicas","status":"publish","type":"post","link":"https:\/\/lospoliticosveracruz.com.mx\/?p=54024","title":{"rendered":"Las sospechosas neumon\u00edas at\u00edpicas"},"content":{"rendered":"<p><strong>Ricardo Ch\u00faa<\/strong><\/p>\n<p><em>Sale y Vale<\/em><\/p>\n<p>NEUMONIAS Y EL CORONAVIRUS&#8230; Si el gobierno estatal de Cuitl\u00e1huac Garc\u00eda quiere quitarse de encima la SOSPECHA generalizada de la sociedad veracruzana&#8230; De que su administraci\u00f3n OCULTA realmente las cifras del n\u00famero de casos que se han presentado por la pandemia del Coronavirus en la entidad&#8230; Y que no se tenga la certeza de la cantidad de personas infectadas de este mal&#8230; Debe seguir un ejemplo que tanto pregonan los gobiernos de MORENA&#8230; Que es la transparencia&#8230;<\/p>\n<p>Lo m\u00e1s sano para \u00e9l y su gabinete, para que deje de seguir cayendo su gobierno en la desaprobaci\u00f3n de la sociedad&#8230; N\u00famero que se ve reflejado en los sondeos y las \u00faltimas encuestas de la semana pasada, es que la Secretar\u00eda de Salud publique el n\u00famero real de los casos de veracruzanos que en el mes de marzo, han fallecido a causa de NEUMONIAS AT\u00cdPICAS&#8230; Y para darle m\u00e1s veracidad al asunto&#8230; Que las compare con la cantidad de personas que murieron por este mismo mal en marzo pero del 2019&#8230;<\/p>\n<p>De esa manera, la ciudadan\u00eda dejar\u00e1 de sospechar que el gobierno estatal oculta las cifras y s\u00f3lo presentan los n\u00fameros de casos fallecidos pero ya \u00abmaquillados\u00bb&#8230; Y no est\u00e1n dando a conocer la REALIDAD que se vive con esta contigencia en la entidad&#8230; As\u00ed tambi\u00e9n Roberto Ramos Alor, como secretario de Salud, le quitar\u00eda \u00abgolpes\u00bb a Cuitl\u00e1huac Garc\u00eda sobre ese tema&#8230; Y nadie pensar\u00eda que est\u00e1n mintiendo con las cifras de las muertes a causa del coronavirus en el Estado&#8230;<\/p>\n<p>Qu\u00e9 le cuesta al gobernador y al secretario de Salud sentarse en una rueda de prensa en Palacio de Gobierno.. Y anunciar de manera sencilla&#8230; Que en marzo de este a\u00f1o van tantos fallecimientos por neumon\u00eda at\u00edpica y que comparado con 2019 es una cifra similar&#8230; As\u00ed de manera tranquila y sin tanto aspaviento&#8230; Con ese dato de manera precisa, se acabar\u00edan los rumores de que la cifra de muertos las \u00abmaquilla\u00bb el gobierno del Estado&#8230; Mientras no lo haga siempre estar\u00e1 BAJO SOSPECHA&#8230;<\/p>\n<p>Y es que en Veracruz donde el RUMOR es un \u00abdeporte\u00bb muy practicado a lo largo y ancho de la entidad&#8230; Es lo que le va ganando al gobierno de Cuitl\u00e1huac con el tema de la cantidad de personas fallecidas por la pandemia del Coronavirus porque dice la sociedad que a estas personas, la Secretar\u00eda de Salud se las dictamina como \u00abneumonia at\u00edpica\u00bb y no como Coronavirus&#8230; Que es la causa real, que ellos creen, por la que fallecen&#8230;<\/p>\n<p>De esta forma, es como cree el \u00abpueblo bueno y sabio\u00bb de Veracruz&#8230; Que se \u00abdisfraza\u00bb la realidad de esta enfermedad&#8230; Tan f\u00e1cil que es acabar con ese rumor&#8230; Si publican el n\u00famero de fallecimientos por neumonias del 2019 al 2020&#8230;. Pero lo dicho&#8230; Este gobierno no sabe aplicar la Ciencia Pol\u00edtica a su administraci\u00f3n&#8230; Prefieren siempre que triunfe el rumor sobre la verdad y que todo veracruzano especule sobre las muertes por el Coronavirus&#8230; Pero aqu\u00ed en vez de practicar la pol\u00edtica son genios y figuras&#8230; TAN&#8230; TAN&#8230;<\/p>\n<p>EL RUMOR DE LAS REDES&#8230; En redes sociales y grupos de \u00abguasap\u00bb se est\u00e1 manejando desde la tarde de ayer s\u00e1bado&#8230; Que su anuncio de hoy domingo por la tarde ser\u00e1, independientemente para hablar de las medidas que tomar\u00e1 por la contingencia del Coronavirus&#8230;. Tambi\u00e9n ser\u00e1 para hablar de los \u00abenroques\u00bb de su gabinete federal y lo que m\u00e1s suena es la llegada de Marcelo Ebrard a la Secretar\u00eda de Gobernaci\u00f3n por Olga S\u00e1nchez Cordero&#8230;<\/p>\n<p>Y que, por ello, de manera inmediata, la ex ministra de la SCJN seria designada la nueva Secretar\u00eda de Relaciones Exteriores&#8230; Tambi\u00e9n se menciona la salida de Arturo Herrera de la Secretar\u00eda de Hacienda para darle paso a Raquel Buenrostro a ocupar la titularidad de la dependencia de forma provisional&#8230; Pero insistimos es un rumor que se maneja en c\u00edrculos pol\u00edticos y period\u00edsticos de distintos puntos del pa\u00eds y CDMX con los cuales mantenemos contacto&#8230; Es decir, la versi\u00f3n es m\u00e1s que fuerte de las renuncias y enroques del gabinete&#8230;<\/p>\n<p>Tambi\u00e9n se habla de la salida del empresario regiomontano, Alfonso Romo, de la jefatura de la Oficina de la Presidencia de M\u00e9xico&#8230; El personaje dejar\u00eda el cargo despu\u00e9s de una serie de enfrentamientos al interior del gabinete con L\u00f3pez Obrador&#8230; Ya esa relaci\u00f3n dej\u00f3 de ser la misma desde el 2018&#8230; La otra renuncia ser\u00eda la de Javier Jim\u00e9nez Espir\u00fa, de la Secretar\u00eda de Comunicaciones y Transportes&#8230; De confirmarse, el rumor en unas horas.. El Coronavirus vino a darle una \u00absacudida\u00bb al Presidente de M\u00e9xico, que ni la violencia o la econom\u00eda hab\u00eda logrado&#8230; Es un virus \u00abFifi\u00bb de corte neoliberal&#8230;<\/p>\n<p>Sin embargo, hay quienes piensan que esta situaci\u00f3n no pasar\u00e1 en el anuncio del Presidente de M\u00e9xico esta tarde en Palacio Nacional&#8230; El argumento que ocupan estos expertos, es que mientras haya emergencia nacional por la pandemia&#8230; Andr\u00e9s Manuel como mandatario nacional, no aceptar\u00e1, ni habr\u00e1 renuncias&#8230;. Y hoy lo \u00fanico real, es que dar\u00e1 un informe dentro de su estilo&#8230; Y sin m\u00e1s que aportar de lo que ya se sabe de este tema&#8230; En pocas palabras: \u00abPuro show\u00bb&#8230; DIOS NOS AGARRE CONFESADOR&#8230;<\/p>\n<p>POSTDATA&#8230; De confirmarse el cambio de la secretaria de Gobernaci\u00f3n y la llegada de Marcelo Ebrard&#8230; El trato que tendr\u00e1 el gobernador, Cuitl\u00e1uhuac Garc\u00eda con la oficina de Bucarelli, ser\u00e1 de \u00abponerse las pilas\u00bb porque Marchello no es Olga&#8230; Y Ebrard conoce muy bien el tema Veracruz-MORENA-Gabinete estatal&#8230; Y se rumora que es uno de los funcionarios federales que m\u00e1s ha pedido al Presidente, que tome medidas serias con los miembros del gabinete estatal por todo el relajo que tuvo en 2019&#8230; As\u00ed que la cosa no le pinta de todo bien&#8230;<\/p>\n<p>Hay que recordar que a mediados del a\u00f1o pasado&#8230; Marchello era uno de los funcionarios federales que ten\u00edan \u00absupervisando\u00bb al gobierno de Veracruz, emanado de MORENA, importante entidad en t\u00e9rminos electorales&#8230; Y que al darse cuenta del desaseo pol\u00edtico y gubernamental que ten\u00edan los funcionarios de Cuitl\u00e1huac Garc\u00eda&#8230; Recomend\u00f3 no tantas \u00ablevantadas de mano\u00bb y \u00abrespaldos\u00bb Presidenciales&#8230; Y que le metieran un \u00abpoco de fr\u00edo\u00bb a la administraci\u00f3n local por parte de L\u00f3pez Obrador para que entendieron que la estaban \u00abregando\u00bb&#8230;<\/p>\n<p>Por eso, el panorama de Cuitl\u00e1huac Garc\u00eda, si se llega a dar el cambio en unas horas de Ebrard&#8230; No ser\u00eda tan \u00abterso\u00bb como lo tiene con Olga S\u00e1nchez C\u00f3rdero (Qui\u00e9n tiene a su sobrino, Enrique Nach\u00f3n Garc\u00eda, como titular de la SEDECOP)&#8230; Aqu\u00ed las cosas ser\u00edan diferentes.. Marcelo QUIERE SER PRESIDENTE&#8230; Do\u00f1a Olga no&#8230;Y \u00e9l sabe que de superar la contingencia del Coronavirus, sin perder mucho prestigio pol\u00edtico&#8230; Veracruz le es necesario para lograrlo en 2024 pero con un gobierno con gobernabilidad&#8230; No como lo tienen ahora&#8230; AMEN&#8230;<\/p>\n","protected":false},"excerpt":{"rendered":"<p>Ricardo Ch\u00faa Sale y Vale NEUMONIAS Y EL CORONAVIRUS&#8230; Si el gobierno estatal de Cuitl\u00e1huac Garc\u00eda quiere quitarse de encima la SOSPECHA generalizada de la sociedad veracruzana&#8230; De que su administraci\u00f3n OCULTA realmente las cifras del n\u00famero de casos que se han presentado por la pandemia del Coronavirus en la entidad&#8230; Y que no se [&hellip;]<\/p>\n","protected":false},"author":2,"featured_media":0,"comment_status":"open","ping_status":"open","sticky":false,"template":"","format":"standard","meta":{"_jetpack_newsletter_access":"","_jetpack_dont_email_post_to_subs":false,"_jetpack_newsletter_tier_id":0,"_jetpack_memberships_contains_paywalled_content":false,"_jetpack_memberships_contains_paid_content":false,"footnotes":""},"categories":[70],"tags":[16264,16673,1681,1026,17192,17286,13604,12606,995,195],"class_list":["post-54024","post","type-post","status-publish","format-standard","hentry","category-de-opinion","tag-coronavirus","tag-covid-19","tag-cuitlahuac-garcia","tag-morena","tag-neumonia-atipica","tag-neumonias","tag-ricardo-chua","tag-roberto-ramos-alor","tag-secretaria-de-salud","tag-veracruz"],"jetpack_featured_media_url":"","jetpack_sharing_enabled":true,"jetpack_shortlink":"https:\/\/wp.me\/p4Qcd3-e3m","_links":{"self":[{"href":"https:\/\/lospoliticosveracruz.com.mx\/index.php?rest_route=\/wp\/v2\/posts\/54024","targetHints":{"allow":["GET"]}}],"collection":[{"href":"https:\/\/lospoliticosveracruz.com.mx\/index.php?rest_route=\/wp\/v2\/posts"}],"about":[{"href":"https:\/\/lospoliticosveracruz.com.mx\/index.php?rest_route=\/wp\/v2\/types\/post"}],"author":[{"embeddable":true,"href":"https:\/\/lospoliticosveracruz.com.mx\/index.php?rest_route=\/wp\/v2\/users\/2"}],"replies":[{"embeddable":true,"href":"https:\/\/lospoliticosveracruz.com.mx\/index.php?rest_route=%2Fwp%2Fv2%2Fcomments&post=54024"}],"version-history":[{"count":1,"href":"https:\/\/lospoliticosveracruz.com.mx\/index.php?rest_route=\/wp\/v2\/posts\/54024\/revisions"}],"predecessor-version":[{"id":54026,"href":"https:\/\/lospoliticosveracruz.com.mx\/index.php?rest_route=\/wp\/v2\/posts\/54024\/revisions\/54026"}],"wp:attachment":[{"href":"https:\/\/lospoliticosveracruz.com.mx\/index.php?rest_route=%2Fwp%2Fv2%2Fmedia&parent=54024"}],"wp:term":[{"taxonomy":"category","embeddable":true,"href":"https:\/\/lospoliticosveracruz.com.mx\/index.php?rest_route=%2Fwp%2Fv2%2Fcategories&post=54024"},{"taxonomy":"post_tag","embeddable":true,"href":"https:\/\/lospoliticosveracruz.com.mx\/index.php?rest_route=%2Fwp%2Fv2%2Ftags&post=54024"}],"curies":[{"name":"wp","href":"https:\/\/api.w.org\/{rel}","templated":true}]}}