{"id":54160,"date":"2020-04-09T12:05:34","date_gmt":"2020-04-09T17:05:34","guid":{"rendered":"http:\/\/www.lospoliticosveracruz.com.mx\/?p=54160"},"modified":"2020-04-09T12:05:34","modified_gmt":"2020-04-09T17:05:34","slug":"diputado-leno-pide-a-ssp-cuide-las-unas-de-sus-muchachitos","status":"publish","type":"post","link":"https:\/\/lospoliticosveracruz.com.mx\/?p=54160","title":{"rendered":"Diputado Leno pide a SSP cuide \u00ablas u\u00f1as\u00bb de sus muchachitos"},"content":{"rendered":"<p><a href=\"http:\/\/www.lospoliticosveracruz.com.mx\/wp-content\/uploads\/2020\/04\/Maleno-A.jpg\"><img loading=\"lazy\" decoding=\"async\" class=\"aligncenter size-full wp-image-54161\" src=\"http:\/\/www.lospoliticosveracruz.com.mx\/wp-content\/uploads\/2020\/04\/Maleno-A.jpg\" alt=\"Maleno A\" width=\"600\" height=\"383\" \/><\/a><\/p>\n<p>Ante los hechos suscitados el d\u00eda de ayer en el tramo carretero Cardel-Xalapa, donde el Oficial Evencio Valera Palacios, realiz\u00f3 actos de corrupci\u00f3n en los retenes o puntos de revisi\u00f3n que se han puesto en aquel lugar, el diputado Jos\u00e9 Magdaleno Rosales Torres, exhort\u00f3 a los oficiales de la secretaria de Seguridad P\u00fablica y en particular al mencionado elemento de seguridad, a no ser part\u00edcipes en actos de corrupci\u00f3n en los retenes o revisiones, a efecto de construir una cultura de la legalidad y cero corrupci\u00f3n.<\/p>\n<p>Rosales Torres mencion\u00f3 que el d\u00eda de ayer en compa\u00f1\u00eda de su hom\u00f3loga la diputada Jessica Ram\u00edrez Cisneros, acudieron al llamado de un ciudadano quien solicit\u00f3 de su ayuda, debido a que fue detenido injustamente por oficiales adscritos a la secretaria de Seguridad P\u00fablica en un ret\u00e9n ubicado en la carretera Cardel &#8211; Xalapa.<\/p>\n<p>\u201cQuiero mencionar que abord\u00e9 al oficial Evencio Valera Palacios, quien es una persona d\u00e9spota, nos argument\u00f3 que detuvieron el veh\u00edculo, porque contaba con reporte de robo, pero al ingresar al Registro P\u00fablico Vehicular, no hay ning\u00fan reporte, por lo que argument\u00f3 que la detenci\u00f3n se realiz\u00f3 porque una de las piezas no coincide con el n\u00famero de serie, nunca nos dej\u00f3 hablar con el detenido y a decir de los familiares a la hora de la detenci\u00f3n no les fueron le\u00eddos sus derechos\u201d.<\/p>\n<p>Por su parte el padre del supuesto infractor Urbano \u201cX\u201d, mencion\u00f3 que \u201cnunca hab\u00eda tenido problema con la camioneta que maneja su hijo, ya que el lleva m\u00e1s de 11 a\u00f1os con el veh\u00edculo, al llegar al lugar de la detenci\u00f3n le coment\u00e9 al polic\u00eda que revisara la factura de compra, cosa que nunca realiz\u00f3 y me coment\u00f3 que el chasis, motor y placas todo coincide, solo no coincide un n\u00famero en el tablero en el cual ellos argumentan que es robada, quiero dejar claro el oficial me dijo que ser\u00eda m\u00e1s facial llegar a un acuerdo econ\u00f3mico para dejar libre a mi hijo y como no acced\u00ed, lo detuvieron traslad\u00e1ndolo a la fiscal\u00eda general con sede en Cardel\u201d, subray\u00f3 el padre del detenido.<\/p>\n<p>El legislador expres\u00f3 que en la Constituci\u00f3n Pol\u00edtica de los Estados Unidos Mexicanos, en su Art\u00edculo 21, dispone que la seguridad p\u00fablica est\u00e1 a cargo de la Federaci\u00f3n, los Estados y los Municipios, cuya finalidad es salvaguardar la vida, libertades, la integridad y el patrimonio de las personas; as\u00ed como contribuir a la preservaci\u00f3n del orden p\u00fablico y la paz social.<\/p>\n<p>Por su parte, las leyes General del Sistema Nacional de Seguridad P\u00fablica y la Estatal, refieren que la seguridad p\u00fablica tiene por objeto, entre otras, el preservar el orden y la paz p\u00fablica.<\/p>\n<p>En ese sentido, las fuerzas del orden est\u00e1n facultadas constitucionalmente para hacer detenciones en caso de flagrancia, es decir, pueden detener a alguna persona que haya desplegado presumiblemente una conducta que puede ser constitutiva de delito y presentarla de forma inmediata ante la autoridad competente.<\/p>\n<p>Pero tal cuesti\u00f3n, en modo alguno debe prestarse a actos ilegales y de corrupci\u00f3n, pues el hecho de tener esa potestad de poder detener a una persona en caso de flagrancia, no pueden andar las fuerzas del orden inventando delitos o infracciones, con el \u00e1nimo de obtener un lucro indebido, pues en muchos casos, la polic\u00eda estatal detienen a personas invent\u00e1ndoles una conducta seg\u00fan ellos antijur\u00eddica y que a cambio de no llevarlos ante las autoridades correspondientes.<\/p>\n<p>Por ello, hago un atento llamado al Secretario de Seguridad P\u00fablica del Estado, Hugo Guti\u00e9rrez Maldonado, a efecto de que ponga atenci\u00f3n, pero sobre todo soluci\u00f3n a este flagelo como es la corrupci\u00f3n y extorsi\u00f3n que lacera el estado de derecho y la certeza que debe imperar en las fuerzas policiales.<\/p>\n","protected":false},"excerpt":{"rendered":"<p>Ante los hechos suscitados el d\u00eda de ayer en el tramo carretero Cardel-Xalapa, donde el Oficial Evencio Valera Palacios, realiz\u00f3 actos de corrupci\u00f3n en los retenes o puntos de revisi\u00f3n que se han puesto en aquel lugar, el diputado Jos\u00e9 Magdaleno Rosales Torres, exhort\u00f3 a los oficiales de la secretaria de Seguridad P\u00fablica y en [&hellip;]<\/p>\n","protected":false},"author":2,"featured_media":0,"comment_status":"open","ping_status":"open","sticky":false,"template":"","format":"standard","meta":{"_jetpack_newsletter_access":"","_jetpack_dont_email_post_to_subs":false,"_jetpack_newsletter_tier_id":0,"_jetpack_memberships_contains_paywalled_content":false,"_jetpack_memberships_contains_paid_content":false,"footnotes":""},"categories":[73],"tags":[7603,17354,13448,12684,17355,177,96],"class_list":["post-54160","post","type-post","status-publish","format-standard","hentry","category-de-boleto","tag-cardel","tag-evencio-valera-palacios","tag-jessica-ramirez-cisneros","tag-jose-magdaleno-rosales-torres","tag-registro-publico-vehicular","tag-seguridad-publica","tag-xalapa"],"jetpack_featured_media_url":"","jetpack_sharing_enabled":true,"jetpack_shortlink":"https:\/\/wp.me\/p4Qcd3-e5y","_links":{"self":[{"href":"https:\/\/lospoliticosveracruz.com.mx\/index.php?rest_route=\/wp\/v2\/posts\/54160","targetHints":{"allow":["GET"]}}],"collection":[{"href":"https:\/\/lospoliticosveracruz.com.mx\/index.php?rest_route=\/wp\/v2\/posts"}],"about":[{"href":"https:\/\/lospoliticosveracruz.com.mx\/index.php?rest_route=\/wp\/v2\/types\/post"}],"author":[{"embeddable":true,"href":"https:\/\/lospoliticosveracruz.com.mx\/index.php?rest_route=\/wp\/v2\/users\/2"}],"replies":[{"embeddable":true,"href":"https:\/\/lospoliticosveracruz.com.mx\/index.php?rest_route=%2Fwp%2Fv2%2Fcomments&post=54160"}],"version-history":[{"count":1,"href":"https:\/\/lospoliticosveracruz.com.mx\/index.php?rest_route=\/wp\/v2\/posts\/54160\/revisions"}],"predecessor-version":[{"id":54163,"href":"https:\/\/lospoliticosveracruz.com.mx\/index.php?rest_route=\/wp\/v2\/posts\/54160\/revisions\/54163"}],"wp:attachment":[{"href":"https:\/\/lospoliticosveracruz.com.mx\/index.php?rest_route=%2Fwp%2Fv2%2Fmedia&parent=54160"}],"wp:term":[{"taxonomy":"category","embeddable":true,"href":"https:\/\/lospoliticosveracruz.com.mx\/index.php?rest_route=%2Fwp%2Fv2%2Fcategories&post=54160"},{"taxonomy":"post_tag","embeddable":true,"href":"https:\/\/lospoliticosveracruz.com.mx\/index.php?rest_route=%2Fwp%2Fv2%2Ftags&post=54160"}],"curies":[{"name":"wp","href":"https:\/\/api.w.org\/{rel}","templated":true}]}}