{"id":54510,"date":"2020-04-22T19:31:02","date_gmt":"2020-04-23T00:31:02","guid":{"rendered":"http:\/\/www.lospoliticosveracruz.com.mx\/?p=54510"},"modified":"2020-04-22T19:31:02","modified_gmt":"2020-04-23T00:31:02","slug":"legisladores-seria-mucha-molestia","status":"publish","type":"post","link":"https:\/\/lospoliticosveracruz.com.mx\/?p=54510","title":{"rendered":"Legisladores, \u00bfser\u00eda mucha molestia?"},"content":{"rendered":"<p><strong>Ricardo V\u00e1zquez S.<\/strong><br \/>\n<em>Esfera Pol\u00edtica<\/em><br \/>\nLegisladores, incorrectamente llamados \u201crepresentantes populares\u201c.<br \/>\nEs penoso tener que distraerlos del dinamismo de las campa\u00f1as permanentes en que se encuentran atrapados; es desagradable interrumpir el estado de confort en sus hamacas. Es inc\u00f3modo pero es de extrema necesidad y urgencia que por un momento hagan a un lado los intereses ideol\u00f3gicos, personales y de grupo; que interrumpan el sonar sus matracas y repliquen que vamos requetebi\u00e9n; que hagan una pausa de lanzar en todo momento loas: \u00a1Es un honor estar con Obrador!<br \/>\nEs de trascendental inter\u00e9s, por el bien de los mexicanos en general, que hagan un espacio y se\u00a0 apropien de su verdadero papel en estos momentos tan delicados y preocupantes por la pandemia mundial que empieza a golpear con fuerza nuestro pa\u00eds.<br \/>\nPor si no est\u00e1n enterados -lo cual no ser\u00eda extra\u00f1o-, los h\u00e9roes de la actualidad, los que se encuentran en la primera l\u00ednea de batalla para hacerle frente al Covid-19 en defensa de los ciudadanos, est\u00e1n siendo agredidos, insultados y discriminados. M\u00e9dicos y enfermeras tienen el reconocimiento y eterno agradecimiento de la mayor\u00eda de los mexicanos; desafortunadamente no han faltado sujetos, hombres y mujeres, calificados de inhumanos, en lugar de agradecer el grave riesgo al que a diario est\u00e1n expuestos quienes trabajan en los hospitales, los lesionan.<br \/>\n\u00bfSer\u00eda mucha molestia que atiendan la gravedad de las agresiones a los trabajadores de la salud y comiencen a legislar sobre este tema, para imponer severos castigos a quienes agredan verbal o f\u00edsicamente, y discriminen a m\u00e9dicos, enfermeras, intendentes y todo personal de apoyo que laboran en la lucha para combatir el Covid-19?<br \/>\nFue considerada como una aut\u00e9ntica burla que el lunes pasado en el Senado, en que se aprob\u00f3 la pol\u00e9mica Ley de Amnist\u00eda, los integrantes de la C\u00e1mara Alta en sesi\u00f3n extraordinaria rindieron un minuto de aplausos a los trabajadores de la salud por el trabajo que est\u00e1n realizando, pero rechazaron ese mismo d\u00eda se abordara el problema de las agresiones que estos padecen.<br \/>\nLos ciudadanos sacan por conclusi\u00f3n que la postura de indiferencia de los senadores sin duda obedece a que mientras estos se encuentren en funciones no se atrever\u00e1n a acudir a un hospital p\u00fablico.<br \/>\nDe nada sirvi\u00f3 que la jefa de la Divisi\u00f3n de Programas de Enfermer\u00eda del Instituto Mexicano del Seguro Social, IMSS, Maribel Zepeda Arias haya se\u00f1alado p\u00fablicamente que debe haber un alto a las agresiones contra el personal m\u00e9dico.<br \/>\nLegisladores, \u00bfser\u00eda mucha molestia que en vez de ocuparse de apoyar y apapachar a delincuentes y criminales, se preocuparan de proponer reformas para penalizar a quienes agredan de cualquier forma a m\u00e9dicos y enfermeras, quienes est\u00e1n exponiendo su vida en beneficio de los\u00a0 mexicanos?<\/p>\n<p><a href=\"mailto:rvazquez002@yahoo.com.mx\" target=\"_blank\">rvazquez002@yahoo.com.mx<\/a><\/p>\n","protected":false},"excerpt":{"rendered":"<p>Ricardo V\u00e1zquez S. Esfera Pol\u00edtica Legisladores, incorrectamente llamados \u201crepresentantes populares\u201c. Es penoso tener que distraerlos del dinamismo de las campa\u00f1as permanentes en que se encuentran atrapados; es desagradable interrumpir el estado de confort en sus hamacas. Es inc\u00f3modo pero es de extrema necesidad y urgencia que por un momento hagan a un lado los intereses [&hellip;]<\/p>\n","protected":false},"author":2,"featured_media":0,"comment_status":"open","ping_status":"open","sticky":false,"template":"","format":"standard","meta":{"_jetpack_newsletter_access":"","_jetpack_dont_email_post_to_subs":false,"_jetpack_newsletter_tier_id":0,"_jetpack_memberships_contains_paywalled_content":false,"_jetpack_memberships_contains_paid_content":false,"footnotes":""},"categories":[70],"tags":[16673,17326,1208,16250,15268,17553,3805,17552],"class_list":["post-54510","post","type-post","status-publish","format-standard","hentry","category-de-opinion","tag-covid-19","tag-enfermeras","tag-imss","tag-legisladores","tag-ley-de-amnistia","tag-maribel-zepeda-arias","tag-medicos","tag-trabajadores-de-la-salud"],"jetpack_featured_media_url":"","jetpack_sharing_enabled":true,"jetpack_shortlink":"https:\/\/wp.me\/p4Qcd3-ebc","_links":{"self":[{"href":"https:\/\/lospoliticosveracruz.com.mx\/index.php?rest_route=\/wp\/v2\/posts\/54510","targetHints":{"allow":["GET"]}}],"collection":[{"href":"https:\/\/lospoliticosveracruz.com.mx\/index.php?rest_route=\/wp\/v2\/posts"}],"about":[{"href":"https:\/\/lospoliticosveracruz.com.mx\/index.php?rest_route=\/wp\/v2\/types\/post"}],"author":[{"embeddable":true,"href":"https:\/\/lospoliticosveracruz.com.mx\/index.php?rest_route=\/wp\/v2\/users\/2"}],"replies":[{"embeddable":true,"href":"https:\/\/lospoliticosveracruz.com.mx\/index.php?rest_route=%2Fwp%2Fv2%2Fcomments&post=54510"}],"version-history":[{"count":1,"href":"https:\/\/lospoliticosveracruz.com.mx\/index.php?rest_route=\/wp\/v2\/posts\/54510\/revisions"}],"predecessor-version":[{"id":54512,"href":"https:\/\/lospoliticosveracruz.com.mx\/index.php?rest_route=\/wp\/v2\/posts\/54510\/revisions\/54512"}],"wp:attachment":[{"href":"https:\/\/lospoliticosveracruz.com.mx\/index.php?rest_route=%2Fwp%2Fv2%2Fmedia&parent=54510"}],"wp:term":[{"taxonomy":"category","embeddable":true,"href":"https:\/\/lospoliticosveracruz.com.mx\/index.php?rest_route=%2Fwp%2Fv2%2Fcategories&post=54510"},{"taxonomy":"post_tag","embeddable":true,"href":"https:\/\/lospoliticosveracruz.com.mx\/index.php?rest_route=%2Fwp%2Fv2%2Ftags&post=54510"}],"curies":[{"name":"wp","href":"https:\/\/api.w.org\/{rel}","templated":true}]}}