{"id":54566,"date":"2020-04-24T17:25:52","date_gmt":"2020-04-24T22:25:52","guid":{"rendered":"http:\/\/www.lospoliticosveracruz.com.mx\/?p=54566"},"modified":"2020-04-24T17:26:21","modified_gmt":"2020-04-24T22:26:21","slug":"y-si-no-puedo-pagar-que-hago","status":"publish","type":"post","link":"https:\/\/lospoliticosveracruz.com.mx\/?p=54566","title":{"rendered":"Y, si no puedo pagar \u00bfqu\u00e9 hago?"},"content":{"rendered":"<p class=\"s3\"><strong><span class=\"s4\"><span class=\"bumpedFont20\">Teresa Carbajal<\/span><\/span><\/strong><\/p>\n<p class=\"s5\"><em>Debo no niego; pago lo justo<\/em><\/p>\n<p class=\"s9\"><span class=\"s8\"><span class=\"bumpedFont15\">A partir del 20 de abril se encuentran abiertas nuestras l\u00edneas telef\u00f3nicas de manera permanente para todo aquel que tenga cr\u00e9ditos pendientes <\/span><\/span><span class=\"s8\"><span class=\"bumpedFont15\">y no pueda pagarlos <\/span><\/span><span class=\"s8\"><span class=\"bumpedFont15\">o sufra de cobranza abusiva por falta de ingresos<\/span><\/span><span class=\"s8\"><span class=\"bumpedFont15\">.<\/span><\/span><\/p>\n<p class=\"s9\"><span class=\"s8\"><span class=\"bumpedFont15\">Desde entonces <\/span><\/span><span class=\"s8\"><span class=\"bumpedFont15\">en el 2281668005 y 2281148502 hemos recibi<\/span><\/span><span class=\"s8\"><span class=\"bumpedFont15\">do <\/span><\/span><span class=\"s8\"><span class=\"bumpedFont15\">m\u00faltiples <\/span><\/span><span class=\"s8\"><span class=\"bumpedFont15\">llamadas de personas que nos<\/span><\/span><span class=\"s8\"><span class=\"bumpedFont15\"> plantea<\/span><\/span><span class=\"s8\"><span class=\"bumpedFont15\">n<\/span><\/span> <span class=\"s8\"><span class=\"bumpedFont15\">inquietudes y dudas sobre lo que puede pasarles a ellos o a su patrimonio en caso de no pagar la mensualidad de cr\u00e9ditos contratados d<\/span><\/span><span class=\"s8\"><span class=\"bumpedFont15\">e manera previa a la pandemia<\/span><\/span><span class=\"s8\"><span class=\"bumpedFont15\"> que cambio para todos la forma de vivir y afrontar la vida. <\/span><\/span><\/p>\n<p class=\"s9\"><span class=\"s8\"><span class=\"bumpedFont15\">Uno a uno hemos ido encontrando la soluci\u00f3n id\u00f3nea a cada caso, <\/span><\/span><span class=\"s8\"><span class=\"bumpedFont15\">dependiendo de<\/span><\/span> <span class=\"s8\"><span class=\"bumpedFont15\">l<\/span><\/span><span class=\"s8\"><span class=\"bumpedFont15\">a capacidad de pago,\u00a0<\/span><\/span><span class=\"s8\"><span class=\"bumpedFont15\">acreedor, monto de la deuda y dem\u00e1s caracter\u00edsticas del cr\u00e9dito; <\/span><\/span><span class=\"s8\"><span class=\"bumpedFont15\">pues las circunstancias son variadas, y algunos simplemente no se completa<\/span><\/span><span class=\"s8\"><span class=\"bumpedFont15\">n con la mensualidad de su pago.<\/span><\/span><\/p>\n<p class=\"s9\"><span class=\"s8\"><span class=\"bumpedFont15\">Algunos otros <\/span><\/span><span class=\"s8\"><span class=\"bumpedFont15\">ya ca\u00eddos en cartera vencida desde antes de la declaratoria de emergencia, y en algunos casos hasta <\/span><\/span><span class=\"s8\"><span class=\"bumpedFont15\">con <\/span><\/span><span class=\"s8\"><span class=\"bumpedFont15\">c<\/span><\/span><span class=\"s8\"><span class=\"bumpedFont15\">onvenios judiciales por cumplir\u2026 lo cierto es que ya sea judicial o extrajudicial, la cobranza no se detiene y menos en estos momentos en donde bancos, financieras y entidades comerciales est\u00e1n \u00e1vidos de recuperar sus adeudos para tener liquidez. <\/span><\/span><\/p>\n<p class=\"s9\"><span class=\"s8\"><span class=\"bumpedFont15\">Por otra parte, pareciera que el endeudamiento es la\u00a0<\/span><\/span><span class=\"s8\"><span class=\"bumpedFont15\">\u00fanica<\/span><\/span><span class=\"s8\"><span class=\"bumpedFont15\"> soluci\u00f3n que nos ha planteado el gob<\/span><\/span><span class=\"s8\"><span class=\"bumpedFont15\">ierno para enfrentar la crisis, y sin \u00e1nimo de entrar en pol\u00e9mica la realidad dar\u00e1 la raz\u00f3n a quien la tenga, tan es as\u00ed que lo que se ofrece como ayuda, son cr\u00e9ditos, o microcr\u00e9ditos \u00a1al fin deuda!<\/span><\/span><\/p>\n<p class=\"s9\"><span class=\"s8\"><span class=\"bumpedFont15\">Ante estos dos actores y factores principales (cobranza y oferta de cr\u00e9ditos), resulta no solo necesario sino imprescindible contar con asesor\u00eda adecuada antes de tomar una decisi\u00f3n<\/span><\/span><span class=\"s8\"><span class=\"bumpedFont15\"> bajo presi\u00f3n y de manera desesperada,<\/span><\/span><span class=\"s8\"><span class=\"bumpedFont15\"> que pueda dejarnos <\/span><\/span><span class=\"s8\"><span class=\"bumpedFont15\">peor que como est\u00e1bamos antes de que nos qued\u00e1ramos sin ingresos.<\/span><\/span><\/p>\n<p class=\"s9\"><span class=\"s8\"><span class=\"bumpedFont15\">Lo digo, lo reitero y para muestra expongo un ejemplo, <\/span><\/span><span class=\"s8\"><span class=\"bumpedFont15\">el d\u00eda de ayer Sistema de Cr\u00e9dito Automotriz (SICREA) abri\u00f3 un \u00e1rea especial de atenci\u00f3n para los casos que en el Barz\u00f3n le hemos estado planteando, uno de los primeros frutos de ese di\u00e1logo fue lograr que nos aceptaran una parcialidad de la mensualidad sin generar recargos en un asunto en donde exist\u00eda <\/span><\/span><span class=\"s8\"><span class=\"bumpedFont15\">ya una sentencia judicial.<\/span><\/span><\/p>\n<p class=\"s9\"><span class=\"s8\"><span class=\"bumpedFont15\">S<\/span><\/span><span class=\"s8\"><span class=\"bumpedFont15\">e trataba de un taxista<\/span><\/span><span class=\"s8\"><span class=\"bumpedFont15\"> (giro principal de los clientes de esa empresa)<\/span><\/span><span class=\"s8\"><span class=\"bumpedFont15\"> que por evidentes razones <\/span><\/span><span class=\"s8\"><span class=\"bumpedFont15\">se vio afectado en sus ingresos diarios, disminuyendo su capacidad de pag<\/span><\/span><span class=\"s8\"><span class=\"bumpedFont15\">o;<\/span><\/span> <span class=\"s8\"><span class=\"bumpedFont15\">quien <\/span><\/span><span class=\"s8\"><span class=\"bumpedFont15\">se acerc\u00f3 a nosotros a pedir orientaci\u00f3n sobre qu\u00e9 hacer para no incumplir el convenio, pues la \u00fanica opci\u00f3n que ten\u00eda era acudir a un agiotista que le ped\u00eda las escrituras de su casa para garantizar el pr\u00e9stamo y la firma de un pagar\u00e9 con intereses<\/span><\/span> <span class=\"s8\"><span class=\"bumpedFont15\">inmorales.<\/span><\/span><\/p>\n<p class=\"s9\"><span class=\"s8\"><span class=\"bumpedFont15\">Resulta que su hijo le pidi\u00f3 que llamara al <\/span><\/span><span class=\"s8\"><span class=\"bumpedFont15\">Barz\u00f3n <\/span><\/span><span class=\"s8\"><span class=\"bumpedFont15\">y recibiera asesor\u00eda antes de \u201cempe\u00f1arse\u201d<\/span><\/span><span class=\"s8\"><span class=\"bumpedFont15\"> con el agiotista. <\/span><\/span><\/p>\n<p class=\"s9\"><span class=\"s8\"><span class=\"bumpedFont15\">Ahora y desde siempre <\/span><\/span><span class=\"s8\"><span class=\"bumpedFont15\">\u00a1el Barz\u00f3n en pie de lucha para defender el patrimonio familiar!<\/span><\/span><\/p>\n<p class=\"s11\"><span class=\"s8\"><span class=\"bumpedFont15\">Visite \u00a0<\/span><\/span><a href=\"http:\/\/www.elbarzonrc.org\/\"><span class=\"s10\"><span class=\"bumpedFont15\">www.elbarzonrc.org<\/span><\/span><\/a> <span class=\"s8\"><span class=\"bumpedFont15\">Contacte <\/span><\/span><a href=\"mailto:elbarzonrc@yahoo.com.mx\"><span class=\"s10\"><span class=\"bumpedFont15\">elbarzonrc@yahoo.com.mx<\/span><\/span><\/a><span class=\"s8\"><span class=\"bumpedFont15\">, O s\u00edgame en @<\/span><\/span><span class=\"s8\"><span class=\"bumpedFont15\">terecarbajal<\/span><\/span><\/p>\n<p class=\"s9\">\n","protected":false},"excerpt":{"rendered":"<p>Teresa Carbajal Debo no niego; pago lo justo A partir del 20 de abril se encuentran abiertas nuestras l\u00edneas telef\u00f3nicas de manera permanente para todo aquel que tenga cr\u00e9ditos pendientes y no pueda pagarlos o sufra de cobranza abusiva por falta de ingresos. Desde entonces en el 2281668005 y 2281148502 hemos recibido m\u00faltiples llamadas de [&hellip;]<\/p>\n","protected":false},"author":2,"featured_media":0,"comment_status":"open","ping_status":"open","sticky":false,"template":"","format":"standard","meta":{"_jetpack_newsletter_access":"","_jetpack_dont_email_post_to_subs":false,"_jetpack_newsletter_tier_id":0,"_jetpack_memberships_contains_paywalled_content":false,"_jetpack_memberships_contains_paid_content":false,"footnotes":""},"categories":[1],"tags":[15550,8139,15877,6969,17577,17578,15570],"class_list":["post-54566","post","type-post","status-publish","format-standard","hentry","category-sin-categoria","tag-barzon","tag-cartera-vencida","tag-cobranza","tag-creditos","tag-oferta-de-creditos","tag-sistema-de-credito-automotriz","tag-teresa-carbajal"],"jetpack_featured_media_url":"","jetpack_sharing_enabled":true,"jetpack_shortlink":"https:\/\/wp.me\/p4Qcd3-ec6","_links":{"self":[{"href":"https:\/\/lospoliticosveracruz.com.mx\/index.php?rest_route=\/wp\/v2\/posts\/54566","targetHints":{"allow":["GET"]}}],"collection":[{"href":"https:\/\/lospoliticosveracruz.com.mx\/index.php?rest_route=\/wp\/v2\/posts"}],"about":[{"href":"https:\/\/lospoliticosveracruz.com.mx\/index.php?rest_route=\/wp\/v2\/types\/post"}],"author":[{"embeddable":true,"href":"https:\/\/lospoliticosveracruz.com.mx\/index.php?rest_route=\/wp\/v2\/users\/2"}],"replies":[{"embeddable":true,"href":"https:\/\/lospoliticosveracruz.com.mx\/index.php?rest_route=%2Fwp%2Fv2%2Fcomments&post=54566"}],"version-history":[{"count":3,"href":"https:\/\/lospoliticosveracruz.com.mx\/index.php?rest_route=\/wp\/v2\/posts\/54566\/revisions"}],"predecessor-version":[{"id":54570,"href":"https:\/\/lospoliticosveracruz.com.mx\/index.php?rest_route=\/wp\/v2\/posts\/54566\/revisions\/54570"}],"wp:attachment":[{"href":"https:\/\/lospoliticosveracruz.com.mx\/index.php?rest_route=%2Fwp%2Fv2%2Fmedia&parent=54566"}],"wp:term":[{"taxonomy":"category","embeddable":true,"href":"https:\/\/lospoliticosveracruz.com.mx\/index.php?rest_route=%2Fwp%2Fv2%2Fcategories&post=54566"},{"taxonomy":"post_tag","embeddable":true,"href":"https:\/\/lospoliticosveracruz.com.mx\/index.php?rest_route=%2Fwp%2Fv2%2Ftags&post=54566"}],"curies":[{"name":"wp","href":"https:\/\/api.w.org\/{rel}","templated":true}]}}