{"id":54862,"date":"2020-05-06T12:42:23","date_gmt":"2020-05-06T17:42:23","guid":{"rendered":"http:\/\/www.lospoliticosveracruz.com.mx\/?p=54862"},"modified":"2020-05-06T12:42:23","modified_gmt":"2020-05-06T17:42:23","slug":"usa-el-coronavirus-para-promocionar-su-imagen","status":"publish","type":"post","link":"https:\/\/lospoliticosveracruz.com.mx\/?p=54862","title":{"rendered":"Usa el \u00abCoronavirus\u00bb para promocionar su imagen"},"content":{"rendered":"<p>La pandemia que agobia al mundo y a M\u00e9xico\u00a0es\u00a0utilizada por oportunistas, como el director general del Instituto Tecnol\u00f3gico Superior de Zongolica (ITSZ) Pompeyo Quechulpa P\u00e9rez para promocionarse, ya que suspira con ser candidato a diputado en las elecciones del pr\u00f3ximo a\u00f1o.<br \/>\nPompeyo Quechulpa P\u00e9rez utiliza la contingencia sanitaria del Coronavirus,\u00a0y usurpando funciones de las autoridades de salud de Veracruz, convoca a los alcaldes abusando de su ingenuidad para tomarse fotos y videos en el filtro de sanitizaci\u00f3n para veh\u00edculos que ingresan a la sierra de Zongolica&#8230;\u00a0a todas luces, es un asunto de\u00a0protagonismo pol\u00edtico, cuando ese \u00absombrero ajeno\u00bb\u00a0corresponde a las autoridades de Salud.<br \/>\nCuando las autoridades de educaci\u00f3n federal y estatal han dado la firme indicaci\u00f3n de que maestros y alumnos deben quedarse en casa, el\u00a0director del ITSZ aprovecha la contingencia para promocionar su imagen con el objetivo de lograr la candidatura a diputado en la elecci\u00f3n 2021.<\/p>\n","protected":false},"excerpt":{"rendered":"<p>La pandemia que agobia al mundo y a M\u00e9xico\u00a0es\u00a0utilizada por oportunistas, como el director general del Instituto Tecnol\u00f3gico Superior de Zongolica (ITSZ) Pompeyo Quechulpa P\u00e9rez para promocionarse, ya que suspira con ser candidato a diputado en las elecciones del pr\u00f3ximo a\u00f1o. Pompeyo Quechulpa P\u00e9rez utiliza la contingencia sanitaria del Coronavirus,\u00a0y usurpando funciones de las autoridades [&hellip;]<\/p>\n","protected":false},"author":2,"featured_media":0,"comment_status":"open","ping_status":"open","sticky":false,"template":"","format":"standard","meta":{"_jetpack_newsletter_access":"","_jetpack_dont_email_post_to_subs":false,"_jetpack_newsletter_tier_id":0,"_jetpack_memberships_contains_paywalled_content":false,"_jetpack_memberships_contains_paid_content":false,"footnotes":""},"categories":[74],"tags":[16264,16833,16834],"class_list":["post-54862","post","type-post","status-publish","format-standard","hentry","category-lavadero","tag-coronavirus","tag-instituto-tecnologico-superior-de-zongolica","tag-pompeyo-quechulpa-perez"],"jetpack_featured_media_url":"","jetpack_sharing_enabled":true,"jetpack_shortlink":"https:\/\/wp.me\/p4Qcd3-egS","_links":{"self":[{"href":"https:\/\/lospoliticosveracruz.com.mx\/index.php?rest_route=\/wp\/v2\/posts\/54862","targetHints":{"allow":["GET"]}}],"collection":[{"href":"https:\/\/lospoliticosveracruz.com.mx\/index.php?rest_route=\/wp\/v2\/posts"}],"about":[{"href":"https:\/\/lospoliticosveracruz.com.mx\/index.php?rest_route=\/wp\/v2\/types\/post"}],"author":[{"embeddable":true,"href":"https:\/\/lospoliticosveracruz.com.mx\/index.php?rest_route=\/wp\/v2\/users\/2"}],"replies":[{"embeddable":true,"href":"https:\/\/lospoliticosveracruz.com.mx\/index.php?rest_route=%2Fwp%2Fv2%2Fcomments&post=54862"}],"version-history":[{"count":2,"href":"https:\/\/lospoliticosveracruz.com.mx\/index.php?rest_route=\/wp\/v2\/posts\/54862\/revisions"}],"predecessor-version":[{"id":54865,"href":"https:\/\/lospoliticosveracruz.com.mx\/index.php?rest_route=\/wp\/v2\/posts\/54862\/revisions\/54865"}],"wp:attachment":[{"href":"https:\/\/lospoliticosveracruz.com.mx\/index.php?rest_route=%2Fwp%2Fv2%2Fmedia&parent=54862"}],"wp:term":[{"taxonomy":"category","embeddable":true,"href":"https:\/\/lospoliticosveracruz.com.mx\/index.php?rest_route=%2Fwp%2Fv2%2Fcategories&post=54862"},{"taxonomy":"post_tag","embeddable":true,"href":"https:\/\/lospoliticosveracruz.com.mx\/index.php?rest_route=%2Fwp%2Fv2%2Ftags&post=54862"}],"curies":[{"name":"wp","href":"https:\/\/api.w.org\/{rel}","templated":true}]}}