{"id":54875,"date":"2020-05-07T08:29:46","date_gmt":"2020-05-07T13:29:46","guid":{"rendered":"http:\/\/www.lospoliticosveracruz.com.mx\/?p=54875"},"modified":"2020-05-07T08:29:46","modified_gmt":"2020-05-07T13:29:46","slug":"el-peso-de-vicencio","status":"publish","type":"post","link":"https:\/\/lospoliticosveracruz.com.mx\/?p=54875","title":{"rendered":"El peso de Vicencio"},"content":{"rendered":"<p><strong>Ricardo Ch\u00faa<\/strong><\/p>\n<p><em>Sale y Vale<\/em><\/p>\n<p>EL HIJO \u00abPEQUE\u00d1O\u00bb&#8230;. La persecuci\u00f3n pol\u00edtica en contra de Gonzalo Vicencio, secretario General de MORENA en Veracruz, al quererlo \u00abbajar el caballo\u00bb para retirarse de la contienda a la dirigencia del partido&#8230; Por convenir a los intereses de Cuitl\u00e1huac Garc\u00eda, qui\u00e9n impondr\u00eda a su \u00abalf\u00edl\u00bb, Esteban Ram\u00edrez Zepeta&#8230; Y para lograrlo ocupan el tema de su hijo, presuntamente detenido en posesi\u00f3n de estupefacientes y en un carro oficial del gobierno estatal&#8230; Este acoso es debido a Mario Delgado, coordinador de los diputados federales Morenos en este pa\u00eds&#8230;<\/p>\n<p>Resulta que esa situaci\u00f3n de su hijo y la \u00abrenuncia\u00bb de su esposa, la ex secretaria del Trabajo estatal, Guadalupe Arguelles&#8230; Tiene un TRASFONDO POL\u00cdTICO, independientemente de los delitos y faltas administrativas que ambos personajes (V\u00e1stago y c\u00f3nyuge) pudieron cometer&#8230; Y es debido que Vicencio, que est\u00e1 empoderado con las bases de MORENA en la entidad, se encuentra APOYANDO a Mario Delgado, que busca la dirigencia nacional auspiciado por Marchello Ebrard, el secretario de Relaciones Exteriores&#8230;<\/p>\n<p>Dado que el grupo de Ebrad no tiene en \u00abvara alta\u00bb a Cuitl\u00e1huac Garc\u00eda&#8230; Y, el gobernador, lo sabe&#8230; Si Delgado llegar\u00e1 a la dirigencia nacional, es obvio, que Vicencio desde el partido, ser\u00eda una \u00abpiedra en el zapato\u00bb para el mandatario estatal.. Y, no podr\u00eda mover sus piezas en el 2021 y menos el 2024&#8230; Por eso, la importancia en este momento, en plena contigencia del COVID en la entidad y el pa\u00eds, de moverse pol\u00edticamente para darle el AVAL a Alfonso Ram\u00edrez Cuellar y lograr que se quede como l\u00edder nacional&#8230; \u00bfY su nieve?&#8230;<\/p>\n<p>Ram\u00edrez Cuellar es el candidato de Cuitl\u00e1huac Garc\u00eda&#8230; Es de los gobernadores que lo apoyan para lograr ese cometido&#8230; A cambio, \u00e9l le dejar\u00eda todo el manejo de este partido en Veracruz (\u00bfPero cu\u00e1l?) y tambi\u00e9n acuerdos para lograr poner a candidatos a los distintos cargos de elecci\u00f3n popular en la entidad (Al estilo del viejo r\u00e9gimen)&#8230;. Ese ser\u00eda el \u00abmundo ideal\u00bb pero como con los Morenos, eso no existe&#8230; La lucha se viene en serio&#8230;<\/p>\n<p>Por esa raz\u00f3n&#8230; Gonzalo Vicencio y los grupos al interior de MORENA que maneja (que todos vienen con \u00e9l desde el PRD del 2015) son un \u00abestorbo\u00bb para los \u00abinquilinos\u00bb de Palacio de Gobierno&#8230; Por dos cosas&#8230; Primero que en Veracruz al interior de este partido, se apoye a Ram\u00edrez Cuellar con todo y segundo porque no dejar\u00eda llegar tan f\u00e1cil a la presidencia estatal a Ram\u00edrez Zepeda&#8230; Por ello, empezaron a moverse para quitarlo&#8230; As\u00ed pierdan fuerza pol\u00edtica en varios distritos o esa militancia se vaya a otro partido&#8230;<\/p>\n<p>Esa era la \u00aburgencia\u00bb que ten\u00edan los funcionarios de Palacio de Gobierno en quitarselo de encima&#8230;. Tienen los tiempos en contra, tanto pol\u00edticos al interior como las elecciones del 2021, adem\u00e1s con la pandem\u00eda del Covid&#8230; Tienen poco margen de maniobra&#8230; Y eso quedo demostrado en abril pasado cuando a principios del mes, en plena contingencia sanitaria, vino Ram\u00edrez Cuellar a Xalapa&#8230; Y ni con todo el recurso p\u00fablico del gobierno estatal, le pudieron llenar un sal\u00f3n de una finca \u00abFif\u00ed\u00bb, ubicada all\u00e1 por El Lencero&#8230;<\/p>\n<p>Hay que recordar, que en esa ocasi\u00f3n, pese al despliegue de recursos a favor de Ram\u00edrez Cuellar, las bases de MORENA RECHAZARON reunirse con \u00e9l porque lo tra\u00eda de la mano: Cuitl\u00e1huac Garc\u00eda y Eric Cisneros&#8230; El saldo la reuni\u00f3n, fue un fracaso&#8230; Se dedicaron a acusar a Manuel Huerta de todo lo malo de MORENA y para el colmo le gritaron al ex l\u00edder nacional del Barz\u00f3n, su afinidad con el gobernador de Veracruz&#8230; Eso, no se lo perdonaron&#8230; Tanto as\u00ed que Cuitl\u00e1huac, mejor no lleg\u00f3 a la reuni\u00f3n&#8230;<\/p>\n<p>AL FINAL DE CUENTAS&#8230; Los que conocen como se manejan en el pa\u00eds a MORENA nacional&#8230; Se\u00f1ala que para los pol\u00edticos que est\u00e1n a lado de Andr\u00e9s Manuel, el gobernador de Veracruz NO TIENE NIVEL NACIONAL para pelear a lado de un grupo pol\u00edtico fuerte&#8230;. Alguna posici\u00f3n dentro de este partido&#8230; Cuitl\u00e1huac s\u00f3lo lo tienen para \u00abgrillas\u00bb locales y que ah\u00ed se entretenga con toda la \u00abplebe\u00bb morenista de su gobierno&#8230; La \u00abgrilla\u00bb nacional de este partido es de mucho nivel&#8230; Y no lo ven con esos tama\u00f1os al veracruzano&#8230; No es Fidel o Miguel&#8230;<\/p>\n<p>Se comenta que el grupo de \u00abradicales\u00bb de MORENA: Bertha Lujan, Paco Ignacio Taibo, etc\u00e9tera y los \u00abModernos\u00bb comandados por Ricardo Monreal y Marcelo Ebrard&#8230; No tienen considerado a Cuitl\u00e1huac como un \u00aboperador nato\u00bb de este partido, ni siquiera en Veracruz&#8230; Por eso, Gonzalo Vicencio VALE TANTO porque de los 200 consejeros estatales que hay&#8230; Al menos, 121 los tiene Vicencio y el resto se lo dividen Cuitl\u00e1huac y Manuel Huerta&#8230; Por eso \u00ablo reventaron\u00bb&#8230; Para \u00abradicales\u00bb y \u00abmodernos\u00bb&#8230; Gonzalo vale m\u00e1s que el gobernador&#8230;<\/p>\n<p>Esos dos grupos de MORENA&#8230; Ven a Cuitl\u00e1huac Garc\u00eda como a uno de los \u00abhijos menores\u00bb de L\u00f3pez Obrador.. Que no tiene \u00abderecho de sucesi\u00f3n\u00bb como lo tiene: Claud\u00eda Sheinbaum, Mart\u00ed Batres o Mar\u00eda Luisa Alcalde&#8230; Por eso, no lo toman tanto en cuenta para estas \u00abgrillas\u00bb nacionales&#8230; Ya que Ebrard y Monreal \u00abbrillan\u00bb con \u00abluz propia\u00bb y est\u00e1n aliados.. Y ninguno de los dos grupos ha buscado al xalape\u00f1o para hacer ALIANZAS&#8230; Por ello, el mandatario no le qued\u00f3 de otra que \u00abaferrarse\u00bb a Ram\u00edrez Cuellar&#8230; Pero \u00bfLe ha servido de algo?&#8230;<\/p>\n<p>EN RESUMEN&#8230; Cuitl\u00e1huac fue uno de los gobernadores de MORENA que NO se aline\u00f3 a Ricardo Monreal para darle fuerza al CATEM, la nueva CTM de los Moreno, que dirige Pedro Haces Barba&#8230; Donde el zatecano es el \u00abverdadero\u00bb due\u00f1o de esa central obrera&#8230; En un a\u00f1o, el l\u00edder del senado alineo a todos los gobernadores&#8230; Menos Cuitl\u00e1huac y otros pocos m\u00e1s&#8230; Con eso, Monreal mueve la estructura de su nuevo partido pol\u00edtico \u00abFuerza Social M\u00e9xico\u00bb&#8230;<\/p>\n<p>Ya vieron por qu\u00e9 el veracruzano est\u00e1 sin grupo nacional fuerte&#8230; De d\u00f3nde creen entonces que salen los rumores que Cuitl\u00e1huac se va en diciembre&#8230; De esa grilla de alto nivel&#8230; A la cual, \u00e9l no tiene acceso&#8230; Sobre todo porque no lo ven con \u00abtablas\u00bb, al estilo Fidel o Yunes, que adem\u00e1s de manejar su partido pueda \u00abmanipular\u00bb a la oposici\u00f3n&#8230; Por eso, se est\u00e1 quedando solo al interior de MORENA&#8230; C\u00f3mo dice la canci\u00f3n de \u00abLos Tigres del Norte\u00bb la de \u00abEl Jefe de Jefe\u00bb: SIN TALENTO, NO BUSQUES GRANDEZAS PORQUE NUNCA LA VAS A TENER&#8230; AMEN&#8230;<\/p>\n","protected":false},"excerpt":{"rendered":"<p>Ricardo Ch\u00faa Sale y Vale EL HIJO \u00abPEQUE\u00d1O\u00bb&#8230;. La persecuci\u00f3n pol\u00edtica en contra de Gonzalo Vicencio, secretario General de MORENA en Veracruz, al quererlo \u00abbajar el caballo\u00bb para retirarse de la contienda a la dirigencia del partido&#8230; Por convenir a los intereses de Cuitl\u00e1huac Garc\u00eda, qui\u00e9n impondr\u00eda a su \u00abalf\u00edl\u00bb, Esteban Ram\u00edrez Zepeta&#8230; Y para [&hellip;]<\/p>\n","protected":false},"author":2,"featured_media":0,"comment_status":"open","ping_status":"open","sticky":false,"template":"","format":"standard","meta":{"_jetpack_newsletter_access":"","_jetpack_dont_email_post_to_subs":false,"_jetpack_newsletter_tier_id":0,"_jetpack_memberships_contains_paywalled_content":false,"_jetpack_memberships_contains_paid_content":false,"footnotes":""},"categories":[70],"tags":[1681,12686,17053,15016,14167,12596,1026,13604,195],"class_list":["post-54875","post","type-post","status-publish","format-standard","hentry","category-de-opinion","tag-cuitlahuac-garcia","tag-eric-cisneros","tag-esteban-ramirez-zepeta","tag-gonzalo-vicencio","tag-guadalupe-arguelles","tag-mario-delgado","tag-morena","tag-ricardo-chua","tag-veracruz"],"jetpack_featured_media_url":"","jetpack_sharing_enabled":true,"jetpack_shortlink":"https:\/\/wp.me\/p4Qcd3-eh5","_links":{"self":[{"href":"https:\/\/lospoliticosveracruz.com.mx\/index.php?rest_route=\/wp\/v2\/posts\/54875","targetHints":{"allow":["GET"]}}],"collection":[{"href":"https:\/\/lospoliticosveracruz.com.mx\/index.php?rest_route=\/wp\/v2\/posts"}],"about":[{"href":"https:\/\/lospoliticosveracruz.com.mx\/index.php?rest_route=\/wp\/v2\/types\/post"}],"author":[{"embeddable":true,"href":"https:\/\/lospoliticosveracruz.com.mx\/index.php?rest_route=\/wp\/v2\/users\/2"}],"replies":[{"embeddable":true,"href":"https:\/\/lospoliticosveracruz.com.mx\/index.php?rest_route=%2Fwp%2Fv2%2Fcomments&post=54875"}],"version-history":[{"count":1,"href":"https:\/\/lospoliticosveracruz.com.mx\/index.php?rest_route=\/wp\/v2\/posts\/54875\/revisions"}],"predecessor-version":[{"id":54876,"href":"https:\/\/lospoliticosveracruz.com.mx\/index.php?rest_route=\/wp\/v2\/posts\/54875\/revisions\/54876"}],"wp:attachment":[{"href":"https:\/\/lospoliticosveracruz.com.mx\/index.php?rest_route=%2Fwp%2Fv2%2Fmedia&parent=54875"}],"wp:term":[{"taxonomy":"category","embeddable":true,"href":"https:\/\/lospoliticosveracruz.com.mx\/index.php?rest_route=%2Fwp%2Fv2%2Fcategories&post=54875"},{"taxonomy":"post_tag","embeddable":true,"href":"https:\/\/lospoliticosveracruz.com.mx\/index.php?rest_route=%2Fwp%2Fv2%2Ftags&post=54875"}],"curies":[{"name":"wp","href":"https:\/\/api.w.org\/{rel}","templated":true}]}}