{"id":54911,"date":"2020-05-08T09:19:01","date_gmt":"2020-05-08T14:19:01","guid":{"rendered":"http:\/\/www.lospoliticosveracruz.com.mx\/?p=54911"},"modified":"2020-05-08T09:19:01","modified_gmt":"2020-05-08T14:19:01","slug":"ni-confianza-ni-respeto","status":"publish","type":"post","link":"https:\/\/lospoliticosveracruz.com.mx\/?p=54911","title":{"rendered":"Ni confianza ni respeto"},"content":{"rendered":"<p><strong>Ricardo Ch\u00faa<\/strong><\/p>\n<p><em>Sale y Vale<\/em><\/p>\n<p>OJO&#8230; El mi\u00e9rcoles mencionamos en este espacio que el personal m\u00e9dico del Hospital General de Veracruz puerto.. Estaban m\u00e1s que \u00abencabritados\u00bb con los m\u00e9dicos, que no acuden a laborar por temor al contagio del Coronavirus&#8230; Los llaman \u00abRAJONES\u00bb y \u00abque los dejan morir solos\u00bb&#8230; Obvio acusan al director, S\u00f3crates Guti\u00e9rrez Castro, de este asunto, porque se presume le da \u00abchance\u00bb que lo hagan doctores, allegados a \u00e9l, mientras que los otros les aplican la \u00abLey de Herodes\u00bb&#8230; Donde te chingas y adem\u00e1s te joden&#8230; Eso es la 4T&#8230;<\/p>\n<p>La molestia es que el personal m\u00e9dico que se queda en \u00e1reas COVID, ya no tienen equipo de protecci\u00f3n especial para la pandemia&#8230; No les lleg\u00f3 el bono&#8230; Y muchos m\u00e9dicos han gastado m\u00e1s de 5 mil pesos en comprar este materia en la quincena&#8230; Siguen agotados f\u00edsicamente porque son los \u00fanicos que trabajan muchas horas y ha marchas forzadas&#8230; Que ya son muchos los enfermos que llegan y no se dan abasto para atenderlos&#8230; Y, que, a ese paso EL COLAPSO del HG en Veracruz puerto, no pasa m\u00e1s all\u00e1 de DOS SEMANAS&#8230; QPM..<\/p>\n<p>SIN CONFINAMIENTO&#8230; Por alguna raz\u00f3n, el mismo gobierno federal de Andr\u00e9s Manuel L\u00f3pez Obrador EXHIBE a sus gobernadores de Veracruz, Cuitl\u00e1huac Garc\u00eda; Morelos, Cuauht\u00e9moc Blanco, y Puebla, Miguel Barbosa&#8230;. De gobernar a la poblaci\u00f3n en M\u00e9xico que menos respeta el confinamiento en sus hogares y siguen con mayor movilidad social en sus municipios, pese a los estragos que est\u00e1 provocando la pandemia del COVID-19 en sus Estados&#8230; En pocas palabras&#8230; En Veracruz, la \u00absana distancia\u00bb y el \u00abquedate en casa\u00bb les vale&#8230;<\/p>\n<p>Informes que el propio CONACYT e INFOTEC entreg\u00f3 a la Secretar\u00eda de Salud federal dan a conocer que estos Estados, incluido Veracruz, no ha podido disminuir en menos del 65 por ciento la movilidad social y por eso estas entidades NO PUEDE DISMINUIR EL \u00cdNDICES DE CONTAGIO POR COVID&#8230; En pocas palabras&#8230; Cuitl\u00e1huac Garc\u00eda NO HA LOGRADO CONVENCER que la ciudadan\u00eda mantenga la sana distancia, qued\u00e1ndose en casa.. . Todo lo mide Facebook. Twitter, Google a trav\u00e9s de los celulares&#8230; Que es donde se ve la movilidad&#8230;<\/p>\n<p>Esto deja la \u00ablectura\u00bb que el gobierno de MORENA en Veracruz, es uno de los PEORES de los 32 estados del pa\u00eds, que NO PUEDEN parar esta movilidad y que el contagio no incremente&#8230; Pero aqu\u00ed LA PREGUNTA ES: \u00bfPor qu\u00e9 los ciudadanos, no acatan lo que les dice su gobernador? (En este caso Cuitl\u00e1huac Garc\u00eda)&#8230; La respuesta es sencilla: Por la falta de legitimidad que tienen como gobernantes&#8230; Adem\u00e1s por la ineficacia, en la cual se conducen como gobernadores frente al Coronavirus&#8230;<\/p>\n<p>Por ejemplos no paramos&#8230; Ah\u00ed est\u00e1n las declaraciones de Miguel Barbosa, de que el Coronavirus lo \u00abcuraba un mole de guajolota\u00bb&#8230; Que en Morelos no gobierna \u00abEl Cuau\u00bb sino una familia que maneja el antiguo partido de Alternativa Social de manera local&#8230; Y, Veracruz, ya ni se diga, Cuitl\u00e1huac saliendo sin cubrebocas en eventos o los nulos acuerdos con alcaldes para enfrentar la pandemia&#8230; Comparados con Estados, donde han logrado cierto \u00e9xito, lo de MORENA, no dan una&#8230; Son los gobernadores de oposici\u00f3n, lo que combaten con \u00e9xito el virus&#8230;<\/p>\n<p>S\u00f3lo hay que ver como la entidad veracruzana&#8230; Ha cumplido con DETENER la movilidad social un s\u00f3lo d\u00eda desde el 23 de marzo a la fecha, que inicio esta etapa de \u00abcuarentena\u00bb por el Coronavirus&#8230; Esa es la raz\u00f3n de \u00e9xito o fracaso de un gobernador ante la ciudadan\u00eda que gobierna&#8230; Y, si a parte, la federaci\u00f3n que es de tu mismo partido pol\u00edtico, te exhibe de esa manera, no te da para donde hacerte y no \u00absalpicarte\u00bb&#8230; Pero, esto no s\u00f3lo es culpa de los gobernadores sino tambi\u00e9n de su gabinete&#8230;<\/p>\n<p>Ya que eso significa que los colaboradores no ayudan para detener la movilidad social en tu entidad&#8230; En ese caso, uno de los culpables ser\u00eda el secretario de Salud estatal, en este caso, Roberto Ramos Alor, qui\u00e9n no vendr\u00eda siendo APTO para el cargo que tiene en la administraci\u00f3n estatal&#8230; Y, pese que Veacruz tiene pocas zonas fr\u00edas y se presume que el calor de la costa ayuda que el virus no se propague&#8230; Ese argumento no es v\u00e1lido, cuando el puerto de Veracruz y Coatzacoalcos son los municipios con m\u00e1s n\u00fameros de contagios&#8230;<\/p>\n<p>As\u00ed que estando en medio de una crisis de salud en toda la entidad&#8230; Si el gobierno del Estado, el responsable de este sistema de salud, no puede confinar a la sociedad a sus hogares.. Es simplemente porque no le tienen confianza y porque no les da garant\u00eda de nada en materia econ\u00f3mica en medio de la recesi\u00f3n&#8230; As\u00ed la poblaci\u00f3n civil no respeta las disposiciones y sale a la calle a ganarse el sustento de cada d\u00eda&#8230; M\u00e1s que la econom\u00eda en Veracruz, vive una de las peores crisis de su historia, y ya con el Gobierno de MORENA y la 4T&#8230;<\/p>\n<p>De esa manera, debido a los errores de \u00e9l como gobernador y su gobierno&#8230; Por los se\u00f1alamientos hechos en su contra por medios de comunicaci\u00f3n y redes sociales&#8230; El mandatario, no est\u00e1 inspirando RESPETO Y CONFIANZA de sus gobernados&#8230; No le hacen caso o como se dice en \u00abjarochilandia\u00bb: No lo \u00abpelan\u00bb&#8230; A diferencia de lo que sucede en Jalisco con Enrique Alfaro, que \u00e9l mismo se ha puesto al frente del combate a la pandemia&#8230; Da la cara por su gobierno y da respuesta y apoyos certeros a los jaliciences&#8230; Por eso lo obedecen&#8230;<\/p>\n<p>Otro caso es Ja\u00edme Rodr\u00edguez Calder\u00f3n \u00abEl Bronco\u00bb, gobernador de Nuevo Le\u00f3n, que hace unos meses, lo ten\u00edan considerado como un MAL gobernante.. Pero durante la pandemia y por sus acciones, logr\u00f3 volver a REPOSICIONARSE como mandatario&#8230; Ya que es un personaje que est\u00e1 hecho para trabajar \u00abbajo presi\u00f3n\u00bb&#8230; Y, aqu\u00ed, a Cuitl\u00e1huac Garc\u00eda, lo ven DISPERSO Y TACITURNO y que sus acciones contra el virus no han sido las mejores y que s\u00f3lo hace lo que le dice L\u00f3pez Obrador&#8230; As\u00ed lo califican, que lo manejan desde Palacio Nacional&#8230;<\/p>\n<p>Pero aqu\u00ed el tema es f\u00e1cil de discernir&#8230; Cuitl\u00e1huac Garc\u00eda antes del 2015 era un DESCONOCIDO en la pol\u00edtica&#8230; S\u00f3lo se ten\u00eda referencia de \u00e9l, por ser hijo de \u00abTata\u00bb Nacho.. Y que en 2018, votaron por \u00e9l porque \u00abEl Mes\u00edas\u00bb de MORENA lo pidi\u00f3&#8230; Y, hoy, que el pueblo \u00abbueno y sabio\u00bb de Veracruz&#8230; Ya lo eval\u00fao, pues, en ese sentido no le dan NING\u00daN CR\u00c9DITO y RESPETO como gobernante, como lo tuvieron sus ANTECESORES, hasta el mismo, Javier Duarte, lo tuvo&#8230; Cuitl\u00e1huac YA ESTA S\u00d3LO en su gobierno y en su partido pol\u00edtico&#8230;<\/p>\n<p>En cambio&#8230; \u00abEl Bronco\u00bb antes de ser gobernador fue diputado local, legislador federal, presidente municipal&#8230; Candidato a la dirigencia estatal del PRI&#8230; Ya hab\u00eda caminado por el Estado&#8230; Se enfrento a grupos ilegales&#8230; Detr\u00e1s de \u00e9l, pese a sus fallas, hay toda una historia&#8230; Era y es un personaje en la \u00abSultana del Norte\u00bb&#8230; Pregunten, qu\u00e9 historia hay detr\u00e1s de Cuitl\u00e1huac fuera de la \u00abAtenas Veracruzana\u00bb&#8230; \u00bfAcaso hay?.. Si no dialoga, no consensa&#8230; No hace pol\u00edtica&#8230; \u00bfAs\u00ed c\u00f3mo?&#8230; Por eso, no quiere entrar a la REVOCACI\u00d3N&#8230; CONSUMATUM EST&#8230;<\/p>\n","protected":false},"excerpt":{"rendered":"<p>Ricardo Ch\u00faa Sale y Vale OJO&#8230; El mi\u00e9rcoles mencionamos en este espacio que el personal m\u00e9dico del Hospital General de Veracruz puerto.. Estaban m\u00e1s que \u00abencabritados\u00bb con los m\u00e9dicos, que no acuden a laborar por temor al contagio del Coronavirus&#8230; Los llaman \u00abRAJONES\u00bb y \u00abque los dejan morir solos\u00bb&#8230; Obvio acusan al director, S\u00f3crates Guti\u00e9rrez [&hellip;]<\/p>\n","protected":false},"author":2,"featured_media":0,"comment_status":"open","ping_status":"open","sticky":false,"template":"","format":"standard","meta":{"_jetpack_newsletter_access":"","_jetpack_dont_email_post_to_subs":false,"_jetpack_newsletter_tier_id":0,"_jetpack_memberships_contains_paywalled_content":false,"_jetpack_memberships_contains_paid_content":false,"footnotes":""},"categories":[70],"tags":[618,1604,16264,1512,1681,12652,17745,3805,1021,5855,3132,13604,995,17744,195],"class_list":["post-54911","post","type-post","status-publish","format-standard","hentry","category-de-opinion","tag-andres-manuel-lopez-obrador","tag-conacyt","tag-coronavirus","tag-cuauhtemoc-blanco","tag-cuitlahuac-garcia","tag-hospital-general-de-veracruz","tag-infotec","tag-medicos","tag-miguel-barbosa","tag-morelos","tag-puebla","tag-ricardo-chua","tag-secretaria-de-salud","tag-socrates-gutierrez-castro","tag-veracruz"],"jetpack_featured_media_url":"","jetpack_sharing_enabled":true,"jetpack_shortlink":"https:\/\/wp.me\/p4Qcd3-ehF","_links":{"self":[{"href":"https:\/\/lospoliticosveracruz.com.mx\/index.php?rest_route=\/wp\/v2\/posts\/54911","targetHints":{"allow":["GET"]}}],"collection":[{"href":"https:\/\/lospoliticosveracruz.com.mx\/index.php?rest_route=\/wp\/v2\/posts"}],"about":[{"href":"https:\/\/lospoliticosveracruz.com.mx\/index.php?rest_route=\/wp\/v2\/types\/post"}],"author":[{"embeddable":true,"href":"https:\/\/lospoliticosveracruz.com.mx\/index.php?rest_route=\/wp\/v2\/users\/2"}],"replies":[{"embeddable":true,"href":"https:\/\/lospoliticosveracruz.com.mx\/index.php?rest_route=%2Fwp%2Fv2%2Fcomments&post=54911"}],"version-history":[{"count":2,"href":"https:\/\/lospoliticosveracruz.com.mx\/index.php?rest_route=\/wp\/v2\/posts\/54911\/revisions"}],"predecessor-version":[{"id":54914,"href":"https:\/\/lospoliticosveracruz.com.mx\/index.php?rest_route=\/wp\/v2\/posts\/54911\/revisions\/54914"}],"wp:attachment":[{"href":"https:\/\/lospoliticosveracruz.com.mx\/index.php?rest_route=%2Fwp%2Fv2%2Fmedia&parent=54911"}],"wp:term":[{"taxonomy":"category","embeddable":true,"href":"https:\/\/lospoliticosveracruz.com.mx\/index.php?rest_route=%2Fwp%2Fv2%2Fcategories&post=54911"},{"taxonomy":"post_tag","embeddable":true,"href":"https:\/\/lospoliticosveracruz.com.mx\/index.php?rest_route=%2Fwp%2Fv2%2Ftags&post=54911"}],"curies":[{"name":"wp","href":"https:\/\/api.w.org\/{rel}","templated":true}]}}