{"id":54915,"date":"2020-05-08T09:51:04","date_gmt":"2020-05-08T14:51:04","guid":{"rendered":"http:\/\/www.lospoliticosveracruz.com.mx\/?p=54915"},"modified":"2020-05-08T09:51:04","modified_gmt":"2020-05-08T14:51:04","slug":"neoliberalismo-y-el-rollo","status":"publish","type":"post","link":"https:\/\/lospoliticosveracruz.com.mx\/?p=54915","title":{"rendered":"Neoliberalismo y el rollo"},"content":{"rendered":"<p><strong>Uriel Flores Aguayo<\/strong><\/p>\n<p>Como parte del discurso presidencial, repetido sin ton ni son por sus seguidores m\u00e1s fieles y activos, se habla un d\u00eda s\u00ed y otro tambi\u00e9n del neoliberalismo. Se utiliza para todo y se le adjudican todos los males de M\u00e9xico. Si hay carencias en el sistema de salud, es por el neoliberalismo; si baja el precio del petr\u00f3leo, es culpa del neoliberalismo; si de la nueva escuela mexicana no se conoce m\u00e1s que la publicidad, es causa del neoliberalismo; si extinguen el FONCA, es por el neoliberalismo en su versi\u00f3n Salinista; en fin, se podr\u00edan poner quinientos ejemplos de los males que, en la narrativa de la llamada cuarta transformaci\u00f3n, ha provocado el neoliberalismo.<\/p>\n<p>Me temo que este t\u00e9rmino, tan en boga, no ha sido correctamente definido actualmente, que no pasa de ser un t\u00edtulo ret\u00f3rico.<\/p>\n<p>Va siendo tiempo, para entendernos, que se sustente te\u00f3ricamente, en sus conceptos generales, y se ubique en su temporalidad de ejercicio en M\u00e9xico.<\/p>\n<p>Entiendo que hubo ese enfoque en la econom\u00eda nacional, como modelo, y que es necesario tener claro lo que haya significado para nuestro pa\u00eds, as\u00ed como las administraciones\u00a0 que lo impulsaron.<\/p>\n<p>Tengo claro que el discurso presidencial tiene como ejes la construcci\u00f3n simb\u00f3lica de adversarios y la dotaci\u00f3n con elementos de identidad a sus bases de apoyo; en esa estrategia ubico la alusi\u00f3n sistem\u00e1tica al neoliberalismo.<\/p>\n<p>Era necesario dejar atr\u00e1s el modelo neoliberal que, creo, despu\u00e9s de Salinas de Gortari, se sigui\u00f3 implementando en forma parcial y con altibajos hasta llegar a Pe\u00f1a Nieto, cuando tuvo un ligero repunte. Ahora la cuesti\u00f3n ser\u00e1 ver con que se sustituye. Es importante saberlo por la ausencia de definiciones claras de L\u00f3pez Obrador. Que debe separarse tajantemente el poder pol\u00edtico del econ\u00f3mico es indispensable pero normal, eso no define modelo alguno; que las \u00e9lites econ\u00f3micas deben pagar sus impuestos es indispensable pero normal, eso tampoco define modelo econ\u00f3mico; que se tiene que extinguir la corrupci\u00f3n es urgente pero normal, eso no define modelo; que se deben implementar robustos programas sociales es de justicia pero normal, eso no define pol\u00edtica econ\u00f3mica. Casi todo lo anterior tiene que ver con cuestiones pol\u00edticas y sociales pero no define el modelo econ\u00f3mico.<\/p>\n<p>Hasta donde alcanzo a ver funcionamos con una econom\u00eda mixta con la convergencia del Estado y la iniciativa privada. No creo haya una ruta distinta a ese modelo en M\u00e9xico. Es impensable intentar el Estatismo despu\u00e9s del desastre que nos heredaron Echeverr\u00eda y L\u00f3pez Portillo; para quien piense as\u00ed bastar\u00eda invitarlo a darse una vuelta por los tres o cuatro pa\u00edses que tienen una econom\u00eda centralizada. Necesitamos regulaciones correctas para el Mercado, garantizando que no haya abusos de los grupos de poder econ\u00f3mico ni del Estado. Esta econom\u00eda de Mercado se sustenta en un ejemplar Estado de Derecho, en un comercio vigoroso, en un empresariado amplio y en trabajadores con sus garant\u00edas sociales efectivas; son factores claves para el desarrollo. Cuando digo empresarios pienso en los emprendedores no en los traficantes de influencias que, amparados en acuerdos pol\u00edticos, hicieron mucho da\u00f1o a la democracia y a la econom\u00eda. As\u00ed como se requiere un ambiente democr\u00e1tico, de respeto a las minor\u00edas y a la prensa, tambi\u00e9n es indispensable cuidar los factores econ\u00f3micos.<\/p>\n<p>Los programas sociales, vitales en una sociedad tan desigual y ojal\u00e1 alg\u00fan d\u00eda lejos de las manipulaciones electorales, no definen a la econom\u00eda ni a la pol\u00edtica econ\u00f3mica. No veo otro modelo econ\u00f3mico real y funcional m\u00e1s que el que sobrevivi\u00f3 a la disoluci\u00f3n de la Uni\u00f3n Sovi\u00e9tica; los restos de ese naufragio derivaron en tristes o monstruosos ejercicios dictatoriales. Si lo que hab\u00eda era neoliberalismo, como es, y se quiere superar, est\u00e1 bien, ser\u00e1 justo, pero debe definirse claramente, sin eufemismos y con planteamientos concretos. Si son transparentes y viables, suscitar\u00e1n apoyo consciente de la sociedad pero, lo m\u00e1s importante, sobre todo generar\u00e1n desarrollo. Para repartir riqueza primero hay que producirla; algo aparentemente tan sencillo muchas veces se deja de lado y no se entiende los pesos de la visi\u00f3n del Gobernante, los contrapesos del poder y el contexto internacional.<\/p>\n<p>La actual crisis mundial, de salud y econ\u00f3mica, exige revisar ideas, m\u00e9todos, planes y pol\u00edticas. No se debe pretender hacer lo que se hab\u00eda pensado antes de enfrentar esta nueva realidad tan distinta y compleja.<\/p>\n<p>Recadito: si hubo alg\u00fan cambio local fue de medio bananeros a bananeros y medio.<\/p>\n<p>&nbsp;<\/p>\n<p><a href=\"mailto:uriel.1959@gmail.com\">uriel.1959@gmail.com<\/a><\/p>\n<p>&nbsp;<\/p>\n","protected":false},"excerpt":{"rendered":"<p>Uriel Flores Aguayo Como parte del discurso presidencial, repetido sin ton ni son por sus seguidores m\u00e1s fieles y activos, se habla un d\u00eda s\u00ed y otro tambi\u00e9n del neoliberalismo. Se utiliza para todo y se le adjudican todos los males de M\u00e9xico. Si hay carencias en el sistema de salud, es por el neoliberalismo; [&hellip;]<\/p>\n","protected":false},"author":2,"featured_media":0,"comment_status":"open","ping_status":"open","sticky":false,"template":"","format":"standard","meta":{"_jetpack_newsletter_access":"","_jetpack_dont_email_post_to_subs":false,"_jetpack_newsletter_tier_id":0,"_jetpack_memberships_contains_paywalled_content":false,"_jetpack_memberships_contains_paid_content":false,"footnotes":""},"categories":[70],"tags":[12744,8395,1003,10570,94,17746,2552],"class_list":["post-54915","post","type-post","status-publish","format-standard","hentry","category-de-opinion","tag-cuarta-transformacion","tag-fonca","tag-lopez-obrador","tag-neoliberalismo","tag-pena-nieto","tag-salinas-de-gortari","tag-uriel-flores-aguayo"],"jetpack_featured_media_url":"","jetpack_sharing_enabled":true,"jetpack_shortlink":"https:\/\/wp.me\/p4Qcd3-ehJ","_links":{"self":[{"href":"https:\/\/lospoliticosveracruz.com.mx\/index.php?rest_route=\/wp\/v2\/posts\/54915","targetHints":{"allow":["GET"]}}],"collection":[{"href":"https:\/\/lospoliticosveracruz.com.mx\/index.php?rest_route=\/wp\/v2\/posts"}],"about":[{"href":"https:\/\/lospoliticosveracruz.com.mx\/index.php?rest_route=\/wp\/v2\/types\/post"}],"author":[{"embeddable":true,"href":"https:\/\/lospoliticosveracruz.com.mx\/index.php?rest_route=\/wp\/v2\/users\/2"}],"replies":[{"embeddable":true,"href":"https:\/\/lospoliticosveracruz.com.mx\/index.php?rest_route=%2Fwp%2Fv2%2Fcomments&post=54915"}],"version-history":[{"count":1,"href":"https:\/\/lospoliticosveracruz.com.mx\/index.php?rest_route=\/wp\/v2\/posts\/54915\/revisions"}],"predecessor-version":[{"id":54917,"href":"https:\/\/lospoliticosveracruz.com.mx\/index.php?rest_route=\/wp\/v2\/posts\/54915\/revisions\/54917"}],"wp:attachment":[{"href":"https:\/\/lospoliticosveracruz.com.mx\/index.php?rest_route=%2Fwp%2Fv2%2Fmedia&parent=54915"}],"wp:term":[{"taxonomy":"category","embeddable":true,"href":"https:\/\/lospoliticosveracruz.com.mx\/index.php?rest_route=%2Fwp%2Fv2%2Fcategories&post=54915"},{"taxonomy":"post_tag","embeddable":true,"href":"https:\/\/lospoliticosveracruz.com.mx\/index.php?rest_route=%2Fwp%2Fv2%2Ftags&post=54915"}],"curies":[{"name":"wp","href":"https:\/\/api.w.org\/{rel}","templated":true}]}}