{"id":54973,"date":"2020-05-11T10:01:29","date_gmt":"2020-05-11T15:01:29","guid":{"rendered":"http:\/\/www.lospoliticosveracruz.com.mx\/?p=54973"},"modified":"2020-05-11T10:01:29","modified_gmt":"2020-05-11T15:01:29","slug":"cuidado-con-el-tema","status":"publish","type":"post","link":"https:\/\/lospoliticosveracruz.com.mx\/?p=54973","title":{"rendered":"Cuidado con el tema"},"content":{"rendered":"<p><strong>Sergio Gonz\u00e1lez Levet<\/strong><\/p>\n<p><em>Sin tacto<\/em><\/p>\n<p style=\"text-align: right;\"><em>A todas las madres, en este recoleto aniversario<\/em><\/p>\n<p>La claridosa lectora y el clarito lector, cotidianos de esta empecinada columna, se habr\u00e1n dado cuenta del esfuerzo que he venido haciendo durante las \u00faltimas entregas para no tocar el tema del coronavirus, la pandemia, el sars-cov-2 y el Covid-19.<\/p>\n<p>Me tuve que ir a recorrer los caminos y las calles para darme de lleno en los topes, verdaderas trampas del camino, o me fui a filosofar con nuestro amigo El Gur\u00fa sobre el valor del dinero en nuestras vidas\u2026 todo con el fin de no caer en el tema que todos traemos en la boca y en la mente y encerrados en la casa, el del bicho innombrable (de ahora en adelante), que tantos da\u00f1os ha causado, est\u00e1 causando y causar\u00e1 a la estabilidad econ\u00f3mica mundial, as\u00ed como a nuestra pretendida tranquilidad de seres mortales, de hojas sueltas a merced del viento del destino.<\/p>\n<p>Del virus (ustedes saben a qui\u00e9n me refiero) que nos ha asolado y ech\u00f3 a perder este a\u00f1o y probablemente muchas vidas\u2026 tal vez la de usted, la de su vecino, la m\u00eda.<\/p>\n<p>Enjaulados en nuestros propios hogares por culpa del otro Ya Saben Qui\u00e9n -el de la enfermedad todav\u00eda sin cura, el flagelo de este siglo y de la humanidad como nunca antes-, muchos han ensayado a dejar de escuchar y ver las noticias profusas que tienen dominado el panorama informativo del mundo; han preferido ya no saber cu\u00e1ntos murieron\/se contagiaron\/ se salvaron en todo el mundo, en otros pa\u00edses, en el nuestro y en nuestro estado y en nuestro municipio.<\/p>\n<p>No, no es hacerle al avestruz, sino seguir el consejo de psic\u00f3logos y psiquiatras, para darle una vacaci\u00f3n al miedo, a la angustia sideral, a las retorcidas de manos porque no llegan los centavos ni alcanza para el gasto, Bartola. Por las deudas pendientes\u2026 y crecientes\u2026 y monumentales.<\/p>\n<p>Creo que conmigo, la mayor\u00eda de los apresados en las cuatro paredes de lo que antes era el hogar ya han recorrido todas las alternativas del entretenimiento: medio arreglar los desperfectos de la casa; lavar trastes; ver los programas de televisi\u00f3n, las pel\u00edculas y series, los informativos; lavar trastes otra vez; disfrutar el humor involuntario y corrosivo de las ma\u00f1aneras del YSQ original; en una de \u00e9sas, platicar con nuestros familiares; ya en la desesperaci\u00f3n hasta leer un libro\u2026 Y lavar trastes.<\/p>\n<p>Y todo, todo, todo para volver de nuevo a pensar y platicar del innombrable min\u00fasculo de 200 nan\u00f3metros apenas (cuando un nm equivale a la milmillon\u00e9sima parte de un metro), microsc\u00f3pico para nosotros, pero grande en comparaci\u00f3n con los de su especie, tanto que apenas puede volar en el aire un metro y medio antes de desplomarse en el suelo, que si fuera m\u00e1s ligero ya hubiera acabado con la humanidad entera.<\/p>\n<p>Encerrados como estamos, la lucha a estas alturas es contra el aburrimiento, contra la desesperaci\u00f3n por no poder salir, contra ese rencor que cada vez dominamos menos contra nuestros pr\u00f3jimos, contra nuestros pr\u00f3ximos.<\/p>\n<p>Y contra el temor por lo que viene, por las finanzas sin fondo echadas a perder para siempre, que nos meter\u00e1n de nuevo en las cobranzas de los bancos, tan comprensivos y tan mexicanos ellos. A ver si al otro innombrable se le ocurre expropiar la banca como lo hizo L\u00f3pez Portillo en 1982, y entonces ya no ser\u00e1n extranjeros sino el propio gobierno el que nos esquilmar\u00e1 nuestro patrimonio, tan venido a menos en tan pocos meses.<\/p>\n<p>Por lo pronto, hay que permitir que deambule la loca de la casa, la imaginaci\u00f3n, y rogar que la garra sea suave\u2026<\/p>\n<p>Dejadme la esperanza.<\/p>\n<p>&nbsp;<\/p>\n<p><a href=\"mailto:sglevet@gmail.com\">sglevet@gmail.com<\/a><\/p>\n","protected":false},"excerpt":{"rendered":"<p>Sergio Gonz\u00e1lez Levet Sin tacto A todas las madres, en este recoleto aniversario La claridosa lectora y el clarito lector, cotidianos de esta empecinada columna, se habr\u00e1n dado cuenta del esfuerzo que he venido haciendo durante las \u00faltimas entregas para no tocar el tema del coronavirus, la pandemia, el sars-cov-2 y el Covid-19. Me tuve [&hellip;]<\/p>\n","protected":false},"author":2,"featured_media":0,"comment_status":"open","ping_status":"open","sticky":false,"template":"","format":"standard","meta":{"_jetpack_newsletter_access":"","_jetpack_dont_email_post_to_subs":false,"_jetpack_newsletter_tier_id":0,"_jetpack_memberships_contains_paywalled_content":false,"_jetpack_memberships_contains_paid_content":false,"footnotes":""},"categories":[1],"tags":[16264,16673,16929,17787],"class_list":["post-54973","post","type-post","status-publish","format-standard","hentry","category-sin-categoria","tag-coronavirus","tag-covid-19","tag-pandemia","tag-sars-cov-2"],"jetpack_featured_media_url":"","jetpack_sharing_enabled":true,"jetpack_shortlink":"https:\/\/wp.me\/p4Qcd3-eiF","_links":{"self":[{"href":"https:\/\/lospoliticosveracruz.com.mx\/index.php?rest_route=\/wp\/v2\/posts\/54973","targetHints":{"allow":["GET"]}}],"collection":[{"href":"https:\/\/lospoliticosveracruz.com.mx\/index.php?rest_route=\/wp\/v2\/posts"}],"about":[{"href":"https:\/\/lospoliticosveracruz.com.mx\/index.php?rest_route=\/wp\/v2\/types\/post"}],"author":[{"embeddable":true,"href":"https:\/\/lospoliticosveracruz.com.mx\/index.php?rest_route=\/wp\/v2\/users\/2"}],"replies":[{"embeddable":true,"href":"https:\/\/lospoliticosveracruz.com.mx\/index.php?rest_route=%2Fwp%2Fv2%2Fcomments&post=54973"}],"version-history":[{"count":1,"href":"https:\/\/lospoliticosveracruz.com.mx\/index.php?rest_route=\/wp\/v2\/posts\/54973\/revisions"}],"predecessor-version":[{"id":54975,"href":"https:\/\/lospoliticosveracruz.com.mx\/index.php?rest_route=\/wp\/v2\/posts\/54973\/revisions\/54975"}],"wp:attachment":[{"href":"https:\/\/lospoliticosveracruz.com.mx\/index.php?rest_route=%2Fwp%2Fv2%2Fmedia&parent=54973"}],"wp:term":[{"taxonomy":"category","embeddable":true,"href":"https:\/\/lospoliticosveracruz.com.mx\/index.php?rest_route=%2Fwp%2Fv2%2Fcategories&post=54973"},{"taxonomy":"post_tag","embeddable":true,"href":"https:\/\/lospoliticosveracruz.com.mx\/index.php?rest_route=%2Fwp%2Fv2%2Ftags&post=54973"}],"curies":[{"name":"wp","href":"https:\/\/api.w.org\/{rel}","templated":true}]}}