{"id":55106,"date":"2020-05-15T09:32:37","date_gmt":"2020-05-15T14:32:37","guid":{"rendered":"http:\/\/www.lospoliticosveracruz.com.mx\/?p=55106"},"modified":"2020-05-15T09:32:37","modified_gmt":"2020-05-15T14:32:37","slug":"monreal-vs-cuitlahuac","status":"publish","type":"post","link":"https:\/\/lospoliticosveracruz.com.mx\/?p=55106","title":{"rendered":"Monreal vs Cuitl\u00e1huac"},"content":{"rendered":"<p><strong>Ricardo Ch\u00faa<\/strong><\/p>\n<p><em>Sale y Vale<\/em><\/p>\n<p>Vaya frente que se abri\u00f3 dentro de las filas de MORENA a nivel nacional contra los \u00abclase privilegiada\u00bb de ese partido pol\u00edtico en Veracruz&#8230; Ya que el grupo pol\u00edtico que lidera el senador y presidente de la c\u00e1mara alta del Congreso de la Uni\u00f3n, Ricardo Monreal \u00c1vila mostraron su descontento por el problema legal, pol\u00edtico y medi\u00e1tico que los metieron los diputados del Congreso Local, auspiciados por el gobierno de Cuitl\u00e1huac Garc\u00eda, por aprobar una \u00abReforma Electoral\u00bb a todas luces ilegal&#8230; Y que los exhibir\u00e1 a nivel nacional&#8230;<\/p>\n<p>M\u00e1s cuando hay referencias que la Suprema Corte de Justicia de la Naci\u00f3n desecho una \u00abreforma\u00bb parecida a la que present\u00f3 en marzo del 2019&#8230; El Congreso Local de Tabasco ante una iniciativa que mand\u00f3 el gobernador de MORENA, Ad\u00e1n Augusto L\u00f3pez.. Y la cual, el partido Verde, que ahora apoy\u00f3 a MORENA en Veracruz, junto con el PRI y PAN en aquella entidad, presentaron una ACCI\u00d3N DE INCONSTITUCIONALIDAD y la SCJN le dio \u00abpalo\u00bb a los tabasquenos&#8230; Es decir, hay jurisprudencia (Que es la interpretaci\u00f3n de un ordenamiento jur\u00eddico del Estado, es decir, si en Tabasco la rechazaron. la de Veracruz tiene el mismo destino)&#8230;.<\/p>\n<p>Por eso, las versiones al interior de MORENA y la molestia que tienen con Cuitl\u00e1huac Garc\u00eda tanto los grupos de Monreal \u00c1vila, Marcelo Ebrard y Bertha Lujan es que los va a exhibir a nivel nacional y que todos los PROYECTOS LEGISLATIVOS DE MORENA se tienen que ir a resolverlos en TRIBUNALES&#8230;. Remember la \u00abLey Bonilla\u00bb que acaba de ser desechada por la SCJN&#8230; Y que eso como pol\u00edticos y partido, los deja mal parados con el \u00abpueblo bueno y sabio\u00bb&#8230; Los deja como pol\u00edticos retrogradas, autoritarios y fascista&#8230; \u00bfALGO M\u00c1S?&#8230;<\/p>\n<p>Seg\u00fan se dice en el Senado, comandados por Monreal y Germ\u00e1n Mart\u00ednez, es que Cuitl\u00e1huac Garc\u00eda debi\u00f3 esperar para meter esta iniciativa unos meses m\u00e1s&#8230; No cuando le acaban de echar abajo la de Jaime Bonilla.. Y tuvo que \u00abhaberla disfrazado\u00bb mejor, si la intenci\u00f3n era evitar que \u00e9l como gobernador, fuera sujeto a la REVOCACI\u00d3N DE MANDATO en 2022&#8230; Que el mismo Congreso de la Uni\u00f3n aprob\u00f3&#8230; Ahora el tema es que los van a volver a exhibir&#8230; Y eso, no gust\u00f3 al zacatecano&#8230;<\/p>\n<p>La indignaci\u00f3n de ese grupo pol\u00edtico en MORENA nacional, que es el m\u00e1s fuerte para quedarse con la Presidencia del partido, es que echan toda la culpa a Juan Javier G\u00f3mez Cazarin, por haberse PRESTADO a esa \u00abABERRACI\u00d3N JUR\u00cdDICA\u00bb y sin haber consultado con un abogado experto en derecho constitucional, si esa Reforma, que dicen, fue COPIADA tal cual,a la de Tabasco hace un a\u00f1o&#8230; Iba a pasar por lo menos, la Sala Regional del Tribunal Electoral del Poder Judicial de la Federaci\u00f3n&#8230; Ni eso hicieron&#8230; Ah\u00ed est\u00e1n las consecuencias&#8230;<\/p>\n<p>Los personajes cercanos a Monreal y Ebrard hablaron con sus operadores en Veracruz&#8230; Que se alejaran todo lo que pudieran de Cuitlahuac Garc\u00eda-G\u00f3mez Cazar\u00edn para que nos los \u00abcontaminaran\u00bb de esta situaci\u00f3n.. Y la sociedad civil no les echara la culpa a ellos, de las \u00abchicanadas\u00bb de los diputados locales y del gobierno estatal&#8230; Ya que se\u00f1alaron que esto s\u00f3lo hacer ver como un DESPOJO Y ROBO el derecho leg\u00edtimo de poder REVOCAR EL MANDATO del gobernador&#8230; As\u00ed de contundente&#8230; La molestia es en serio&#8230;<\/p>\n<p>Adem\u00e1s acusaron que ya L\u00f3pez Obrador en este momento&#8230; Tiene muchos frentes abiertos con la sociedad civil, que el tema de la pandemia del Coronavirus lo est\u00e1 haciendo m\u00e1s grande por los da\u00f1os colaterales&#8230; Para que otro Gobernador de MORENA, ahora de Veracruz, al que tanto a RESPALDADO el Presidente, venga a crearle m\u00e1s problema de los que ya tiene&#8230; Si todav\u00eda, no se supera el asunto Bartlett y la \u00abLey Bonilla\u00bb&#8230; El caso est\u00e1 muy complicado al interior del MORENA para el mandatario veracruzano&#8230;<\/p>\n<p>Tanto as\u00ed que el propio Alejandro Rojas D\u00edaz Dur\u00e1n, senador suplente de Monreal y el aspirante de ese grupo pol\u00edtico a la dirigencia nacional de MORENA, dijo que los diputados locales y el gobernador veracruzano&#8230; Hicieron con eso, una TROPEL\u00cdA Y UNA DESLEALTAD POL\u00cdTICA a Andr\u00e9s Manuel, qui\u00e9n \u00e9l si se someter\u00e1 a esta consulta p\u00fablica de la Revocaci\u00f3n de Mandato en el 2022&#8230; Por lo cual, no se explica el accionar de Cuitl\u00e1huac Garc\u00eda para no hacerlo&#8230; El Presidente si, el gobernador no&#8230; Mira que abusao&#8230;<\/p>\n<p>Rojas se fue m\u00e1s all\u00e1&#8230; Al acusar que Cuitl\u00e1huac y los dem\u00e1s gobernadores Morenos deber\u00edan PONER EL EJEMPLO y que el mandatario veracruzano debe pedirle a sus diputados locales, de manera inmediata, que QUITEN esa Reforma&#8230; Ya que Juan Javier G\u00f3mez Cazar\u00edn y los dem\u00e1s diputados de su bancada, no s\u00f3lo violaron la Constituci\u00f3n Mexicana sino tambi\u00e9n los ESTATUTOS INTERNOS DE MORENA&#8230; La cual dice claramente que se promover\u00e1: El Plebiscito, Refer\u00e9ndum, Consulta Popular y la Revoaci\u00f3n de Mandato&#8230; ZUCUTUM,..<\/p>\n<p>Por esa situaci\u00f3n, es posible que tanto Cuitl\u00e1huac Garc\u00eda y todos los diputados locales de MORENA, si los militantes de Veracruz o un simpatizante de L\u00f3pez Obrador, SE QUEJAN de esta actuaci\u00f3n de estos personajes en la entidad, y llagaran a pedir alguna SANCI\u00d3N ante la Comisi\u00f3n Nacional de Honestidad y Justicia del CEN de MORENA, pueden ser SUJETOS a penalidades muy graves dentro de este partido&#8230; As\u00ed de grueso el tema&#8230;<\/p>\n<p>Ya que, seg\u00fan estos estatutos, la acci\u00f3n de G\u00f3mez Cazar\u00edn para beneficiar a Cuitl\u00e1huac Garc\u00eda&#8230; Es una TRAICI\u00d3N al \u00abesp\u00edritu\u00bb fundacional de MORENA y al propio, L\u00f3pez Obrador, porque lo exhiben p\u00fablicamente COMO UN MENTIROSO, ya que \u00e9l ha dicho: \u00abEl pueblo pone y el pueblo quita\u00bb&#8230; Por eso, \u00e9l se someter\u00e1 a la revocaci\u00f3n de mandato en dos a\u00f1os&#8230; Y, entonces, \u00bfA qu\u00e9 le teme Cuitl\u00e1huac Garc\u00eda?&#8230; Si el como gobernador, no ha dado el ancho, no es problema de MORENA, es conflicto de Cuitl\u00e1huac&#8230;<\/p>\n<p>EN RESUMEN&#8230; Para el grupo pol\u00edtico m\u00e1s fuerte de MORENA en el pa\u00eds&#8230; Los veracruzanos tienen todo el derecho de decidir, si el gobernador, Cuitl\u00e1huac Garc\u00eda&#8230; Se queda o se va&#8230; Y los diputados locales no tienen ning\u00fan derecho, de despojar a la sociedad veracruzana, que en 2022, tomen esa decisi\u00f3n&#8230; Por eso, la democracia tiene esa figura de la Revocaci\u00f3n de Mandato&#8230; Ni modo, que a nivel federal se practique y en un estado no se haga porque el gobernador no quiere&#8230; A poco Cuitl\u00e1huac sue\u00f1a con ser cacique&#8230; DIOS NOS BENDIGA&#8230;<\/p>\n","protected":false},"excerpt":{"rendered":"<p>Ricardo Ch\u00faa Sale y Vale Vaya frente que se abri\u00f3 dentro de las filas de MORENA a nivel nacional contra los \u00abclase privilegiada\u00bb de ese partido pol\u00edtico en Veracruz&#8230; Ya que el grupo pol\u00edtico que lidera el senador y presidente de la c\u00e1mara alta del Congreso de la Uni\u00f3n, Ricardo Monreal \u00c1vila mostraron su descontento [&hellip;]<\/p>\n","protected":false},"author":2,"featured_media":50249,"comment_status":"open","ping_status":"open","sticky":false,"template":"","format":"standard","meta":{"_jetpack_newsletter_access":"","_jetpack_dont_email_post_to_subs":false,"_jetpack_newsletter_tier_id":0,"_jetpack_memberships_contains_paywalled_content":false,"_jetpack_memberships_contains_paid_content":false,"footnotes":""},"categories":[70],"tags":[1563,14703,1026,1414,13604,2944,6361,195],"class_list":["post-55106","post","type-post","status-publish","format-standard","has-post-thumbnail","hentry","category-de-opinion","tag-cuitlahuac-garcia-jimenez","tag-marcelo-ebrard","tag-morena","tag-reforma-electoral","tag-ricardo-chua","tag-ricardo-monreal-avila","tag-suprema-corte-de-justicia-de-la-nacion","tag-veracruz"],"jetpack_featured_media_url":"https:\/\/lospoliticosveracruz.com.mx\/wp-content\/uploads\/2019\/10\/Cuic-Monreal.jpg","jetpack_sharing_enabled":true,"jetpack_shortlink":"https:\/\/wp.me\/p4Qcd3-ekO","_links":{"self":[{"href":"https:\/\/lospoliticosveracruz.com.mx\/index.php?rest_route=\/wp\/v2\/posts\/55106","targetHints":{"allow":["GET"]}}],"collection":[{"href":"https:\/\/lospoliticosveracruz.com.mx\/index.php?rest_route=\/wp\/v2\/posts"}],"about":[{"href":"https:\/\/lospoliticosveracruz.com.mx\/index.php?rest_route=\/wp\/v2\/types\/post"}],"author":[{"embeddable":true,"href":"https:\/\/lospoliticosveracruz.com.mx\/index.php?rest_route=\/wp\/v2\/users\/2"}],"replies":[{"embeddable":true,"href":"https:\/\/lospoliticosveracruz.com.mx\/index.php?rest_route=%2Fwp%2Fv2%2Fcomments&post=55106"}],"version-history":[{"count":1,"href":"https:\/\/lospoliticosveracruz.com.mx\/index.php?rest_route=\/wp\/v2\/posts\/55106\/revisions"}],"predecessor-version":[{"id":55107,"href":"https:\/\/lospoliticosveracruz.com.mx\/index.php?rest_route=\/wp\/v2\/posts\/55106\/revisions\/55107"}],"wp:featuredmedia":[{"embeddable":true,"href":"https:\/\/lospoliticosveracruz.com.mx\/index.php?rest_route=\/wp\/v2\/media\/50249"}],"wp:attachment":[{"href":"https:\/\/lospoliticosveracruz.com.mx\/index.php?rest_route=%2Fwp%2Fv2%2Fmedia&parent=55106"}],"wp:term":[{"taxonomy":"category","embeddable":true,"href":"https:\/\/lospoliticosveracruz.com.mx\/index.php?rest_route=%2Fwp%2Fv2%2Fcategories&post=55106"},{"taxonomy":"post_tag","embeddable":true,"href":"https:\/\/lospoliticosveracruz.com.mx\/index.php?rest_route=%2Fwp%2Fv2%2Ftags&post=55106"}],"curies":[{"name":"wp","href":"https:\/\/api.w.org\/{rel}","templated":true}]}}