{"id":55180,"date":"2020-05-18T21:11:23","date_gmt":"2020-05-19T02:11:23","guid":{"rendered":"http:\/\/www.lospoliticosveracruz.com.mx\/?p=55180"},"modified":"2020-05-18T21:11:23","modified_gmt":"2020-05-19T02:11:23","slug":"se-una-empresa-acorde-a-la-nueva-normalidad","status":"publish","type":"post","link":"https:\/\/lospoliticosveracruz.com.mx\/?p=55180","title":{"rendered":"\u00a1S\u00e9 una empresa acorde a la Nueva Normalidad!"},"content":{"rendered":"<p>Con el prop\u00f3sito de prevenir la propagaci\u00f3n de COVID-19, as\u00ed como de reducir a un nivel m\u00e1ximo otros microorganismos nocivos para la salud surge la necesidad de ofrecer un servicio adicional a la limpieza, con productos de calidad, org\u00e1nicos y seguros para el ser humano.<\/p>\n<p>Las empresas de servicios representan \u00e1reas de contaminaci\u00f3n para sus empleados y usuarios por el contacto que se tiene con m\u00faltiples objetos y ambientes.\u00a0Frente a esta necesidad,\u00a0ofrecemos un valor agregado al desinfectar los espacios, \u00e1reas, muebles, etc\u00e9tera.<\/p>\n<p>En el medio ambiente y en las cosas que tocamos constantemente, se encuentran m\u00faltiples virus y bacterias que cada vez son m\u00e1s resistentes y da\u00f1inos para la salud. La limpieza tradicional es importante pero resulta insuficiente en las circunstancias actuales. Los datos demuestran que los productos de limpieza disminuyen de manera parcial los g\u00e9rmenes y que al aplicar posteriormente nuestro producto bajo nebulizaci\u00f3n, su poder oxidante act\u00faa destruyendo las estructuras celulares de los microorganismos desde el ARN y ADN, elimin\u00e1ndolos al 99.9%.<\/p>\n<p><a href=\"http:\/\/www.lospoliticosveracruz.com.mx\/wp-content\/uploads\/2020\/05\/Ravelo-2.jpeg\"><img loading=\"lazy\" decoding=\"async\" class=\"aligncenter size-full wp-image-55182\" src=\"http:\/\/www.lospoliticosveracruz.com.mx\/wp-content\/uploads\/2020\/05\/Ravelo-2.jpeg\" alt=\"Ravelo 2\" width=\"600\" height=\"338\" \/><\/a> <a href=\"http:\/\/www.lospoliticosveracruz.com.mx\/wp-content\/uploads\/2020\/05\/Ravelo-3.jpeg\"><img loading=\"lazy\" decoding=\"async\" class=\"aligncenter size-full wp-image-55183\" src=\"http:\/\/www.lospoliticosveracruz.com.mx\/wp-content\/uploads\/2020\/05\/Ravelo-3.jpeg\" alt=\"Ravelo 3\" width=\"600\" height=\"340\" \/><\/a> <a href=\"http:\/\/www.lospoliticosveracruz.com.mx\/wp-content\/uploads\/2020\/05\/Ravelo-4.jpeg\"><img loading=\"lazy\" decoding=\"async\" class=\"aligncenter size-full wp-image-55184\" src=\"http:\/\/www.lospoliticosveracruz.com.mx\/wp-content\/uploads\/2020\/05\/Ravelo-4.jpeg\" alt=\"Ravelo 4\" width=\"600\" height=\"339\" \/><\/a> <a href=\"http:\/\/www.lospoliticosveracruz.com.mx\/wp-content\/uploads\/2020\/05\/Ravelo-5.jpeg\"><img loading=\"lazy\" decoding=\"async\" class=\"aligncenter size-full wp-image-55185\" src=\"http:\/\/www.lospoliticosveracruz.com.mx\/wp-content\/uploads\/2020\/05\/Ravelo-5.jpeg\" alt=\"Ravelo 5\" width=\"600\" height=\"338\" \/><\/a> <a href=\"http:\/\/www.lospoliticosveracruz.com.mx\/wp-content\/uploads\/2020\/05\/Ravelo-6.jpeg\"><img loading=\"lazy\" decoding=\"async\" class=\"aligncenter size-full wp-image-55186\" src=\"http:\/\/www.lospoliticosveracruz.com.mx\/wp-content\/uploads\/2020\/05\/Ravelo-6.jpeg\" alt=\"Ravelo 6\" width=\"600\" height=\"339\" \/><\/a> <a href=\"http:\/\/www.lospoliticosveracruz.com.mx\/wp-content\/uploads\/2020\/05\/Ravelo-7.jpeg\"><img loading=\"lazy\" decoding=\"async\" class=\"aligncenter size-full wp-image-55187\" src=\"http:\/\/www.lospoliticosveracruz.com.mx\/wp-content\/uploads\/2020\/05\/Ravelo-7.jpeg\" alt=\"Ravelo 7\" width=\"600\" height=\"339\" \/><\/a><\/p>\n<p>&nbsp;<\/p>\n","protected":false},"excerpt":{"rendered":"<p>Con el prop\u00f3sito de prevenir la propagaci\u00f3n de COVID-19, as\u00ed como de reducir a un nivel m\u00e1ximo otros microorganismos nocivos para la salud surge la necesidad de ofrecer un servicio adicional a la limpieza, con productos de calidad, org\u00e1nicos y seguros para el ser humano. Las empresas de servicios representan \u00e1reas de contaminaci\u00f3n para sus [&hellip;]<\/p>\n","protected":false},"author":2,"featured_media":0,"comment_status":"open","ping_status":"open","sticky":false,"template":"","format":"standard","meta":{"_jetpack_newsletter_access":"","_jetpack_dont_email_post_to_subs":false,"_jetpack_newsletter_tier_id":0,"_jetpack_memberships_contains_paywalled_content":false,"_jetpack_memberships_contains_paid_content":false,"footnotes":""},"categories":[73],"tags":[16673,17896,17894,1037,17897,17895],"class_list":["post-55180","post","type-post","status-publish","format-standard","hentry","category-de-boleto","tag-covid-19","tag-germenes","tag-limpieza","tag-medio-ambiente","tag-nebulizacion","tag-productos-de-limpieza"],"jetpack_featured_media_url":"","jetpack_sharing_enabled":true,"jetpack_shortlink":"https:\/\/wp.me\/p4Qcd3-em0","_links":{"self":[{"href":"https:\/\/lospoliticosveracruz.com.mx\/index.php?rest_route=\/wp\/v2\/posts\/55180","targetHints":{"allow":["GET"]}}],"collection":[{"href":"https:\/\/lospoliticosveracruz.com.mx\/index.php?rest_route=\/wp\/v2\/posts"}],"about":[{"href":"https:\/\/lospoliticosveracruz.com.mx\/index.php?rest_route=\/wp\/v2\/types\/post"}],"author":[{"embeddable":true,"href":"https:\/\/lospoliticosveracruz.com.mx\/index.php?rest_route=\/wp\/v2\/users\/2"}],"replies":[{"embeddable":true,"href":"https:\/\/lospoliticosveracruz.com.mx\/index.php?rest_route=%2Fwp%2Fv2%2Fcomments&post=55180"}],"version-history":[{"count":1,"href":"https:\/\/lospoliticosveracruz.com.mx\/index.php?rest_route=\/wp\/v2\/posts\/55180\/revisions"}],"predecessor-version":[{"id":55188,"href":"https:\/\/lospoliticosveracruz.com.mx\/index.php?rest_route=\/wp\/v2\/posts\/55180\/revisions\/55188"}],"wp:attachment":[{"href":"https:\/\/lospoliticosveracruz.com.mx\/index.php?rest_route=%2Fwp%2Fv2%2Fmedia&parent=55180"}],"wp:term":[{"taxonomy":"category","embeddable":true,"href":"https:\/\/lospoliticosveracruz.com.mx\/index.php?rest_route=%2Fwp%2Fv2%2Fcategories&post=55180"},{"taxonomy":"post_tag","embeddable":true,"href":"https:\/\/lospoliticosveracruz.com.mx\/index.php?rest_route=%2Fwp%2Fv2%2Ftags&post=55180"}],"curies":[{"name":"wp","href":"https:\/\/api.w.org\/{rel}","templated":true}]}}