{"id":55218,"date":"2020-05-19T10:00:20","date_gmt":"2020-05-19T15:00:20","guid":{"rendered":"http:\/\/www.lospoliticosveracruz.com.mx\/?p=55218"},"modified":"2020-05-19T10:00:20","modified_gmt":"2020-05-19T15:00:20","slug":"el-recorte-a-los-partidos-de-veracruz-el-caso-perredista","status":"publish","type":"post","link":"https:\/\/lospoliticosveracruz.com.mx\/?p=55218","title":{"rendered":"El recorte a los partidos de Veracruz; el caso perredista"},"content":{"rendered":"<p><strong>Luis Alberto Romero<\/strong><\/p>\n<p><em>Hora cero<\/em><br \/>\nEl pasado 12 de mayo, el Congreso de Veracruz aprob\u00f3 una serie de reformas a la ley estatal en materia electoral.<br \/>\nEntre las modificaciones aprobadas por Morena y un grupo de diputados aliados se encuentra la reducci\u00f3n de las prerrogativas para los partidos pol\u00edticos, que recibir\u00e1n menos dinero p\u00fablico.<br \/>\nComo era de esperarse, esa medida gener\u00f3 reacciones de los representantes de los partidos en la entidad, dado que de cara al proceso electoral de 2021 dispondr\u00e1n de cada vez menores recursos.<br \/>\nEl problema para los partidos, adem\u00e1s de esa reducci\u00f3n aprobada en el Congreso de Veracruz, es que casi todos enfrentan multas que significan descuentos en sus prerrogativas.<br \/>\nPor si fuera poco, algunos institutos pol\u00edticos sacrificaron su estructura a cambio de posiciones; es el caso del Partido de la Revoluci\u00f3n Democr\u00e1tica, que redujo de manera considerable su votaci\u00f3n como consecuencia de las alianzas con el PAN.<br \/>\nEn las elecciones de 2010, la alianza PRD, PT y Convergencia por la Democracia super\u00f3 los 427 mil votos; s\u00f3lo el Sol Azteca, en ese proceso, logr\u00f3 m\u00e1s de 234 mil sufragios.<br \/>\nEn 2013, a este partido no le fue nada mal: casi lleg\u00f3 a 400 mil votos, m\u00e1s de 12 por ciento del total.<br \/>\nLas dificultades comenzaro en 2016: el Sol Azteca integr\u00f3 una coalici\u00f3n con el blanquiazul; como consecuencia de esa decisi\u00f3n, su cosecha de votos fue sumamente peque\u00f1a: pas\u00f3 de caso 400 mil a poco m\u00e1s de 207 mil; es decir, el PRD perdi\u00f3 casi la mitad de los sufragios que hab\u00eda logrado en 2013, la elecci\u00f3n inmediata anterior<br \/>\nA partir de ah\u00ed comenz\u00f3 el verdadero declive del partido y esa p\u00e9rdida de gas signific\u00f3 un desplome en las prerrogativas que recib\u00eda. Si bien el PRD logr\u00f3 algunas posiciones importantes, como la Secretar\u00eda de Gobierno para Rogelio Franco y un par de subsecretar\u00edas en la estructura estatal, el partido termin\u00f3 por desinflarse y ello se vio reflejado en la reducci\u00f3n de sus ingresos.<br \/>\nPor si fuera poco, en noviembre de 2019, el Instituto Nacional Electoral aplic\u00f3 una multa al PRD por m\u00e1s de 7 millones 254 mil pesos; ese dinero se descuenta de las prerrogativas que le llegan cada mes al partido que encabeza de manera formal Jes\u00fas Vel\u00e1zquez Flores.<br \/>\nAl sumar esos dos golpes al bolsillo del PRD, la reducci\u00f3n a las prerrogativas como consecuencia de los malos resultados electorales y las multas aplicadas por el \u00f3rgano electoral, el escenario para el perredismo no podr\u00eda lucir m\u00e1s complicado, sobre todo ahora, cuando el dinero p\u00fablico bajar\u00e1 a la mitad como consecuencia de la reforma electoral de Veracruz.<br \/>\nDebido a esos problemas, que representan casi una quiebra, una asfixia financiera, el PRD se ha visto obligado a reducir al m\u00ednimo su actividad y su gasto; de entrada, de forma reciente la dirigencia del partido sostuvo una reuni\u00f3n interna en la que se acord\u00f3 un intento por controlar los da\u00f1os, comenzando por una reducci\u00f3n en su n\u00f3mina partidista. El PRD veracruzano no tiene otra opci\u00f3n.<br \/>\nLo peor para el Sol Azteca en Veracruz es que el partido no soportar\u00e1 que se reduzcan a\u00fan m\u00e1s sus prerrogativas y ese, a fin de cuentas, es un escenario probable para 2022, si es que los dirigentes no logran un buen resultado en las elecciones intermedias de 2021.<br \/>\nEstamos pues, ante la inminente bancarrota de un partido que poco a poco se queda sin militantes. @luisromero85<\/p>\n","protected":false},"excerpt":{"rendered":"<p>Luis Alberto Romero Hora cero El pasado 12 de mayo, el Congreso de Veracruz aprob\u00f3 una serie de reformas a la ley estatal en materia electoral. Entre las modificaciones aprobadas por Morena y un grupo de diputados aliados se encuentra la reducci\u00f3n de las prerrogativas para los partidos pol\u00edticos, que recibir\u00e1n menos dinero p\u00fablico. Como [&hellip;]<\/p>\n","protected":false},"author":2,"featured_media":0,"comment_status":"open","ping_status":"open","sticky":false,"template":"","format":"standard","meta":{"_jetpack_newsletter_access":"","_jetpack_dont_email_post_to_subs":false,"_jetpack_newsletter_tier_id":0,"_jetpack_memberships_contains_paywalled_content":false,"_jetpack_memberships_contains_paid_content":false,"footnotes":""},"categories":[70],"tags":[393,17921,7232,2669,1026,266,1709,107,17920,1414,108,14641,195],"class_list":["post-55218","post","type-post","status-publish","format-standard","hentry","category-de-opinion","tag-congreso-de-veracruz","tag-convergencia-por-la-democracia","tag-jesus-velazquez-flores","tag-luis-alberto-romero","tag-morena","tag-pan","tag-partidos-politicos","tag-prd","tag-reduccion-de-las-prerrogativas","tag-reforma-electoral","tag-rogelio-franco","tag-sol-azteca","tag-veracruz"],"jetpack_featured_media_url":"","jetpack_sharing_enabled":true,"jetpack_shortlink":"https:\/\/wp.me\/p4Qcd3-emC","_links":{"self":[{"href":"https:\/\/lospoliticosveracruz.com.mx\/index.php?rest_route=\/wp\/v2\/posts\/55218","targetHints":{"allow":["GET"]}}],"collection":[{"href":"https:\/\/lospoliticosveracruz.com.mx\/index.php?rest_route=\/wp\/v2\/posts"}],"about":[{"href":"https:\/\/lospoliticosveracruz.com.mx\/index.php?rest_route=\/wp\/v2\/types\/post"}],"author":[{"embeddable":true,"href":"https:\/\/lospoliticosveracruz.com.mx\/index.php?rest_route=\/wp\/v2\/users\/2"}],"replies":[{"embeddable":true,"href":"https:\/\/lospoliticosveracruz.com.mx\/index.php?rest_route=%2Fwp%2Fv2%2Fcomments&post=55218"}],"version-history":[{"count":1,"href":"https:\/\/lospoliticosveracruz.com.mx\/index.php?rest_route=\/wp\/v2\/posts\/55218\/revisions"}],"predecessor-version":[{"id":55219,"href":"https:\/\/lospoliticosveracruz.com.mx\/index.php?rest_route=\/wp\/v2\/posts\/55218\/revisions\/55219"}],"wp:attachment":[{"href":"https:\/\/lospoliticosveracruz.com.mx\/index.php?rest_route=%2Fwp%2Fv2%2Fmedia&parent=55218"}],"wp:term":[{"taxonomy":"category","embeddable":true,"href":"https:\/\/lospoliticosveracruz.com.mx\/index.php?rest_route=%2Fwp%2Fv2%2Fcategories&post=55218"},{"taxonomy":"post_tag","embeddable":true,"href":"https:\/\/lospoliticosveracruz.com.mx\/index.php?rest_route=%2Fwp%2Fv2%2Ftags&post=55218"}],"curies":[{"name":"wp","href":"https:\/\/api.w.org\/{rel}","templated":true}]}}