{"id":55253,"date":"2020-05-19T21:03:59","date_gmt":"2020-05-20T02:03:59","guid":{"rendered":"http:\/\/www.lospoliticosveracruz.com.mx\/?p=55253"},"modified":"2020-05-20T10:37:58","modified_gmt":"2020-05-20T15:37:58","slug":"celebra-la-vida","status":"publish","type":"post","link":"https:\/\/lospoliticosveracruz.com.mx\/?p=55253","title":{"rendered":"Celebra la Vida"},"content":{"rendered":"<p><strong>Maricarmen Garc\u00eda El\u00edas<\/strong><\/p>\n<p><em>Animalia<\/em><\/p>\n<p>\u00ab Celebra la Vida \u00bb es una campa\u00f1a internacional convocada por la Red de Artistas e Intelectuales por la Abolici\u00f3n de la Tauromaquia, activistas de M\u00e9xico como Elena Poniatowska, Horacio Franco y Homero Aridjis tambi\u00e9n se sumar\u00e1n a dicha campa\u00f1a. Esta red\u00a0 que naci\u00f3 en Paris durante un evento anti taurino en octubre pasado, constituye una iniciativa en desarrollo por parte de Movimiento Consciencia, una asociaci\u00f3n internacional de protecci\u00f3n animal, \u00a0con el objetivo de rechazar las corridas de toros pues son una forma de exaltaci\u00f3n de la violencia, la tortura y el asesinato con pretensiones de fiesta art\u00edstica y tradici\u00f3n cultural.<\/p>\n<p>Se ha elegido a la tauromaquia como tema central de la campa\u00f1a pues es un emblema del maltrato contra los animales por su crueldad expl\u00edcita as\u00ed como por sus repercusiones sociales y culturales. Sin embargo, la reflexi\u00f3n va m\u00e1s all\u00e1, particularmente en este momento hist\u00f3rico, por medio del arte. Se ha comprobado que el arte y la cultura resultan la manera m\u00e1s directa y sensible para revolucionar conciencias, tocar corazones y transformar realidades.<\/p>\n<p>La representante de Movimiento Consciencia en M\u00e9xico, Gloria Maldonado Ans\u00f3, Curadora y promotora cultural, en entrevista para <em>Animalia<\/em> explic\u00f3 que se ha invitado a grandes artistas a participar con dibujos, pinturas, poemas, videos, ensayos, composiciones, canciones y todo aquel material surgido de su inspiraci\u00f3n y creatividad con el prop\u00f3sito de exhortar al cambio y enviar un mensaje de esperanza. Esperanza que podr\u00eda verse alentada por las im\u00e1genes que han circulado de la naturaleza en proceso de recuperaci\u00f3n mientras el ser humano se recluye.<\/p>\n<p>La pandemia que azota hoy a la humanidad est\u00e1 causando innumerables tragedias como graves da\u00f1os a la salud, p\u00e9rdida de vidas, colapso de sistemas hospitalarios, crisis econ\u00f3micas, aumento acelerado del desempleo y la pobreza en el mundo. Esta dram\u00e1tica situaci\u00f3n vuelve particularmente vulnerables a los pueblos originarios y a los migrantes, adem\u00e1s de los grupos de alto riesgo. El coronavirus y sus consecuencias representan uno m\u00e1s de los avisos que ha enviado la naturaleza por ello \u00abCelebra la Vida\u00bb quiere enviar un mensaje contundente.<\/p>\n<p>El mensaje actual es de urgencia inmediata: la destrucci\u00f3n de los h\u00e1bitats, el cambio clim\u00e1tico, la p\u00e9rdida de la biodiversidad, la deforestaci\u00f3n, el tr\u00e1fico de especies, la intensa explotaci\u00f3n agr\u00edcola y ganadera amenazan con el desarrollo de nuevas pandemias y el incremento de enfermedades. \u201cSi no entendemos de una vez por todas que es prioritario proteger al planeta y a los dem\u00e1s seres vivos, si no tomamos acciones radicales con el fin de revertir la devastaci\u00f3n provocada hasta ahora, nos estamos colocando en un riesgo inminente y hoy contamos con la prueba palpable\u201d explicaron los activistas.<\/p>\n<p>Desde anta\u00f1o la tauromaquia ha originado un rechazo por artistas, pensadores, cient\u00edficos, religiosos y politicos reconocidos por la barbarie que significa, entre ellos, \u00a0Francisco de Quevedo, Emilia Pardo Baz\u00e1n, Cecilia B\u00f6hl de Faber, Carolina Coronado, Mar\u00eda Luisa Castellanos, Juan Ram\u00f3n Jim\u00e9nez, Miguel de Unamuno, P\u00edo Baroja, Blasco Ib\u00e1\u00f1ez y Santiago Ram\u00f3n y Cajal, entre muchos otros. Incluso una nueva lectura de la \u201cTauromaquia\u201d de Goya lo ubica como pionero del antitaurinismo por la violencia de sus im\u00e1genes, como lo ha revelado el historiador espa\u00f1ol Juan Ignacio Codina.<\/p>\n<p>Francisco Toledo y Eduardo del R\u00edo \u201cRius\u201d apoyaron tambi\u00e9n iniciativas previas siendo miembros del jurado del Certamen Internacional de Cart\u00f3n \u00ab Toros s\u00ed, toreros No \u00bb, mismo que cont\u00f3 con una nutrida participaci\u00f3n de brillantes caricaturistas de m\u00e1s de medio centenar de pa\u00edses. La Red de Artistas e Intelectuales por la Abolici\u00f3n de la Tauromaquia, es una suma de voluntades y talento que realizar\u00e1 interesantes propuestas en el tema de protecci\u00f3n animal en los diversos espacios p\u00fablicos y foros a nivel nacional.<\/p>\n<p>gaem80@gmail.com<\/p>\n","protected":false},"excerpt":{"rendered":"<p>Maricarmen Garc\u00eda El\u00edas Animalia \u00ab Celebra la Vida \u00bb es una campa\u00f1a internacional convocada por la Red de Artistas e Intelectuales por la Abolici\u00f3n de la Tauromaquia, activistas de M\u00e9xico como Elena Poniatowska, Horacio Franco y Homero Aridjis tambi\u00e9n se sumar\u00e1n a dicha campa\u00f1a. Esta red\u00a0 que naci\u00f3 en Paris durante un evento anti taurino [&hellip;]<\/p>\n","protected":false},"author":2,"featured_media":0,"comment_status":"open","ping_status":"open","sticky":false,"template":"","format":"standard","meta":{"_jetpack_newsletter_access":"","_jetpack_dont_email_post_to_subs":false,"_jetpack_newsletter_tier_id":0,"_jetpack_memberships_contains_paywalled_content":false,"_jetpack_memberships_contains_paid_content":false,"footnotes":""},"categories":[6451],"tags":[3084,17951,17950,17939,16264,17946,17944,17960,10068,17949,2145,17959,17943,17942,17941,17958,17953,17952,17954,17102,17948,10482,17955,17940,17961,17957,17963,17962,17947],"class_list":["post-55253","post","type-post","status-publish","format-standard","hentry","category-historias_de_amigos","tag-cambio-climatico","tag-carolina-coronado","tag-cecilia-bohl-de-faber","tag-celebra-la-vida","tag-coronavirus","tag-deforestacion","tag-destruccion-de-habitats","tag-eduardo-del-rio","tag-elena-poniatowska","tag-emilia-pardo-bazan","tag-francisco-de-quevedo","tag-francisco-toledo","tag-gloria-maldonado-anso","tag-homero-aridjis","tag-horacio-franco","tag-juan-ignacio-codina","tag-juan-ramon-jimenez","tag-maria-luisa-castellanos","tag-miguel-de-unamuno","tag-movimiento-consciencia","tag-pandemias","tag-paris","tag-pio-baroja","tag-red-de-artistas-e-intelectuales-por-la-abolicion-de-la-tauromaquia","tag-rius","tag-santiago-ramon-y-cajal","tag-toreros-no","tag-toros-si","tag-trafico-de-especies"],"jetpack_featured_media_url":"","jetpack_sharing_enabled":true,"jetpack_shortlink":"https:\/\/wp.me\/p4Qcd3-enb","_links":{"self":[{"href":"https:\/\/lospoliticosveracruz.com.mx\/index.php?rest_route=\/wp\/v2\/posts\/55253","targetHints":{"allow":["GET"]}}],"collection":[{"href":"https:\/\/lospoliticosveracruz.com.mx\/index.php?rest_route=\/wp\/v2\/posts"}],"about":[{"href":"https:\/\/lospoliticosveracruz.com.mx\/index.php?rest_route=\/wp\/v2\/types\/post"}],"author":[{"embeddable":true,"href":"https:\/\/lospoliticosveracruz.com.mx\/index.php?rest_route=\/wp\/v2\/users\/2"}],"replies":[{"embeddable":true,"href":"https:\/\/lospoliticosveracruz.com.mx\/index.php?rest_route=%2Fwp%2Fv2%2Fcomments&post=55253"}],"version-history":[{"count":1,"href":"https:\/\/lospoliticosveracruz.com.mx\/index.php?rest_route=\/wp\/v2\/posts\/55253\/revisions"}],"predecessor-version":[{"id":55255,"href":"https:\/\/lospoliticosveracruz.com.mx\/index.php?rest_route=\/wp\/v2\/posts\/55253\/revisions\/55255"}],"wp:attachment":[{"href":"https:\/\/lospoliticosveracruz.com.mx\/index.php?rest_route=%2Fwp%2Fv2%2Fmedia&parent=55253"}],"wp:term":[{"taxonomy":"category","embeddable":true,"href":"https:\/\/lospoliticosveracruz.com.mx\/index.php?rest_route=%2Fwp%2Fv2%2Fcategories&post=55253"},{"taxonomy":"post_tag","embeddable":true,"href":"https:\/\/lospoliticosveracruz.com.mx\/index.php?rest_route=%2Fwp%2Fv2%2Ftags&post=55253"}],"curies":[{"name":"wp","href":"https:\/\/api.w.org\/{rel}","templated":true}]}}