{"id":55371,"date":"2020-05-23T10:10:30","date_gmt":"2020-05-23T15:10:30","guid":{"rendered":"http:\/\/www.lospoliticosveracruz.com.mx\/?p=55371"},"modified":"2020-05-23T10:11:00","modified_gmt":"2020-05-23T15:11:00","slug":"marcha-por-la-vida-virtual","status":"publish","type":"post","link":"https:\/\/lospoliticosveracruz.com.mx\/?p=55371","title":{"rendered":"Marcha por la Vida&#8230; virtual"},"content":{"rendered":"<p>Como sabr\u00e1s, debido a la pandemia que estamos sufriendo, este a\u00f1o el encuentro ser\u00e1 virtual. Pero no por eso nos quedaremos callados. Miles de ni\u00f1os son abortados al a\u00f1o en la Ciudad de M\u00e9xico, y nuestros gobernantes quieren seguir promoviendo el aborto libre.<\/p>\n<p>Es hora de que M\u00e9xico entero grite al mundo que quiere la vida, que quiere seguir ayudando a todas esas madres necesitadas que se ven abocadas a abortar, sabemos que esa no es la soluci\u00f3n.<\/p>\n<p>Por eso es importante contar contigo, porque juntos lograremos detener \u00e9ste mal que nos afecta. Porque M\u00e9xico es y quiere seguir siendo provida, los mexicanos queremos apoyos reales a las mujeres embarazadas.<\/p>\n<p>\u00danete el s\u00e1bado 23 de mayo a las 11:00 am a esta marcha virtual en este enlace: <a href=\"https:\/\/m.facebook.com\/PasosPorlaVida\/\" target=\"_blank\">https:\/\/m.facebook.com\/PasosPorlaVida\/<\/a><\/p>\n<p>Hoy tenemos la oportunidad hist\u00f3rica de defender la vida y hacer frente a las iniciativas que existen en todo el pa\u00eds para aprobar el aborto.<\/p>\n<p>\u00bfCuento contigo?<\/p>\n<p>\u00a1Qu\u00e9 viva la vida! \u00a1Qu\u00e9 viva M\u00e9xico!<\/p>\n<p><a href=\"http:\/\/www.lospoliticosveracruz.com.mx\/wp-content\/uploads\/2020\/05\/marcha-A.jpg\"><img loading=\"lazy\" decoding=\"async\" class=\"aligncenter size-full wp-image-55373\" src=\"http:\/\/www.lospoliticosveracruz.com.mx\/wp-content\/uploads\/2020\/05\/marcha-A.jpg\" alt=\"marcha A\" width=\"700\" height=\"980\" \/><\/a> <a href=\"http:\/\/www.lospoliticosveracruz.com.mx\/wp-content\/uploads\/2020\/05\/marcha-B.jpg\"><img loading=\"lazy\" decoding=\"async\" class=\"aligncenter size-full wp-image-55374\" src=\"http:\/\/www.lospoliticosveracruz.com.mx\/wp-content\/uploads\/2020\/05\/marcha-B.jpg\" alt=\"marcha B\" width=\"700\" height=\"973\" \/><\/a><\/p>\n","protected":false},"excerpt":{"rendered":"<p>Como sabr\u00e1s, debido a la pandemia que estamos sufriendo, este a\u00f1o el encuentro ser\u00e1 virtual. Pero no por eso nos quedaremos callados. Miles de ni\u00f1os son abortados al a\u00f1o en la Ciudad de M\u00e9xico, y nuestros gobernantes quieren seguir promoviendo el aborto libre. Es hora de que M\u00e9xico entero grite al mundo que quiere la [&hellip;]<\/p>\n","protected":false},"author":2,"featured_media":0,"comment_status":"open","ping_status":"open","sticky":false,"template":"","format":"standard","meta":{"_jetpack_newsletter_access":"","_jetpack_dont_email_post_to_subs":false,"_jetpack_newsletter_tier_id":0,"_jetpack_memberships_contains_paywalled_content":false,"_jetpack_memberships_contains_paid_content":false,"footnotes":""},"categories":[73],"tags":[3795,18054,395],"class_list":["post-55371","post","type-post","status-publish","format-standard","hentry","category-de-boleto","tag-ciudad-de-mexico","tag-marcha-nacional-por-la-vida","tag-mexico"],"jetpack_featured_media_url":"","jetpack_sharing_enabled":true,"jetpack_shortlink":"https:\/\/wp.me\/p4Qcd3-ep5","_links":{"self":[{"href":"https:\/\/lospoliticosveracruz.com.mx\/index.php?rest_route=\/wp\/v2\/posts\/55371","targetHints":{"allow":["GET"]}}],"collection":[{"href":"https:\/\/lospoliticosveracruz.com.mx\/index.php?rest_route=\/wp\/v2\/posts"}],"about":[{"href":"https:\/\/lospoliticosveracruz.com.mx\/index.php?rest_route=\/wp\/v2\/types\/post"}],"author":[{"embeddable":true,"href":"https:\/\/lospoliticosveracruz.com.mx\/index.php?rest_route=\/wp\/v2\/users\/2"}],"replies":[{"embeddable":true,"href":"https:\/\/lospoliticosveracruz.com.mx\/index.php?rest_route=%2Fwp%2Fv2%2Fcomments&post=55371"}],"version-history":[{"count":2,"href":"https:\/\/lospoliticosveracruz.com.mx\/index.php?rest_route=\/wp\/v2\/posts\/55371\/revisions"}],"predecessor-version":[{"id":55376,"href":"https:\/\/lospoliticosveracruz.com.mx\/index.php?rest_route=\/wp\/v2\/posts\/55371\/revisions\/55376"}],"wp:attachment":[{"href":"https:\/\/lospoliticosveracruz.com.mx\/index.php?rest_route=%2Fwp%2Fv2%2Fmedia&parent=55371"}],"wp:term":[{"taxonomy":"category","embeddable":true,"href":"https:\/\/lospoliticosveracruz.com.mx\/index.php?rest_route=%2Fwp%2Fv2%2Fcategories&post=55371"},{"taxonomy":"post_tag","embeddable":true,"href":"https:\/\/lospoliticosveracruz.com.mx\/index.php?rest_route=%2Fwp%2Fv2%2Ftags&post=55371"}],"curies":[{"name":"wp","href":"https:\/\/api.w.org\/{rel}","templated":true}]}}