{"id":55402,"date":"2020-05-25T09:22:41","date_gmt":"2020-05-25T14:22:41","guid":{"rendered":"http:\/\/www.lospoliticosveracruz.com.mx\/?p=55402"},"modified":"2020-05-25T09:22:41","modified_gmt":"2020-05-25T14:22:41","slug":"madrina-al-hada-madrina-de-cuic","status":"publish","type":"post","link":"https:\/\/lospoliticosveracruz.com.mx\/?p=55402","title":{"rendered":"\u00abMadrina\u00bb al Hada Madrina de Cuic"},"content":{"rendered":"<p><strong>Ricardo Ch\u00faa<\/strong><\/p>\n<p><em>Sale y Vale<\/em><\/p>\n<p>OJO&#8230; El atentado sufrido ayer en la carretera federal Guti\u00e9rrez Zamora-Poza Rica, en la persona de Mar\u00eda Fernanda de Luna Ferral, hija de la periodista asesinada hace un mes y medio en Papantla, Mar\u00eda Elena Ferral&#8230; Deja m\u00e1s dudas, sobre la detenci\u00f3n del periodista, Jos\u00e9 N, quien esta encarcelado presuntamente por su participaci\u00f3n en este crimen&#8230; Pero seg\u00fan la Fiscal\u00eda de Veracruz, ya hab\u00eda resuelto el caso&#8230; \u00bfY ahora que van a decir?&#8230;\u00bb\u00bfHecho aislado?\u00bb&#8230; De nuevo el gremio period\u00edstico se pregunta&#8230;<\/p>\n<p>Si el caso del corresponsal de una famosa p\u00e1gina informativa de Xalapa, fue un \u00abteatro\u00bb realizado para que se demostrar que la FGE es EFICAZ resolviendo cr\u00edmenes medi\u00e1ticos como el de Ferral y con ello, Ver\u00f3nica Hern\u00e1ndez ganara puntos para poder buscar la reelecci\u00f3n como Fiscal titular&#8230; Pero ahora, lo que debe preocupar es que la vida de la hija de la periodista asesinada corre tambi\u00e9n peligro&#8230; Ojal\u00e1 se dejen de FARSAS y tomen cartas en el asunto&#8230; OJO CUITL\u00c1HUAC&#8230;<\/p>\n<p>CUITL\u00c1HUAC, LA OTRA DERROTA&#8230; La peor noticia que pudo haber recibido el gobernador, Cuitl\u00e1huac Garc\u00eda Jim\u00e9nez, en plena pandemia del COVID, no vino de Palacio Nacional&#8230; Tampoco de partidos de oposici\u00f3n sino de la Sala Superior del Tribunal Electoral del Poder Judicial de la Federaci\u00f3n (TEPJF) al iniciar un proceso de sanci\u00f3n contra Bertha Lujan&#8230; Presidenta del Consejo Pol\u00edtico Nacional de MORENA, su nueva \u00abHada Madrina\u00bb y \u00abProtectora\u00bb&#8230; Si la quitan de Presidencia&#8230; BYE GOBERNADOR&#8230;<\/p>\n<p>La sanci\u00f3n contra Lujan es grave por lo que este tribunal antes conocido como \u00abTRIFE\u00bb, puede quitarle hasta sus derechos pol\u00edticos y de presidencia del CPN de MORENA&#8230; Ya que la se\u00f1ora act\u00fao con dolo, al simular un falso Qu\u00f3rum, durante un Consejo Pol\u00edtico Nacional, el pasado 30 de noviembre, y esto molest\u00f3 a contrincantes, la denunciaron ante tribunales electorales y lo tipificaron como un delito electoral, que le puede hacer perder el poder&#8230; Y las secuelas llegaran a Veracruz v\u00eda Cuitl\u00e1huac&#8230;<\/p>\n<p>\u00bfEl por qu\u00e9 Bertha Lujan es importante para Cuittl\u00e1huac?&#8230; La respuesta es sencilla: Esta nueva \u00abhada madrina\u00bb era el personaje que estaba de acuerdo que el gobernador y Eric Cisneros IMPUSIERAN en la presidencia estatal de MORENA a Esteban Ram\u00edrez Zepeta, ex jefe de la Oficina del Gobernador y su \u00abalfil\u00bb&#8230; Sin que se realizar\u00e1 consulta o encuesta, as\u00ed directo, una simulaci\u00f3n en la que estaba de acuerdo el presidente nacional interino, Alfonso Ram\u00edrez Cuellar&#8230; Pero TEPJF se los acaba de \u00abtirar\u00bb&#8230;<br \/>\nDentro de ese acuerdo iba que desde MORENA en Veracruz, la mayor\u00eda de la militancia manipulada por el Gobernador, iban a apoyar a Bertha Lujan, en su lucha por la presidencia de este partido&#8230; Pero el Tribunal Electoral al suspender sus derechos pol\u00edticos electorales, no podr\u00e1 entrar en esa contienda interna&#8230; As\u00ed que fue un \u00abGOLPE BRUTAL\u00bb para Esteban Ram\u00edrez, quien se queda tambi\u00e9n DESPROTEGIDO, sin fuerza nacional, y el \u00abganon\u00bb es Gonzalo Vicencio con su alianza con Mario Delgado&#8230;<\/p>\n<p>As\u00ed que quien protege el \u00abproyecto pol\u00edtico\u00bb de Cuitl\u00e1huac y Eric Cisneros es Bertha Lujan&#8230; Quienes fueron los que llevaron a Esteban Ram\u00edrez con ella para que le dieran su \u00abbendici\u00f3n\u00bb&#8230; Pero si le ponen el \u00abdedo en la llaga\u00bb ahorita que est\u00e1n sobre de ella para que se le suspendan sus derechos electorales, se queda sin voz, ni voto y todos los acuerdos que hizo.. Se van a la \u00abborda\u00bb entre ellos el que tom\u00f3 con el gobernador jarocho&#8230; PINCHE SUERTE&#8230;<\/p>\n<p>Por eso, no hay que hacerle mucho al cuento.. Si cae el proyecto de Bertha, se cae el proyecto de Esteban Ram\u00edrez en Veracruz&#8230; \u00bfQui\u00e9n lo va a defender ahora?&#8230; Cuitl\u00e1huac debe \u00abjalarse los cabellos\u00bb por haber \u00abroto\u00bb con Yeidkolt Polenswky&#8230; Y s\u00f3lo le quedar\u00eda \u00abjalar\u00bb con Mario Delgado pero este trae a Gonzalo Vicencio y el otro grupo es de Alejandro Rojas, el proyecto de Ricardo Monreal, el que trae \u00abduro y tupido\u00bb a Cuitl\u00e1huac&#8230; En una de esas.. El gobernador se queda completamente solo&#8230; Gana Huerta&#8230;.<\/p>\n<p>LOCALISMO EMPOBRECEDOR&#8230; Por falta de visi\u00f3n pol\u00edtica, \u00abmalicia\u00bb partidista y falta de OFICIO pol\u00edtico, Cuitl\u00e1huac Garc\u00eda nunca se dio cuenta que Monreal era la fuerza alterna de L\u00f3pez Obrador en MORENA y que Marcelo Ebrard era el operador de AMLO que \u00abbrilla\u00bb con \u00abluz propia\u00bb&#8230;. En Veracruz, Cuitl\u00e1huac FOMENT\u00d3 su \u00ablocalismo empobrecedor\u00bb&#8230; Y los ignor\u00f3, no los \u00abpel\u00f3\u00bb y hasta los \u00abgrillo\u00bb&#8230; Se sinti\u00f3 muy \u00absalsa jarocha\u00bb y all\u00e1 se la APLICARON&#8230;<\/p>\n<p>Los grupos de Marcelo y Monreal desde CDMX le \u00abvoltearon el chirri\u00f3n por el palito\u00bb a Cuitl\u00e1huac y ahora lo hacen ver su suerte en MORENA (Y LE TIENEN UNA PREPARADA CON DEDICATORIA), al final de cuentas, ni el titular de la SRE y ni el presidente del Senado le tienen \u00abmucho afecto\u00bb al gobernador veracruzano&#8230; Y es un hecho, que s\u00f3lo est\u00e1n esperando que se cumplan los tiempos para actuar&#8230; Argumentos pol\u00edticos y legales tienen de sobra&#8230; Por lo pronto&#8230; Le ganan en MORENA&#8230;<\/p>\n<p>Lo que tampoco TOMO EN CUENTA, Cuitl\u00e1huac es que Monreal es un \u00abENEMIGO DE VERDAD\u00bb de todo lo que su proyecto representa&#8230; El gobernador no lo midi\u00f3 y no lo vio venir por su inexperiencia pol\u00edtica&#8230; Y se fue entregar con Bertha Lujan, sin dejar, como todo pol\u00edtico de carrera, una \u00abpuerta abierta\u00bb&#8230; Y en el \u00abpecado lleva la penitencia\u00bb&#8230; El equipo de Marcelo-Monreal, NO NECESITAN a Cuitl\u00e1huac para quedarse con MORENA en Veracruz.. Menos en el pa\u00eds&#8230; ZUCUTUM&#8230;<\/p>\n<p>Al final al mandatario veracruzano tampoco le importaron los se\u00f1alamientos de Alejandro Rojas y el xalape\u00f1o tampoco tuvo \u00abmalicia\u00bb para darse cuenta que el presidente del Senado tiene el control de los magistrados del TEPJF (secreto a voces), por eso s\u00f3lo esperaron un error, una denuncia y PUM&#8230; Se cae Bertha, se cae el proyecto de Cuitl\u00e1huac y sigue con el \u00absanto de espaldas\u00bb&#8230; Y LO QUE FALTA&#8230;. En pol\u00edtica, las coincidencias no existen.. CONSUMATUM EST&#8230;<\/p>\n","protected":false},"excerpt":{"rendered":"<p>Ricardo Ch\u00faa Sale y Vale OJO&#8230; El atentado sufrido ayer en la carretera federal Guti\u00e9rrez Zamora-Poza Rica, en la persona de Mar\u00eda Fernanda de Luna Ferral, hija de la periodista asesinada hace un mes y medio en Papantla, Mar\u00eda Elena Ferral&#8230; Deja m\u00e1s dudas, sobre la detenci\u00f3n del periodista, Jos\u00e9 N, quien esta encarcelado presuntamente [&hellip;]<\/p>\n","protected":false},"author":2,"featured_media":50009,"comment_status":"open","ping_status":"open","sticky":false,"template":"","format":"standard","meta":{"_jetpack_newsletter_access":"","_jetpack_dont_email_post_to_subs":false,"_jetpack_newsletter_tier_id":0,"_jetpack_memberships_contains_paywalled_content":false,"_jetpack_memberships_contains_paid_content":false,"footnotes":""},"categories":[70],"tags":[17188,18066,3315,5548,13604,15165],"class_list":["post-55402","post","type-post","status-publish","format-standard","has-post-thumbnail","hentry","category-de-opinion","tag-maria-elena-ferral","tag-maria-fernanda-de-luna-ferral","tag-papantla","tag-periodista","tag-ricardo-chua","tag-veronica-hernandez-giadans"],"jetpack_featured_media_url":"https:\/\/lospoliticosveracruz.com.mx\/wp-content\/uploads\/2019\/10\/Bertha-Morena.jpg","jetpack_sharing_enabled":true,"jetpack_shortlink":"https:\/\/wp.me\/p4Qcd3-epA","_links":{"self":[{"href":"https:\/\/lospoliticosveracruz.com.mx\/index.php?rest_route=\/wp\/v2\/posts\/55402","targetHints":{"allow":["GET"]}}],"collection":[{"href":"https:\/\/lospoliticosveracruz.com.mx\/index.php?rest_route=\/wp\/v2\/posts"}],"about":[{"href":"https:\/\/lospoliticosveracruz.com.mx\/index.php?rest_route=\/wp\/v2\/types\/post"}],"author":[{"embeddable":true,"href":"https:\/\/lospoliticosveracruz.com.mx\/index.php?rest_route=\/wp\/v2\/users\/2"}],"replies":[{"embeddable":true,"href":"https:\/\/lospoliticosveracruz.com.mx\/index.php?rest_route=%2Fwp%2Fv2%2Fcomments&post=55402"}],"version-history":[{"count":1,"href":"https:\/\/lospoliticosveracruz.com.mx\/index.php?rest_route=\/wp\/v2\/posts\/55402\/revisions"}],"predecessor-version":[{"id":55403,"href":"https:\/\/lospoliticosveracruz.com.mx\/index.php?rest_route=\/wp\/v2\/posts\/55402\/revisions\/55403"}],"wp:featuredmedia":[{"embeddable":true,"href":"https:\/\/lospoliticosveracruz.com.mx\/index.php?rest_route=\/wp\/v2\/media\/50009"}],"wp:attachment":[{"href":"https:\/\/lospoliticosveracruz.com.mx\/index.php?rest_route=%2Fwp%2Fv2%2Fmedia&parent=55402"}],"wp:term":[{"taxonomy":"category","embeddable":true,"href":"https:\/\/lospoliticosveracruz.com.mx\/index.php?rest_route=%2Fwp%2Fv2%2Fcategories&post=55402"},{"taxonomy":"post_tag","embeddable":true,"href":"https:\/\/lospoliticosveracruz.com.mx\/index.php?rest_route=%2Fwp%2Fv2%2Ftags&post=55402"}],"curies":[{"name":"wp","href":"https:\/\/api.w.org\/{rel}","templated":true}]}}