{"id":55459,"date":"2020-05-26T12:14:44","date_gmt":"2020-05-26T17:14:44","guid":{"rendered":"http:\/\/www.lospoliticosveracruz.com.mx\/?p=55459"},"modified":"2020-05-26T12:14:44","modified_gmt":"2020-05-26T17:14:44","slug":"los-amigos-de-la-izquierda","status":"publish","type":"post","link":"https:\/\/lospoliticosveracruz.com.mx\/?p=55459","title":{"rendered":"Los amigos de la izquierda"},"content":{"rendered":"<p><strong>Eduardo Venegas Naranjo<\/strong><\/p>\n<p><em>Aqu\u00ed Entre Nos&#8230;<\/em><\/p>\n<p>Durante el camino recorrido como periodista, he tenido el gusto de conocer a diversos personajes de la pol\u00edtica, acepto que no tengo ideolog\u00eda izquierdista, sin embargo en este quehacer he conocido a tres grandes personajes que reconozco su capacidad, liderazgo y compromiso con la ciudadan\u00eda.<\/p>\n<p>\u00a1Primero las damas\u00a1<br \/>\nKristel<\/p>\n<p>De los legisladores que ha tenido esta regi\u00f3n, que recuerdo, las m\u00e1s cercana a la poblaci\u00f3n es la diputada local del distrito 24, Kristel Hern\u00e1ndez Topete,<br \/>\nHa sido una legisladora preocupada por su gente, lo m\u00e1s importante, gestora; sabe negociar y conciliar; en periodos anteriores a los legisladores locales nunca se les ve\u00eda pisar su distrito, ella lo ha hecho y reconocemos su trabajo.<br \/>\nA Kristel se le da entablar alianzas con cualquier grupo pol\u00edtico con el fin de llevarle resultados a su gente. En el Congreso se le ha visto en la tribuna haciendo diversas propuestas, que por falta de presupuesto no han sido aprobadas como por ejemplo \u201cel cr\u00e9dito para vivienda para los maestros estatales\u201d, y \u201cdotar de toallas sanitarias a las escuelas sobre todo donde hay ni\u00f1as con alto grado de marginaci\u00f3n\u201d, esas iniciativas deben ser aprobadas por el bienestar de esos sectores.<\/p>\n<p>San Rafael tiene a Dani Lagunes<\/p>\n<p>El municipio de San Rafael, tiene a un gran alcalde, un aliado de su gente que sabe c\u00f3mo apoyar a quienes m\u00e1s lo necesitan y m\u00e1s a\u00fan en estos tiempos de pandemia, donde la econom\u00eda de la gente vulnerable ha sido desplomada.<br \/>\nLuis Daniel Lagunes Mar\u00edn, durante mayo y junio repartir\u00e1 m\u00e1s 12 mil apoyos alimenticios, que ha dividido de acuerdo a las necesidades de la poblaci\u00f3n adem\u00e1s estar\u00e1 otorgando carne, a trav\u00e9s de una programa donde ya fueron empadronas las viviendas que recibir\u00e1n este aliciente.<br \/>\nDaniel es inteligente, sabe c\u00f3mo beneficiar a sus ciudadanos, es un alcalde joven, con ideas frescas y de palabra, es un hombre derecho que respalda a su gente y apoya las causas m\u00e1s vulnerables.<br \/>\nSin duda San Rafael ha tenido una transformaci\u00f3n extraordinaria, la visi\u00f3n de Dani Lagunes es entregar obras que sean \u00fatiles y generen bienestar al pueblo.<\/p>\n<p>\u00a1Fredy Marcos tiene el Valor!<\/p>\n<p>Gracias a Fredy conoc\u00ed a Dani Lagunes, el amigo Fredy es un hombre que sabe y nos lo ha dicho en m\u00e1s de una ocasi\u00f3n que \u201cla ayuda es ahora no en campa\u00f1a\u201d.<br \/>\nHace unos d\u00edas visit\u00f3 su municipio, donde sostuvo un encuentro con taxistas, agremiados a la CTM, CROM y CNOP.<br \/>\nDurante sus visitas a Playa Vicente en las \u00faltimas semanas Fredy Marcos he otorgado a su gente apoyos alimenticios, d\u00e1ndoles un peque\u00f1o aliciente ante esta emergencia.<br \/>\nDesde aqu\u00ed le mando todo mi reconocimiento a Fredy, a pesar de absurdos se\u00f1alamientos de gente que s\u00f3lo critica el trabajo de quienes desean apoyar en estos tiempos de crisis, aqu\u00ed queda bien la frase que Miguel Cervantes Saavedra, plasm\u00f3 en el libro El Quijote de la Mancha: \u201cLadran, Sancho, se\u00f1al que cabalgamos\u201d, Fredy tu sigue trabajando, eso la vida te lo recompensar\u00e1, dale a tu gente, que sin duda la vida se encargar\u00e1 de ponerte m\u00e1s adelante en el lugar correcto para seguir beneficiando a los tuyos.<\/p>\n","protected":false},"excerpt":{"rendered":"<p>Eduardo Venegas Naranjo Aqu\u00ed Entre Nos&#8230; Durante el camino recorrido como periodista, he tenido el gusto de conocer a diversos personajes de la pol\u00edtica, acepto que no tengo ideolog\u00eda izquierdista, sin embargo en este quehacer he conocido a tres grandes personajes que reconozco su capacidad, liderazgo y compromiso con la ciudadan\u00eda. \u00a1Primero las damas\u00a1 Kristel [&hellip;]<\/p>\n","protected":false},"author":2,"featured_media":0,"comment_status":"open","ping_status":"open","sticky":false,"template":"","format":"standard","meta":{"_jetpack_newsletter_access":"","_jetpack_dont_email_post_to_subs":false,"_jetpack_newsletter_tier_id":0,"_jetpack_memberships_contains_paywalled_content":false,"_jetpack_memberships_contains_paid_content":false,"footnotes":""},"categories":[70],"tags":[3368,18041,7788,18107,13170,1005,18108,9006,2782,3627],"class_list":["post-55459","post","type-post","status-publish","format-standard","hentry","category-de-opinion","tag-cnop","tag-crom","tag-ctm","tag-dani-lagunes","tag-eduardo-venegas-naranjo","tag-fredy-marcos","tag-luis-daniel-lagunes-marin","tag-playa-vicente","tag-san-rafael","tag-taxistas"],"jetpack_featured_media_url":"","jetpack_sharing_enabled":true,"jetpack_shortlink":"https:\/\/wp.me\/p4Qcd3-eqv","_links":{"self":[{"href":"https:\/\/lospoliticosveracruz.com.mx\/index.php?rest_route=\/wp\/v2\/posts\/55459","targetHints":{"allow":["GET"]}}],"collection":[{"href":"https:\/\/lospoliticosveracruz.com.mx\/index.php?rest_route=\/wp\/v2\/posts"}],"about":[{"href":"https:\/\/lospoliticosveracruz.com.mx\/index.php?rest_route=\/wp\/v2\/types\/post"}],"author":[{"embeddable":true,"href":"https:\/\/lospoliticosveracruz.com.mx\/index.php?rest_route=\/wp\/v2\/users\/2"}],"replies":[{"embeddable":true,"href":"https:\/\/lospoliticosveracruz.com.mx\/index.php?rest_route=%2Fwp%2Fv2%2Fcomments&post=55459"}],"version-history":[{"count":1,"href":"https:\/\/lospoliticosveracruz.com.mx\/index.php?rest_route=\/wp\/v2\/posts\/55459\/revisions"}],"predecessor-version":[{"id":55461,"href":"https:\/\/lospoliticosveracruz.com.mx\/index.php?rest_route=\/wp\/v2\/posts\/55459\/revisions\/55461"}],"wp:attachment":[{"href":"https:\/\/lospoliticosveracruz.com.mx\/index.php?rest_route=%2Fwp%2Fv2%2Fmedia&parent=55459"}],"wp:term":[{"taxonomy":"category","embeddable":true,"href":"https:\/\/lospoliticosveracruz.com.mx\/index.php?rest_route=%2Fwp%2Fv2%2Fcategories&post=55459"},{"taxonomy":"post_tag","embeddable":true,"href":"https:\/\/lospoliticosveracruz.com.mx\/index.php?rest_route=%2Fwp%2Fv2%2Ftags&post=55459"}],"curies":[{"name":"wp","href":"https:\/\/api.w.org\/{rel}","templated":true}]}}