{"id":55481,"date":"2020-05-26T21:19:22","date_gmt":"2020-05-27T02:19:22","guid":{"rendered":"http:\/\/www.lospoliticosveracruz.com.mx\/?p=55481"},"modified":"2020-05-26T21:19:22","modified_gmt":"2020-05-27T02:19:22","slug":"el-compromiso-del-orfis-con-ciudadanos-no-con-la-4t-prd","status":"publish","type":"post","link":"https:\/\/lospoliticosveracruz.com.mx\/?p=55481","title":{"rendered":"El compromiso del Orfis, con ciudadanos, no con la 4T: PRD"},"content":{"rendered":"<p>El Comit\u00e9 Ejecutivo Estatal del PRD en Veracruz exige cesar los actos de presi\u00f3n o intimidaci\u00f3n a ediles, ante la presunta participaci\u00f3n de la Auditora General del \u00d3rgano de Fiscalizaci\u00f3n de Superior de Veracruz (ORFIS), Delia Gonz\u00e1lez Cobos, para que aprueben la reforma electoral hecha a modo por MORENA.<\/p>\n<p>En Veracruz ha llevado a\u00f1os fortalecer el sistema de fiscalizaci\u00f3n, as\u00ed como conseguir la confianza en la delicada labor que se lleva a cabo, pues el titular debe conducirse bajo los principios de honestidad, \u00e9tica, legalidad y sobre todo imparcialidad.<\/p>\n<p>El PRD en la entidad es claro: no permitiremos que se da\u00f1e a la instituci\u00f3n y mucho menos que el Gobierno del Estado pretenda usar al ORFIS como una herramienta pol\u00edtica para realizar actos de presi\u00f3n o intimidaci\u00f3n hacia las autoridades municipales.<\/p>\n<p>Le recordamos a la Auditora General que al rendir protesta bajo juramento se comprometi\u00f3 a desempe\u00f1ar el cargo con honradez, profesionalismo y \u00e9tica.<\/p>\n<p>El Comit\u00e9 Ejecutivo Estatal exhorta a su titular, Delia Gonz\u00e1lez Cobos, que mantenga al ente que se supone es aut\u00f3nomo, alejado de intereses y\/o estrategias pol\u00edticas electorales.<\/p>\n<p>Su compromiso es y debe ser con los veracruzanos, no con el mal llamado gobierno de la cuarta transformaci\u00f3n, cuyos intereses est\u00e1n muy alejados de las necesidades de los ciudadanos.<\/p>\n","protected":false},"excerpt":{"rendered":"<p>El Comit\u00e9 Ejecutivo Estatal del PRD en Veracruz exige cesar los actos de presi\u00f3n o intimidaci\u00f3n a ediles, ante la presunta participaci\u00f3n de la Auditora General del \u00d3rgano de Fiscalizaci\u00f3n de Superior de Veracruz (ORFIS), Delia Gonz\u00e1lez Cobos, para que aprueben la reforma electoral hecha a modo por MORENA. En Veracruz ha llevado a\u00f1os fortalecer [&hellip;]<\/p>\n","protected":false},"author":2,"featured_media":48976,"comment_status":"open","ping_status":"open","sticky":false,"template":"","format":"standard","meta":{"_jetpack_newsletter_access":"","_jetpack_dont_email_post_to_subs":false,"_jetpack_newsletter_tier_id":0,"_jetpack_memberships_contains_paywalled_content":false,"_jetpack_memberships_contains_paid_content":false,"footnotes":""},"categories":[73],"tags":[18144,15181,1026,135,1414,195],"class_list":["post-55481","post","type-post","status-publish","format-standard","has-post-thumbnail","hentry","category-de-boleto","tag-comite-ejecutivo-estatal-del-prd","tag-delia-gonzalez-cobos","tag-morena","tag-orfis","tag-reforma-electoral","tag-veracruz"],"jetpack_featured_media_url":"https:\/\/lospoliticosveracruz.com.mx\/wp-content\/uploads\/2019\/08\/Orfis.jpeg","jetpack_sharing_enabled":true,"jetpack_shortlink":"https:\/\/wp.me\/p4Qcd3-eqR","_links":{"self":[{"href":"https:\/\/lospoliticosveracruz.com.mx\/index.php?rest_route=\/wp\/v2\/posts\/55481","targetHints":{"allow":["GET"]}}],"collection":[{"href":"https:\/\/lospoliticosveracruz.com.mx\/index.php?rest_route=\/wp\/v2\/posts"}],"about":[{"href":"https:\/\/lospoliticosveracruz.com.mx\/index.php?rest_route=\/wp\/v2\/types\/post"}],"author":[{"embeddable":true,"href":"https:\/\/lospoliticosveracruz.com.mx\/index.php?rest_route=\/wp\/v2\/users\/2"}],"replies":[{"embeddable":true,"href":"https:\/\/lospoliticosveracruz.com.mx\/index.php?rest_route=%2Fwp%2Fv2%2Fcomments&post=55481"}],"version-history":[{"count":1,"href":"https:\/\/lospoliticosveracruz.com.mx\/index.php?rest_route=\/wp\/v2\/posts\/55481\/revisions"}],"predecessor-version":[{"id":55482,"href":"https:\/\/lospoliticosveracruz.com.mx\/index.php?rest_route=\/wp\/v2\/posts\/55481\/revisions\/55482"}],"wp:featuredmedia":[{"embeddable":true,"href":"https:\/\/lospoliticosveracruz.com.mx\/index.php?rest_route=\/wp\/v2\/media\/48976"}],"wp:attachment":[{"href":"https:\/\/lospoliticosveracruz.com.mx\/index.php?rest_route=%2Fwp%2Fv2%2Fmedia&parent=55481"}],"wp:term":[{"taxonomy":"category","embeddable":true,"href":"https:\/\/lospoliticosveracruz.com.mx\/index.php?rest_route=%2Fwp%2Fv2%2Fcategories&post=55481"},{"taxonomy":"post_tag","embeddable":true,"href":"https:\/\/lospoliticosveracruz.com.mx\/index.php?rest_route=%2Fwp%2Fv2%2Ftags&post=55481"}],"curies":[{"name":"wp","href":"https:\/\/api.w.org\/{rel}","templated":true}]}}