{"id":55586,"date":"2020-05-30T11:02:25","date_gmt":"2020-05-30T16:02:25","guid":{"rendered":"http:\/\/www.lospoliticosveracruz.com.mx\/?p=55586"},"modified":"2020-05-30T11:03:01","modified_gmt":"2020-05-30T16:03:01","slug":"les-urge-la-gira-de-amlo","status":"publish","type":"post","link":"https:\/\/lospoliticosveracruz.com.mx\/?p=55586","title":{"rendered":"Les urge la gira de AMLO"},"content":{"rendered":"<p><strong>Ricardo Ch\u00faa<\/strong><\/p>\n<p><em>Sale y Vale<\/em><\/p>\n<p>OJO&#8230; Fernando Yunes M\u00e1rquez ser\u00e1 candidato a diputado local por Veracruz, pero v\u00eda plurinominal, por el PAN&#8230; El alcalde porte\u00f1o sabe que pasando la Pandemia, MORENA se ir\u00e1 con todo en su contra para tratar de \u00abdescarrilarlo\u00bb&#8230; Y llegado el momento, si logran mantener el control del Congreso del Estado, fincar responsabilidades&#8230; Tal como lo hicieron con Actopan.. Otra circunstancias pero un mismo fin&#8230; Al final, MORENA ya dividi\u00f3 la siguiente elecci\u00f3n en Veracruz en DOS: Contra el PAN y contra los Yunes&#8230; Por el momento&#8230;. \u00bfA poco no?&#8230;<\/p>\n<p>LA GIRA DE AMLO&#8230; Si bien es cierto que Andr\u00e9s Manuel L\u00f3pez Obrador, no hace caso a ninguna recomendaci\u00f3n sanitaria, ni siquiera de L\u00f3pez Gatell&#8230; Ilusos aquellos opositores que pensaron, que debido a que la ola de contagios en Veracruz, crece en demas\u00eda en las \u00faltimas dos semanas y que la \u00abCurva\u00bb en la entidad, no va a la baja y menos se \u00abaplana\u00bb, pensaron que por ello, cancelar\u00eda su gira por el sur del Estado&#8230; A L\u00f3pez Obrador, eso le vale, se dio cuenta que MORENA est\u00e1 perdiendo espacios y con su figura cree que puede recuperarlos&#8230;<\/p>\n<p>Por eso, al Presidente LE DEBE VALER la recomendaci\u00f3n que dio el secretario de Salud estatal, Roberto Ramos Alor, que insisti\u00f3 que no se visitar\u00e1 Coatzacoalcos, por ser una ciudad que los contagios est\u00e1n creciendo a causa del COVID-19&#8230; Pero L\u00f3pez Obrador llega a esa ciudad, el siguiente s\u00e1bado&#8230; Y, se duda, que Cuitl\u00e1huac Garc\u00eda o Ramos Alor, se lo vayan a impedir o sancionar por NO RESPETAR la contingencia sanitaria que hay en la regi\u00f3n&#8230; AMLO piensa en 2021&#8230; Sabe que el 2020 ya lo perdi\u00f3&#8230; Y m\u00e1s en Veracruz&#8230;<br \/>\nSin embargo, la DECISI\u00d3N de Andr\u00e9s Manuel, AVALADA por Cuitl\u00e1huac y Ramos Alor&#8230; Sientan un MAL precedente entre la ciudadan\u00eda y sus gobernantes federales y estatales&#8230;Ya que con que cara, el Gobernador o el Secretario de Salud, le EXIGEN a la sociedad que RESPETEN las medidas sanitarias&#8230; Si ellos, ni L\u00f3pez Obrador lo hacen&#8230; Se las pasan por \u00abel arco del triunfo\u00bb.. A Cuitl\u00e1huac, le importa m\u00e1s el proselitismo RAPAZ-ELECTORAL que la salud de los veracruzanos&#8230; A ver cuantos CONTAGIADOS por COVID salen por esa gira&#8230; \u00bfO NO?&#8230;<\/p>\n<p>MORENA, LAS OTRAS ENCUESTAS&#8230;. Las encuestas publicadas en los \u00faltimos d\u00edas, sobre las preferencias electorales en diversos puntos del pa\u00eds, en plena pandemia del Coronavius, est\u00e1 dejando DOS LECTURAS interesantes&#8230; La PRIMERA es que en los Estados, donde aplicaron sondeos, MORENA cae&#8230; Ya no trae el arrastre del 2018&#8230; Va a la baja&#8230; Y la SEGUNDA lectura, es que REMARCA, que con ALIANZA DE PARTIDOS (PAN-PRI-PRD) en 2021, la oposici\u00f3n se quedar\u00eda con el Congreso Federal y retiene gubernaturas&#8230;<\/p>\n<p>Situaci\u00f3n que bien la \u00abley\u00f3\u00bb Andr\u00e9s Manuel L\u00f3pez Obrador y por eso retoma sus giras en estados donde la pandem\u00eda est\u00e1 en su punto alto&#8230; Veracruz y Tabasco&#8230; Estados gobernados por MORENA, que tienen ya, la animadversi\u00f3n ciudadana&#8230; Donde tienen a Cuitl\u00e1huac Garc\u00eda en el sitio 32 de los gobernadores que PEOR a manejado la crisis del Coronavirus en su entidad&#8230; Ad\u00e1n Augusto L\u00f3pez, de Tabasco, no anda muy alejado&#8230; Esos dos estados, son los que mayor n\u00famero de contagios y muertes tienen en el pa\u00eds por este virus&#8230;<\/p>\n<p>En Veracruz, es una situaci\u00f3n que ya se dieron cuenta en gobierno estatal y por eso quieren \u00abprotegerse\u00bb con una Reforma Electoral \u00aba modo\u00bb para mantener el control pol\u00edtico&#8230; Con la Fiscal\u00eda del Estado y Secretar\u00eda de Seguridad P\u00fablica, tendr\u00e1n el control ciudadano a trav\u00e9s del \u00abgarrote\u00bb&#8230; Ah\u00ed est\u00e1 el ejemplo del alcalde suplente de Actopan&#8230; Lo amenazaron para que no protestar\u00e1&#8230; Se escondi\u00f3 para no ser detenido, se amparo y ahora reclama ante el Tribunal Electoral de Veracruz que le tome protesta el Congreso Local y MORENA no quiere&#8230;<\/p>\n<p>As\u00ed que la LECTURA de las encuestas es EMINENTE: MORENA va cayendo&#8230; Y el PRI-PAN-PRD tiene que levantar en sus preferencias para darle pelea en Veracruz&#8230; Sobre todo CAUTIVAR a INDECISOS que le dieron el voto en 2018 a L\u00f3pez Obrador-Nahle-Ahued-Cuitl\u00e1huac&#8230; Pero YA SE DECEPCIONARON y que en 2021 votar\u00edan por otro proyecto&#8230; Esa es LA CLAVE para lograr la ALTERNANCIA en el Congreso del Estado.. Retener alcald\u00edas&#8230; Un ganar la mayor\u00eda de los 19 distritos electorales federales que tiene la entidad&#8230;<\/p>\n<p>Adem\u00e1s los sondeos, realizados antes de la pandem\u00eda, en Veracruz, remarcaban ya la ca\u00edda de MORENA&#8230; Pero hac\u00edan \u00e9nfasis que los partidos de oposici\u00f3n con o sin coalici\u00f3n, si quer\u00edan competir con los Morenos, tendr\u00eda que sacar candidatos atractivos para la sociedad y que conecten con ellos&#8230; No los mismos \u00abcartuchos quemados\u00bb de siempre porque entonces no les ir\u00e1 bien&#8230; Lo que deja tambi\u00e9n en claro, es que MORENA va por la \u00abpepena\u00bb de candidatos&#8230; Al estilo del viejo PAN o PRD que tanto han criticado&#8230;<\/p>\n<p>Y es que a Cuitl\u00e1huac y MORENA, no le quedar\u00e1 otra, que \u00abagarrar\u00bb aspirantes de \u00abchile, dulce y de manteca\u00bb, incluso despreciando a sus propios militantes&#8230; Ya que utilizar\u00e1 la misma formula que la oposici\u00f3n en tiempos pasados cuando gobernaban&#8230; De tener candidatos de mejor perfil&#8230; Ya que la elecci\u00f3n del 2021 en distritos y municipios, ser\u00e1 \u00abcuerpo a cuerpo\u00bb&#8230; Ya no va a gravitar de una manera total, al menos en la entidad, el fen\u00f3meno \u00abL\u00f3pez Obrador\u00bb&#8230; \u00bfAcaso dudan por qu\u00e9 retoman las giras presidenciales en plena contingencia?..<\/p>\n<p>L\u00f3pez Obrador va apoyar con eso a Cuitl\u00e1huac porque los n\u00fameros de las encuestas son duros&#8230; Volver\u00e1 hacer campa\u00f1a, que para eso es bueno el Presidente&#8230; As\u00ed que a MORENA lo podr\u00e1n criticar de tener malos gobiernos&#8230; Pero la campa\u00f1a itinerante, que si le resulta o no, se ver\u00e1 en 2021, es la \u00fanica opci\u00f3n que tiene para que no decaiga m\u00e1s su Movimiento en los estados que gobierna&#8230; Seguramente en esas giras en el sur de Veracruz ir\u00e1 PRESENTADO sus PERFILES para la elecci\u00f3n del pr\u00f3ximo a\u00f1o&#8230;. Ya ver\u00e1n&#8230;<\/p>\n<p>El tema es que esta selecci\u00f3n de aspirantes&#8230; Si se deciden por perfiles, no por \u00abtombola\u00bb o hacen a un lado al militante para darle paso al aliado&#8230; A MORENA le va a provocar una \u00abguerra intestina\u00bb&#8230; Ya que a muchos de sus candidatos \u00ablos va a tener que batear\u00bb y como no son gente f\u00e1cil de \u00abplanchar\u00bb porque vienen los movimientos radicales de izquierda, donde no hay disciplina partidista&#8230; Como se vio en elecciones internas, que no se ponen de acuerdo para sacar un presidente de partido, se manejan como \u00abtribus\u00bb&#8230; Ah\u00ed es donde se \u00abfracturar\u00e1n\u00bb&#8230;<\/p>\n<p>EN RESUMEN&#8230; Si PRI-PAN-PRD y Movimiento Ciudadano van en coalici\u00f3n en Veracruz con candidatos atractivos.. Tendr\u00e1 un resultado EXCELENTE, en la elecci\u00f3n intermedia del 2021&#8230; Y desde ah\u00ed empezar a \u00abtejer\u00bb la ca\u00edda, con la mayor\u00eda de alcald\u00edas y controlando el Congreso del Estado, del movimiento que hizo ganar a Cuitl\u00e1huac y Rocio Nahle en la entidad&#8230; L\u00f3pez Obrador \u00abse cuece\u00bb aparte&#8230; Al menos, los n\u00fameros de las encuestas en poder de los partidos y gobierno del Estado&#8230; As\u00ed lo dicen&#8230; Y, si lo niegan, mienten&#8230; AMEN&#8230;<\/p>\n","protected":false},"excerpt":{"rendered":"<p>Ricardo Ch\u00faa Sale y Vale OJO&#8230; Fernando Yunes M\u00e1rquez ser\u00e1 candidato a diputado local por Veracruz, pero v\u00eda plurinominal, por el PAN&#8230; El alcalde porte\u00f1o sabe que pasando la Pandemia, MORENA se ir\u00e1 con todo en su contra para tratar de \u00abdescarrilarlo\u00bb&#8230; Y llegado el momento, si logran mantener el control del Congreso del Estado, [&hellip;]<\/p>\n","protected":false},"author":2,"featured_media":0,"comment_status":"open","ping_status":"open","sticky":false,"template":"","format":"standard","meta":{"_jetpack_newsletter_access":"","_jetpack_dont_email_post_to_subs":false,"_jetpack_newsletter_tier_id":0,"_jetpack_memberships_contains_paywalled_content":false,"_jetpack_memberships_contains_paid_content":false,"footnotes":""},"categories":[70],"tags":[4860,618,371,331,18210,818,17499,1026,16929,13604,12606,195],"class_list":["post-55586","post","type-post","status-publish","format-standard","hentry","category-de-opinion","tag-actopan","tag-andres-manuel-lopez-obrador","tag-coatzacoalcos","tag-congreso-del-estado","tag-diputado-local","tag-fernando-yunes-marquez","tag-lopez-gatell","tag-morena","tag-pandemia","tag-ricardo-chua","tag-roberto-ramos-alor","tag-veracruz"],"jetpack_featured_media_url":"","jetpack_sharing_enabled":true,"jetpack_shortlink":"https:\/\/wp.me\/p4Qcd3-esy","_links":{"self":[{"href":"https:\/\/lospoliticosveracruz.com.mx\/index.php?rest_route=\/wp\/v2\/posts\/55586","targetHints":{"allow":["GET"]}}],"collection":[{"href":"https:\/\/lospoliticosveracruz.com.mx\/index.php?rest_route=\/wp\/v2\/posts"}],"about":[{"href":"https:\/\/lospoliticosveracruz.com.mx\/index.php?rest_route=\/wp\/v2\/types\/post"}],"author":[{"embeddable":true,"href":"https:\/\/lospoliticosveracruz.com.mx\/index.php?rest_route=\/wp\/v2\/users\/2"}],"replies":[{"embeddable":true,"href":"https:\/\/lospoliticosveracruz.com.mx\/index.php?rest_route=%2Fwp%2Fv2%2Fcomments&post=55586"}],"version-history":[{"count":1,"href":"https:\/\/lospoliticosveracruz.com.mx\/index.php?rest_route=\/wp\/v2\/posts\/55586\/revisions"}],"predecessor-version":[{"id":55588,"href":"https:\/\/lospoliticosveracruz.com.mx\/index.php?rest_route=\/wp\/v2\/posts\/55586\/revisions\/55588"}],"wp:attachment":[{"href":"https:\/\/lospoliticosveracruz.com.mx\/index.php?rest_route=%2Fwp%2Fv2%2Fmedia&parent=55586"}],"wp:term":[{"taxonomy":"category","embeddable":true,"href":"https:\/\/lospoliticosveracruz.com.mx\/index.php?rest_route=%2Fwp%2Fv2%2Fcategories&post=55586"},{"taxonomy":"post_tag","embeddable":true,"href":"https:\/\/lospoliticosveracruz.com.mx\/index.php?rest_route=%2Fwp%2Fv2%2Ftags&post=55586"}],"curies":[{"name":"wp","href":"https:\/\/api.w.org\/{rel}","templated":true}]}}