{"id":55593,"date":"2020-05-31T10:28:31","date_gmt":"2020-05-31T15:28:31","guid":{"rendered":"http:\/\/www.lospoliticosveracruz.com.mx\/?p=55593"},"modified":"2020-05-31T10:33:37","modified_gmt":"2020-05-31T15:33:37","slug":"fiscal-ilegitima","status":"publish","type":"post","link":"https:\/\/lospoliticosveracruz.com.mx\/?p=55593","title":{"rendered":"Fiscal ileg\u00edtima"},"content":{"rendered":"<p><b>Ricardo Ch\u00faa<\/b><\/p>\n<p><i>Sale y Vale<\/i><\/p>\n<p>EL PROCESO CONTRA VER\u00d3NICA&#8230; No hay que hacerle mucho al cuento&#8230; El tema de la elecci\u00f3n y nombramiento del nuevo Fiscal General del Estado en la persona de Ver\u00f3nica Hern\u00e1ndez Gadians, aun el gobierno estatal y diputados locales de MORENA, no lo tienen \u00abamarrado\u00bb al 100 por ciento&#8230; Ya dieron el primer paso al nombrarla, pero aun no han LEGITIMADO su cargo&#8230; Abogados y sectores de la sociedad civil van a IMPUGNAR este nombramiento por VIOLACIONES AL DEBIDO PROCESO&#8230;<\/p>\n<p>Y como es \u00aba la brava\u00bb al igual como actuaron el Congreso Local y Gobierno del Estado&#8230; Estos inconformes buscaron a verdaderos ESPECIALISTAS en el Derecho Constitucional para REVOCAR el nombramiento de Hern\u00e1ndez Gadians y realizaran los mecanismos legales con amparos ante jueces de distrito del Poder Judicial de la Federaci\u00f3n para impugnarlo y en dado caso, acudir hasta la Suprema Corte de Justicia de la Naci\u00f3n&#8230; Es decir, se la van hacer \u00abcansada\u00bb hasta que le apliquen la de Winckler&#8230; BYE&#8230;<\/p>\n<p>Seg\u00fan se sabe que los primeros puntos que atacaran, los demandantes es que para la selecci\u00f3n de Ver\u00f3nica Hern\u00e1ndez como nueva titular de la FGE en Veracruz&#8230; Se VIOLO EL DEBIDO PROCESO que esta marcado en la Constituci\u00f3n Pol\u00edtica del Estado de Veracruz (Y eso lo saben los abogados de Palacio de Gobierno, del Congreso Local y demandantes)&#8230; Se viene una \u00abguerra\u00bb legal tan buena como las series de Nexflit en la Fiscal\u00eda del Estado&#8230;<\/p>\n<p>As\u00ed que los abogados constitucionalistas que van a asesorar y seguir el curso legal de los amparos&#8230; Se van a dejar de \u00abjuegos\u00bb medi\u00e1ticos y se van a ir por el tema de la Violaci\u00f3n al Debido Proceso (que es lo que regula la Constituci\u00f3n de Veracruz para el beneficio de los ciudadanos, ya que si algo los afecta a la sociedad, cuando un proceso es ama\u00f1ado pueden recurrir a las instancias correspondientes como el amparo para que se deseche la afectaci\u00f3n) para poder anular el nombramiento y hacer que sea ileg\u00edtimo&#8230; Es decir, que se repita&#8230;<\/p>\n<p>Entre los principales puntos que cometi\u00f3 el Congreso del Estado y el Gobierno de Veracruz en la violaci\u00f3n al debido proceso&#8230; Primero es que la Constituci\u00f3n Local es clara, al se\u00f1alar que al destituir legalmente a un Fiscal, La Legislatura del Estado ten\u00eda 5 d\u00edas a partir de la destituci\u00f3n para emitir una convocatoria y elegir a uno nuevo&#8230; No lo hicieron&#8230; Se tardaron 60 d\u00edas en hacerlo&#8230; A Winckler lo quitan del cargo \u00ablegalmente\u00bb desde marzo&#8230; Y hasta mayo emiten tal convocatoria&#8230; Primera violaci\u00f3n al debido proceso&#8230;<\/p>\n<p>El otro punto es que el art\u00edculo 67 de la Constituci\u00f3n Local se\u00f1ala los requisitos para ser Fiscal y los procedimientos para elegirlo&#8230; Marca que es la Comisi\u00f3n de Procuraci\u00f3n de Justicia del Congreso Local, la \u00daNICA legalmente encargada en realizar el proceso de entrevista y selecci\u00f3n de aspirantes&#8230; Pero no fue as\u00ed&#8230; Todo lo hizo, la Junta de Coordinaci\u00f3n Pol\u00edtica (JUCUPO) a cargo de Juan Javier G\u00f3mez Cazar\u00edn&#8230; Y ellos no ten\u00eda facultad legal para eso&#8230; Por voraces, cometieron el PEOR error jur\u00eddico&#8230; Segunda violaci\u00f3n al debido proceso&#8230;<\/p>\n<p>Ese ERROR JUR\u00cdDICO e ilegal&#8230; Puede provocar que Tribunales del Poder Judicial de la Federaci\u00f3n ECHEN PARA ABAJO el nombramiento de Ver\u00f3nica Hern\u00e1ndez como Fiscal del Estado&#8230; Ya que la Comisi\u00f3n de Procuraci\u00f3n de Justicia si se somete a la JUCOPO es un ACTO ILEGAL&#8230; Debido a que la JUCOPO incurre en EXCESO DE PODER que se le confiere al diputado Presidente (Cazar\u00edn)&#8230; El cual NO estaba facultado para realizar las entrevistas a los aspirantes como dice la Ley Org\u00e1nica del Congreso Local&#8230;<\/p>\n<p>Un punto m\u00e1s donde fallaron los diputados locales de MORENA y su l\u00edder, Juan Javier G\u00f3mez Cazar\u00edn&#8230; Es que la Comisi\u00f3n de Procuraci\u00f3n de Justicia (No la JUCUPO) tuvo que haber dado a conocer la TERNA de aspirantes seleccionados a la titularidad de la FGE para ser votados en el Congreso del Estado&#8230; Al menos 3 d\u00edas antes de esa votaci\u00f3n, tal como lo marca la Constituci\u00f3n de Veracruz&#8230; Pero, la TERNA&#8230; SE CONOCI\u00d3 S\u00d3LO 12 HORAS ANTES DE SER VOTADA&#8230; Tercera violaci\u00f3n al debido proceso&#8230;<\/p>\n<p>Es decir, aqu\u00ed es donde se muestra la ilegalidad que incurrieron los diputados de MORENA para beneficiar a Ver\u00f3nica Hern\u00e1ndez&#8230; No RESPETARON LOS TIEMPOS marcados en la Constituci\u00f3n Local&#8230; En su af\u00e1n de imponerla&#8230; Si la elecci\u00f3n del Fiscal fue el jueves, tuvieron que dar a conocer la terna, el lunes pasado y no&#8230; La sacaron el mi\u00e9rcoles a altas hora de la noche&#8230; Si fuera lo correcto, la elecci\u00f3n hubiera sido ayer s\u00e1bado o ma\u00f1ana lunes&#8230; Pero les ganaron las prisas y pisotearon la ley&#8230; Obvio, Ver\u00f3nica estuvo de acuerdo&#8230;<\/p>\n<p>Otro punto que los abogados constitucionalistas demandantes analizan, es que los aspirantes a la FGE&#8230; Ten\u00edan que acudir sin falta a la cita de entrevistas que marcaron los diputados locales en Palacio Legislativo&#8230; Sino acud\u00edan a ella&#8230; El procedimiento marcaba que ERAN DESCALIFICADOS&#8230; Ver\u00f3nica Hern\u00e1ndez no acudi\u00f3 a su cita marcada el 19 de mayo, va el 20 de mayo.. Los diputados no la descalificaron&#8230; La entrevistaron&#8230; Ella ya no ESTABA FACULTADA LEGALMENTE para participar&#8230; Cuarta violaci\u00f3n al debido proceso&#8230;<\/p>\n<p>Un punto m\u00e1s que viene aunado al tema de la terna que no dio a conocer el Congreso del Estado en tiempo y forma, que eran 3 d\u00edas antes cuando fuera el d\u00eda de la elecci\u00f3n&#8230; Tiene que ver con el gobernador, Cuitl\u00e1huac Garc\u00eda Jim\u00e9nez&#8230; Ya que el Congreso Local tuvo que haberle dado la relaci\u00f3n a Cuitl\u00e1huac y \u00e9l como gobernador tuvo que dar a conocer la terna&#8230; La legislatura local \u00abSE BRINCO\u00bb este procedimiento y el Gober tambi\u00e9n&#8230; No reclam\u00f3, ni dijo nada&#8230; El caso era imponer a Ver\u00f3nica&#8230; Error de ni\u00f1os.. Quinta violaci\u00f3n al debido proceso&#8230;<\/p>\n<p>EN RESUMEN&#8230; El nombramiento de Ver\u00f3nica Hern\u00e1ndez Gadians como Fiscal de Veracruz&#8230; Aun est\u00e1 SIN LEGITIMARSE&#8230; Si los inconformes bajo el mando de los abogados constitucionalistas, que llevaran procedimiento de inconformidad, le ponen todo de su parte&#8230; Le vendr\u00e1n \u00abtardes negras\u00bb a la Fiscal.. Ya que adem\u00e1s de los encargos propios de la investidura&#8230; Deber\u00e1 enfrentar juicios muy demandantes en contra y parte falta&#8230; LA RESOLUCI\u00d3N DEL AMPARO DE WINCKLER.. Ah\u00ed viene&#8230; Ah\u00ed viene&#8230; DIOS LA BENDIGA&#8230;<\/p>\n","protected":false},"excerpt":{"rendered":"<p>Ricardo Ch\u00faa Sale y Vale EL PROCESO CONTRA VER\u00d3NICA&#8230; No hay que hacerle mucho al cuento&#8230; El tema de la elecci\u00f3n y nombramiento del nuevo Fiscal General del Estado en la persona de Ver\u00f3nica Hern\u00e1ndez Gadians, aun el gobierno estatal y diputados locales de MORENA, no lo tienen \u00abamarrado\u00bb al 100 por ciento&#8230; Ya dieron [&hellip;]<\/p>\n","protected":false},"author":2,"featured_media":0,"comment_status":"open","ping_status":"open","sticky":false,"template":"","format":"standard","meta":{"_jetpack_newsletter_access":"","_jetpack_dont_email_post_to_subs":false,"_jetpack_newsletter_tier_id":0,"_jetpack_memberships_contains_paywalled_content":false,"_jetpack_memberships_contains_paid_content":false,"footnotes":""},"categories":[70],"tags":[331,10526,12695,9418,195,15165],"class_list":["post-55593","post","type-post","status-publish","format-standard","hentry","category-de-opinion","tag-congreso-del-estado","tag-fiscal","tag-juan-javier-gomez-cazarin","tag-jucopo","tag-veracruz","tag-veronica-hernandez-giadans"],"jetpack_featured_media_url":"","jetpack_sharing_enabled":true,"jetpack_shortlink":"https:\/\/wp.me\/p4Qcd3-esF","_links":{"self":[{"href":"https:\/\/lospoliticosveracruz.com.mx\/index.php?rest_route=\/wp\/v2\/posts\/55593","targetHints":{"allow":["GET"]}}],"collection":[{"href":"https:\/\/lospoliticosveracruz.com.mx\/index.php?rest_route=\/wp\/v2\/posts"}],"about":[{"href":"https:\/\/lospoliticosveracruz.com.mx\/index.php?rest_route=\/wp\/v2\/types\/post"}],"author":[{"embeddable":true,"href":"https:\/\/lospoliticosveracruz.com.mx\/index.php?rest_route=\/wp\/v2\/users\/2"}],"replies":[{"embeddable":true,"href":"https:\/\/lospoliticosveracruz.com.mx\/index.php?rest_route=%2Fwp%2Fv2%2Fcomments&post=55593"}],"version-history":[{"count":2,"href":"https:\/\/lospoliticosveracruz.com.mx\/index.php?rest_route=\/wp\/v2\/posts\/55593\/revisions"}],"predecessor-version":[{"id":55595,"href":"https:\/\/lospoliticosveracruz.com.mx\/index.php?rest_route=\/wp\/v2\/posts\/55593\/revisions\/55595"}],"wp:attachment":[{"href":"https:\/\/lospoliticosveracruz.com.mx\/index.php?rest_route=%2Fwp%2Fv2%2Fmedia&parent=55593"}],"wp:term":[{"taxonomy":"category","embeddable":true,"href":"https:\/\/lospoliticosveracruz.com.mx\/index.php?rest_route=%2Fwp%2Fv2%2Fcategories&post=55593"},{"taxonomy":"post_tag","embeddable":true,"href":"https:\/\/lospoliticosveracruz.com.mx\/index.php?rest_route=%2Fwp%2Fv2%2Ftags&post=55593"}],"curies":[{"name":"wp","href":"https:\/\/api.w.org\/{rel}","templated":true}]}}