{"id":55620,"date":"2020-06-01T08:33:55","date_gmt":"2020-06-01T13:33:55","guid":{"rendered":"http:\/\/www.lospoliticosveracruz.com.mx\/?p=55620"},"modified":"2020-06-01T08:33:55","modified_gmt":"2020-06-01T13:33:55","slug":"la-masacre-del-silencio","status":"publish","type":"post","link":"https:\/\/lospoliticosveracruz.com.mx\/?p=55620","title":{"rendered":"La masacre del silencio"},"content":{"rendered":"<p><strong>Ricardo Ch\u00faa<\/strong><\/p>\n<p><em>Sale y Vale<\/em><\/p>\n<p>OJO&#8230; Han pasado m\u00e1s de 48 horas de los sucesos sangrientos en Tierra Blanca, donde fallecieron 6 personas, entre ellos el due\u00f1o del peri\u00f3dico \u00abEl Sol de Tierra Blanca\u00bb&#8230;. Y pese a que hab\u00eda una presunta cercan\u00eda de Francisco Navarrete con funcionarios y diputados locales de MORENA&#8230; No se conoce ning\u00fan pronunciamiento al respecto&#8230; Ni Cuitl\u00e1huac Garc\u00eda ha dicho NADA como gobernador pese a que fue una masacre&#8230; Se qued\u00f3 callado&#8230; Mientras que la Fiscal\u00eda del Estado y Ver\u00f3nica Hern\u00e1ndez han guardado silencio al respecto&#8230; Tambi\u00e9n call\u00f3<\/p>\n<p>Menos ha salido a manifestar el repudio de manera p\u00fablica por estos hechos, la legisladora local por el distrito de Cosamaloapan por MORENA, Margarita Corro Mendoza&#8230; Pese a que en meses pasados, ella misma presum\u00eda una gran amistad con el malogrado due\u00f1o del medio de comunicaci\u00f3n, al que le dec\u00eda que \u00abera su amigo\u00bb&#8230; Independientemente de los hechos y las causas&#8230; Ninguno de los tres personajes ha comentado nada al respecto, como si no hubiera pasado nada&#8230; Asesinaron a 6 personas, no es una cosa menor&#8230;<\/p>\n<p>Lo que extra\u00f1a de esta situaci\u00f3n es el silencio del gobierno estatal y diputados locales Morenos&#8230; Ya que en giras por Tierra Blanca, se luc\u00edan con el due\u00f1o del peri\u00f3dico&#8230; Y, ahora, cuando sucede este caso violento, todos callan.. Vamos ni la CEAPP en Veracruz tampoco ha dicho nada, pese a que asesinaron a un due\u00f1o de un medio de comunicaci\u00f3n&#8230; Situaci\u00f3n distinta a lo ocurrido con el asesinato en Papantla, de la periodista, Mar\u00eda Elena Ferral&#8230;Y lo medi\u00e1tico que hicieron el caso&#8230; Por eso, es la duda&#8230; AMEN&#8230;<\/p>\n<p>LA DERROTA ANTE COVID&#8230; Hace semanas en anteriores espacios comentamos que hab\u00eda DUDAS de que el gobierno del Estado de Veracruz, lograra evitar que los contagios y muertes por la pandemia del Coronavirus crecieran de manera desmedida&#8230; Debido a la inexperiencia del sector salud estatal y de los propios altos funcionarios, de la manera como estaban tratando de contener el virus&#8230; Y nos referiamos directamente al gobernador, Cuitl\u00e1huac Garc\u00eda Jim\u00e9nez y el titular de la SSA, Roberto Ramos Alor&#8230;<\/p>\n<p>El argumento dado para esta aseveraci\u00f3n era que si una enfermedad end\u00e9mica como lo es el DENGUE y que la mayor\u00eda de casos en el pa\u00eds, est\u00e1n concentradas en Veracruz&#8230; El gobierno del Estado, no lo pudo VENCER y sali\u00f3 DERROTADO ante esta enfermedad&#8230; C\u00f3mo iban a esperar que pudieran detener el crecimiento acelerado de contagios y muertes por Coronavirus en la entidad&#8230; Si era una pandemia que ha arrasado con el mundo&#8230; Y Veracruz, simplemente, no se prepar\u00f3&#8230;<\/p>\n<p>Por eso, ahora, hay casi 4 mil casos positivos en la entidad y alrededor de 550 fallecidos&#8230; Lo cual hace que Veracruz ocupe el QUINTO SITIO nivel nacional de contagiados por este virus&#8230; Y las cifras siguen a la alta y no se ve como la puedan detener&#8230; Por eso, el panorama no es alentador en la entidad&#8230; Ya que el \u00absem\u00e1foro\u00bb epidemiol\u00f3gico, marca que estamos en \u00abrojo\u00bb viendo en \u00abriesgo m\u00e1ximo\u00bb&#8230;. Y al menos, no regresamos a la \u00abnueva normalidad\u00bb&#8230; Eso en Veracruz es peligroso y puede ser mortal&#8230;<\/p>\n<p>Estas situaciones hacen que la sociedad haya dado el lugar n\u00famero 32 en el pa\u00eds al gobernador de Veracruz por la forma de como los mandatarios estatales atacaron la pandemia&#8230; Para M\u00e9xico, el peor fue Cuitl\u00e1huac Garc\u00eda&#8230; Y, ah\u00ed, est\u00e1n los resultados del por qu\u00e9&#8230; Veracruz en unos d\u00edas podr\u00eda ocupar el CUARTO O TERCER LUGAR en contagios y muertes por COVID en todo el pa\u00eds&#8230; Lo cual ser\u00eda un \u00abgolpe demoledor\u00bb para su administraci\u00f3n porque la protesta social seguir\u00eda&#8230; No lo van a dejar en paz&#8230; M\u00e1s cuando hay gente muriendo&#8230;<\/p>\n<p>As\u00ed que el pron\u00f3stico de la derrota del gobierno de Cuitl\u00e1huac Garc\u00eda ante el Coronavirus, por desgracia sali\u00f3 tal cual&#8230; Lo sufre la sociedad directamente&#8230;. Por eso se\u00f1al\u00e1bamos, que si no pudieron contra el DENGUE&#8230; Menos iban a poder enfrentar a este virus&#8230;. Ya que el gobernador sigue poni\u00e9ndole m\u00e1s \u00e9nfasis a su trabajo en materia pol\u00edtica y electoral para retener el poder en Veracruz&#8230; Que en resolver los conflictos presentados por la contingencia sanitaria&#8230; Su mente y cuerpo est\u00e1n en otro lado&#8230; No en la pandemia&#8230; DIOS NOS AMPARE..<\/p>\n<p>EN RESUMEN&#8230; En Veracruz aun no alcanza el \u00abpico\u00bb de la \u00abcurva\u00bb en contagios y muertes por COVID&#8230; Seg\u00fan los expertos, el \u00abaplanamiento\u00bb ser\u00e1 hasta mediados de julio&#8230; Pero aun as\u00ed no ser\u00e1 seguro&#8230; Por lo que espera existan REBROTES de esta enfermedad a principios del mes de julio&#8230; Si no cuidan la sana distancia&#8230; Y como el gobernador s\u00f3lo anuncia lo que le dictan en Palacio Nacional, Y pese a que la entidad esta en \u00abriesgo m\u00e1ximo\u00bb.. Recibir\u00e1 con \u00abbombo\u00bb a L\u00f3pez Obrador.. Los contagiados en esa gira, no importan&#8230; Si mueren tampoco&#8230; S\u00f3lo son unas cifras m\u00e1s&#8230;<\/p>\n<p>PD&#8230; Otros que est\u00e1n sufriendo da\u00f1os colaterales por la pandem\u00eda del Coronavirus en Veracruz&#8230; Son los colegios de educaci\u00f3n preescolar, primaria, media y media superior&#8230; Quienes, seg\u00fan reportes conocidos, al cierre de este mes de mayo REPORTAN UNA CARTERA VENCIDA de un 70 a 80 por ciento en la totalidad de los planteles en la entidad&#8230; Es decir, los padres de familia o tutores que tienen a sus hijos estudiando en escuelas privadas&#8230; No han podido pagar las colegiaturas de los meses de abril y mayo&#8230;.<\/p>\n<p>Y al parecer esto tambi\u00e9n sucede con las universidades privadas que operan en la entidad&#8230; La crisis econ\u00f3mica y la falta de dinero en los bolsillos de la mayor\u00eda de los padres de familia en Veracruz&#8230; Les est\u00e1 afectando en demas\u00eda a estos centros de estudios particulares&#8230; El caso es que es un problema en cadena&#8230; C\u00f3mo obligas a pagar a una familia la colegiatura, si lo que tienen es para poder sobrevivir el \u00abqu\u00e9date en casa\u00bb&#8230; Pero tambi\u00e9n estos colegios tienen gastos y salarios que cumplir&#8230; El COVID a todos afecta de alguna forma&#8230; AMEN&#8230;<\/p>\n","protected":false},"excerpt":{"rendered":"<p>Ricardo Ch\u00faa Sale y Vale OJO&#8230; Han pasado m\u00e1s de 48 horas de los sucesos sangrientos en Tierra Blanca, donde fallecieron 6 personas, entre ellos el due\u00f1o del peri\u00f3dico \u00abEl Sol de Tierra Blanca\u00bb&#8230;. Y pese a que hab\u00eda una presunta cercan\u00eda de Francisco Navarrete con funcionarios y diputados locales de MORENA&#8230; No se conoce [&hellip;]<\/p>\n","protected":false},"author":2,"featured_media":0,"comment_status":"open","ping_status":"open","sticky":false,"template":"","format":"standard","meta":{"_jetpack_newsletter_access":"","_jetpack_dont_email_post_to_subs":false,"_jetpack_newsletter_tier_id":0,"_jetpack_memberships_contains_paywalled_content":false,"_jetpack_memberships_contains_paid_content":false,"footnotes":""},"categories":[70],"tags":[16264,1681,18226,4970,13187,17188,1026,16929,13604,12606,3198,195,15165],"class_list":["post-55620","post","type-post","status-publish","format-standard","hentry","category-de-opinion","tag-coronavirus","tag-cuitlahuac-garcia","tag-el-sol-de-tierra-blanca","tag-francisco-navarrete","tag-margarita-corro-mendoza","tag-maria-elena-ferral","tag-morena","tag-pandemia","tag-ricardo-chua","tag-roberto-ramos-alor","tag-tierra-blanca","tag-veracruz","tag-veronica-hernandez-giadans"],"jetpack_featured_media_url":"","jetpack_sharing_enabled":true,"jetpack_shortlink":"https:\/\/wp.me\/p4Qcd3-et6","_links":{"self":[{"href":"https:\/\/lospoliticosveracruz.com.mx\/index.php?rest_route=\/wp\/v2\/posts\/55620","targetHints":{"allow":["GET"]}}],"collection":[{"href":"https:\/\/lospoliticosveracruz.com.mx\/index.php?rest_route=\/wp\/v2\/posts"}],"about":[{"href":"https:\/\/lospoliticosveracruz.com.mx\/index.php?rest_route=\/wp\/v2\/types\/post"}],"author":[{"embeddable":true,"href":"https:\/\/lospoliticosveracruz.com.mx\/index.php?rest_route=\/wp\/v2\/users\/2"}],"replies":[{"embeddable":true,"href":"https:\/\/lospoliticosveracruz.com.mx\/index.php?rest_route=%2Fwp%2Fv2%2Fcomments&post=55620"}],"version-history":[{"count":1,"href":"https:\/\/lospoliticosveracruz.com.mx\/index.php?rest_route=\/wp\/v2\/posts\/55620\/revisions"}],"predecessor-version":[{"id":55622,"href":"https:\/\/lospoliticosveracruz.com.mx\/index.php?rest_route=\/wp\/v2\/posts\/55620\/revisions\/55622"}],"wp:attachment":[{"href":"https:\/\/lospoliticosveracruz.com.mx\/index.php?rest_route=%2Fwp%2Fv2%2Fmedia&parent=55620"}],"wp:term":[{"taxonomy":"category","embeddable":true,"href":"https:\/\/lospoliticosveracruz.com.mx\/index.php?rest_route=%2Fwp%2Fv2%2Fcategories&post=55620"},{"taxonomy":"post_tag","embeddable":true,"href":"https:\/\/lospoliticosveracruz.com.mx\/index.php?rest_route=%2Fwp%2Fv2%2Ftags&post=55620"}],"curies":[{"name":"wp","href":"https:\/\/api.w.org\/{rel}","templated":true}]}}