{"id":55754,"date":"2020-06-03T21:26:36","date_gmt":"2020-06-04T02:26:36","guid":{"rendered":"http:\/\/www.lospoliticosveracruz.com.mx\/?p=55754"},"modified":"2020-06-03T21:26:36","modified_gmt":"2020-06-04T02:26:36","slug":"hay-gobernadora","status":"publish","type":"post","link":"https:\/\/lospoliticosveracruz.com.mx\/?p=55754","title":{"rendered":"\u00a1Hay Gobernadora!"},"content":{"rendered":"<p><a name=\"m_4175270116096946738_OLE_LINK2\"><\/a><b><\/b><\/p>\n<p>En un evento hist\u00f3rico para Veracruz y cumpliendo con las medidas sanitarias emitidas por la Secretar\u00eda de Salud, se otorg\u00f3 el nombramiento de Gobernadora de los Pueblos Originarios y Afromexicanos del Estado de Veracruz, a Rosita Mart\u00ednez Facundo, distinguida luchadora social y defensora de los Pueblos y las Comunidades ind\u00edgenas en el estado de Veracruz.<\/p>\n<p>La Magistrada Presidenta del Tribunal Electoral de Veracruz (TEV), Claudia D\u00edaz Tablada, Delia Gonz\u00e1lez Cobos, Auditora General del \u00d3rgano de Fiscalizaci\u00f3n Superior del Estado (ORFIS), la Diputada Dorheny Garc\u00eda Cayetano integrante de la LXIV Legislatura del Honorable Congreso de la Uni\u00f3n, el Arque\u00f3logo Manuel Francisco Fierro, Soh Tuma Ayaba Embajador del Circulo Universal de la Paz y la Amistad de los Pueblos Originarios de M\u00e9xico para los Pa\u00edses Africanos y Afro Descendientes, Presidente y Representante Legal de la Fundaci\u00f3n Ayabs de la Organizaci\u00f3n de las Naciones Unidas y representantes de diversas comunidades del Estado, fueron part\u00edcipes del acto protocolario.<\/p>\n<p>La Magistrada Presidenta del TEV, Claudia D\u00edaz Tablada, en su participaci\u00f3n explic\u00f3 que garantizar los derechos de las y los ciudadanos ind\u00edgenas es uno de los grandes deberes y retos del Estado. Por ello, tanto en la Constituci\u00f3n Pol\u00edtica de los Estados Unidos Mexicanos como en diversos instrumentos internacionales firmados por M\u00e9xico, as\u00ed como en las constituciones y leyes locales, se reconocen sus derechos y se establecen obligaciones especiales para el Estado, con el fin de generar mejores condiciones que les permitan disfrutar de ellos.<\/p>\n<p>Adem\u00e1s, debemos recordar que es la primera vez que se hace entrega de este Honorable cargo en el Estado de Veracruz, cuyo objetivo es la lucha contra la discriminaci\u00f3n racial y la promoci\u00f3n de una cultura de trato igualitario.<\/p>\n<p>El Tribunal se ha preocupado siempre por la administraci\u00f3n de justicia a los grupos m\u00e1s vulnerables de forma abierta y transparente, pues como \u00f3rgano jurisdiccional en la materia electoral estamos comprometidos con la democracia veracruzana y con la ciudadan\u00eda de nuestro estado, concluy\u00f3.<\/p>\n<p>Rosita Mart\u00ednez Facundo, expuso que para ella es un gran honor portar el bast\u00f3n de mando, adem\u00e1s de ser la primer mujer en recibirlo, ya que a las mujeres no se les permit\u00eda ni si quiera tener voz ni voto y hoy por hoy se abre una nueva oportunidad.<\/p>\n<p>Estamos muy orgullosos de quienes somos y estoy para sumar esfuerzos y trabajar en conjunto con todas las dependencias Estatales y Municipales, adem\u00e1s de contar con el respaldo internacional de la fundaci\u00f3n.<\/p>\n<p>Todos los presentes el d\u00eda de hoy, deben ser portavoces de que se llev\u00f3 a cabo un evento hist\u00f3rico para y los pueblos originarios del Estado de Veracruz, nosotros somos personas para unir, para sumar y sobre todo, los programas que se puedan aterrizar y gestionar a favor para los hermanos ind\u00edgenas se pueden realizar con cada una de las dependencias.<\/p>\n<p>El Embajador del C\u00edrculo Universal de la Paz y la Amistad de los Pueblos Originarios de M\u00e9xico para los Pa\u00edses Africanos y Afro Descendientes, Soh Tuma Ayaba, al entregar el nombramiento oficial reiter\u00f3 que Rosita Mart\u00ednez, al ser Gobernadora de los Pueblos Originarios y Afromexicanos por un periodo de 2020 al 2023, deber\u00e1 desempe\u00f1arse con lealtad y dignidad.<\/p>\n<p>Record\u00f3 que el pueblo Afro y el pueblo Ind\u00edgena tienen una historia muy parecida, porque han luchado por la tierra y siempre buscando un reconocimiento.<\/p>\n<p>Delia Gonz\u00e1lez Cobos Auditora del ORFIS, enfatiz\u00f3 en la importancia de los actos con los que se contribuye al pa\u00eds a erradicar la discriminaci\u00f3n y racismo, adem\u00e1s de otorgar el respeto y la igualdad.<\/p>\n<p>Celebr\u00f3 que el nombramiento haya sido otorgado a una mujer, materializando los principios de equidad y paridad de g\u00e9nero, cuya omisi\u00f3n tambi\u00e9n, ha constitu\u00eddo otra forma de descriminaci\u00f3n.<\/p>\n","protected":false},"excerpt":{"rendered":"<p>En un evento hist\u00f3rico para Veracruz y cumpliendo con las medidas sanitarias emitidas por la Secretar\u00eda de Salud, se otorg\u00f3 el nombramiento de Gobernadora de los Pueblos Originarios y Afromexicanos del Estado de Veracruz, a Rosita Mart\u00ednez Facundo, distinguida luchadora social y defensora de los Pueblos y las Comunidades ind\u00edgenas en el estado de Veracruz. [&hellip;]<\/p>\n","protected":false},"author":2,"featured_media":0,"comment_status":"open","ping_status":"open","sticky":false,"template":"","format":"standard","meta":{"_jetpack_newsletter_access":"","_jetpack_dont_email_post_to_subs":false,"_jetpack_newsletter_tier_id":0,"_jetpack_memberships_contains_paywalled_content":false,"_jetpack_memberships_contains_paid_content":false,"footnotes":""},"categories":[73],"tags":[15924,15181,13952,18349,18351,135,18350,995,18352,195],"class_list":["post-55754","post","type-post","status-publish","format-standard","hentry","category-de-boleto","tag-claudia-diaz-tablada","tag-delia-gonzalez-cobos","tag-dorheny-garcia-cayetano","tag-gobernadora-de-los-pueblos-originarios-y-afromexicanos","tag-manuel-francisco-fierro","tag-orfis","tag-rosita-martinez-facundo","tag-secretaria-de-salud","tag-soh-tuma-ayaba","tag-veracruz"],"jetpack_featured_media_url":"","jetpack_sharing_enabled":true,"jetpack_shortlink":"https:\/\/wp.me\/p4Qcd3-evg","_links":{"self":[{"href":"https:\/\/lospoliticosveracruz.com.mx\/index.php?rest_route=\/wp\/v2\/posts\/55754","targetHints":{"allow":["GET"]}}],"collection":[{"href":"https:\/\/lospoliticosveracruz.com.mx\/index.php?rest_route=\/wp\/v2\/posts"}],"about":[{"href":"https:\/\/lospoliticosveracruz.com.mx\/index.php?rest_route=\/wp\/v2\/types\/post"}],"author":[{"embeddable":true,"href":"https:\/\/lospoliticosveracruz.com.mx\/index.php?rest_route=\/wp\/v2\/users\/2"}],"replies":[{"embeddable":true,"href":"https:\/\/lospoliticosveracruz.com.mx\/index.php?rest_route=%2Fwp%2Fv2%2Fcomments&post=55754"}],"version-history":[{"count":1,"href":"https:\/\/lospoliticosveracruz.com.mx\/index.php?rest_route=\/wp\/v2\/posts\/55754\/revisions"}],"predecessor-version":[{"id":55756,"href":"https:\/\/lospoliticosveracruz.com.mx\/index.php?rest_route=\/wp\/v2\/posts\/55754\/revisions\/55756"}],"wp:attachment":[{"href":"https:\/\/lospoliticosveracruz.com.mx\/index.php?rest_route=%2Fwp%2Fv2%2Fmedia&parent=55754"}],"wp:term":[{"taxonomy":"category","embeddable":true,"href":"https:\/\/lospoliticosveracruz.com.mx\/index.php?rest_route=%2Fwp%2Fv2%2Fcategories&post=55754"},{"taxonomy":"post_tag","embeddable":true,"href":"https:\/\/lospoliticosveracruz.com.mx\/index.php?rest_route=%2Fwp%2Fv2%2Ftags&post=55754"}],"curies":[{"name":"wp","href":"https:\/\/api.w.org\/{rel}","templated":true}]}}