{"id":55778,"date":"2020-06-04T12:09:45","date_gmt":"2020-06-04T17:09:45","guid":{"rendered":"http:\/\/www.lospoliticosveracruz.com.mx\/?p=55778"},"modified":"2020-06-04T12:09:45","modified_gmt":"2020-06-04T17:09:45","slug":"gatell-y-espejo-de-sesver-a-juicio","status":"publish","type":"post","link":"https:\/\/lospoliticosveracruz.com.mx\/?p=55778","title":{"rendered":"Gatell y Espejo, de Sesver a juicio"},"content":{"rendered":"<p><strong>Jorge V\u00e1zquez Sangabriel<\/strong><br \/>\n<em>Palimpsesto<\/em><\/p>\n<p>&nbsp;<\/p>\n<p>Decir pandemia, es de alguna manera, pretender justificar un hecho, para evadir la responsabilidad local, como es el caso de la epidemia SARS CoV-2 que asola a gran parte de nuestro pa\u00eds; no se actu\u00f3 a tiempo, se tom\u00f3 a la ligera, sin responsabilidad, en ignorancia, con desconocimiento; no se establecieron las acciones comunitarias, no se organiz\u00f3 a la comunidad, no se coordin\u00f3 a las autoridades municipales, a las organizaciones sociales; no hubo gobernanza, por lo tanto, tampoco gobernabilidad; lo que se debi\u00f3 visualizar en su dimensi\u00f3n, no lo hizo el gobierno federal; la incursi\u00f3n agresiva que este coronavirus estaba ya causando en otras latitudes, en \u00a0otros hemisferios, no se atendi\u00f3, ni se entendi\u00f3, no se hizo; las epidemias provocan crisis que colocan en riesgo a las personas, vulneran el estado social, causan deterioro econ\u00f3mico, afectaciones psicosociol\u00f3gicas que determinan los comportamientos humanos, provocando en esos momentos y posteriores da\u00f1os f\u00edsicos-mentales-estructurales irreparables, entre otros que requerir\u00e1n de un proceso de corto, mediano o largo espacio de recuperaci\u00f3n para alcanzar estabilidad, lo que significa, tiempo de vida.<\/p>\n<p>Embriagado en el poder, los humos de la soberbia que embargan al presidente y a algunos de sus cercanos colaboradores, se presentan siempre sistem\u00e1ticos, \u00e9l y s\u00f3lo \u00e9l tiene los datos y las acciones correctas. Ante \u00e9sta condici\u00f3n, sus subalternos le circunscriben una adhesi\u00f3n, consciente-inconsciente, por necesidad intr\u00ednseca de un sentido de pertenencia adherente, en los que se observan significados identificables con el servilismo, lo cual, no ayuda a la gobernanza de la Rep\u00fablica, abona en contrario. \u201cMira se\u00f1or presidente, est\u00e1s equivocado\u201d, le dec\u00eda Jes\u00fas Reyes Heroles, en el 68, v\u00eda la l\u00ednea telef\u00f3nica gubernamental, al presidente de la Rep\u00fablica, Gustavo D\u00edaz Ordaz, cuando iniciaban las manifestaciones del personal m\u00e9dico del IMSS en las calles, instituci\u00f3n de la cual, Reyes Heroles era el Director General; \u201cEsto, de continuar as\u00ed y no atenderse, nos llevar\u00e1 a una crisis social grave\u201d, D\u00edaz Ordaz, no le escuch\u00f3, permiti\u00f3 que ello fuera los proleg\u00f3menos del movimiento de 1968. Al presidente hay que hablarle claro para intentar ayudarle, as\u00ed lo acaba de hacer el jefe del Pent\u00e1gono, al decirle al presidente Trump, que no se desplegar\u00e1 al ej\u00e9rcito de los EEUU, porque \u201cEst\u00e1s medidas solo deber\u00edan utilizarse como \u00faltimo recurso\u201d, as\u00ed lo hicieron los dos ex ministros de salud de Brasil, al presidente\u00a0 Jair Bolsonaro; con fuerza, con dignidad, para no ser c\u00f3mplices de las torpezas, que ponen al borde del precipicio a un pueblo.<\/p>\n<p>Aqu\u00ed, en lo local, la doctora Dulce Mar\u00eda Espejo, encargada de la \u201cinteligencia epidemiol\u00f3gica\u201d de Veracruz-SESVER-, se ha convertido en la ominosa vocera de la muerte; dedicada como est\u00e1, siendo condescendiente con el grotesco Roberto Ramos Alor, se dedica a recabar datos de las unidades m\u00e9dicas, para anunciarlas en la noche, esa es la labor que desempe\u00f1a la doctora Espejo, de sumisi\u00f3n, de indignidad, al igual que el se\u00f1or Gatell, sin implementar absolutamente, ni una exigencia, ni una acci\u00f3n, para dotar al personal de salud de los insumos necesarios para la batalla que se est\u00e1 dando, no hay coordinaci\u00f3n con las autoridades locales, no hay perifoneo, no hay brigadas que recorran las comunidades, congregaciones, colonias, para que establezcan acciones con los representantes sociales, nada de ello, s\u00f3lo dedicarse a obtener datos que denotan un grave y trastornante rezago estad\u00edstico que demuestran incapacidad, o, porque as\u00ed conviene\u00a0 a sus intereses, colocando, a\u00fan m\u00e1s, en alto riesgo, del que se encuentran los habitantes de Veracruz. El d\u00eda de hoy el prestigiado diario El Pa\u00eds, titula como art\u00edculo destacado: \u201cCasi ocho de cada diez muertos por coronavirus en M\u00e9xico no llegaron a terapia intensiva ni fueron intubados\u201d, y contin\u00faa la nota: \u201cLa informaci\u00f3n recogida por los Estados tambi\u00e9n revela que casi ocho de cada diez pacientes, el 76%, derrotados por la enfermedad no ingresaron a terapias intensivas ni fueron entubados (intubados). Para la mitad de los fallecidos no hubo un diagn\u00f3stico p\u00fablico por coronavirus antes de la muerte. Este lleg\u00f3 el mismo d\u00eda del desenlace o despu\u00e9s\u201d.\u00a0 El d\u00eda de ayer, junio 3, en el diario El Financiero, Raymundo Riva Palacio, escribe: \u201cHugo L\u00f3pez Gatell es un meteorito que llen\u00f3 de luminosidad el cielo mexicano y ahora se est\u00e1 desintegrando. Sus inconsistencias, contradicciones y los mensajes cruzados, llevaron al subsecretario de Salud de las alturas- y las portadas de las revistas del coraz\u00f3n, al basurero de la opini\u00f3n p\u00fablica\u201d. Por eso, la sociedad, \u00a0est\u00e1 considerando que estos actores deben de ser llevados a juicio, por omisi\u00f3n, negligencia, complicidad y por mentir al pueblo.<\/p>\n<p><strong>Sint\u00e1cticas<\/strong><\/p>\n<p>De la pel\u00edcula <em>Tierra de penumbras<\/em>. Anthony Hopkins:<\/p>\n<p>\u00bfEn d\u00f3nde estaba Dios aquella negra noche; no se supone que Dios es bueno y que nos ama\u2026quiere Dios que suframos?.. Y si la respuesta a esa pregunta fuera as\u00ed: No creo que Dios quiera exactamente que seamos felices, quiere que seamos capaces de amar y ser amados, quiere que maduremos&#8230;y yo concedo, precisamente, porque Dios nos ama, nos concede el don de sufrir; o por decirlo de otro modo; el dolor es el meg\u00e1fono que Dios utiliza para despertar a un mundo de sordos\u2026porque somos como bloques de piedra, en donde el escultor poco a poco va formando la figura de un hombre\u2026los golpes de su cincel que tanto da\u00f1o nos hacen\u2026tambi\u00e9n nos hacen perfectos.<\/p>\n<p>&nbsp;<\/p>\n<p>Anton\u00edn Dvor\u00e1k. Sinfon\u00eda n\u00b0 9, en mi menor, op. 95, <em>Del Nuevo Mundo<\/em>:<\/p>\n<p><a href=\"https:\/\/www.youtube.com\/watch?v=dfW8jgnoUkI\">https:\/\/www.youtube.com\/watch?v=dfW8jgnoUkI<\/a><\/p>\n<p>&nbsp;<\/p>\n<p>&nbsp;<\/p>\n<p>&nbsp;<\/p>\n","protected":false},"excerpt":{"rendered":"<p>Jorge V\u00e1zquez Sangabriel Palimpsesto &nbsp; Decir pandemia, es de alguna manera, pretender justificar un hecho, para evadir la responsabilidad local, como es el caso de la epidemia SARS CoV-2 que asola a gran parte de nuestro pa\u00eds; no se actu\u00f3 a tiempo, se tom\u00f3 a la ligera, sin responsabilidad, en ignorancia, con desconocimiento; no se [&hellip;]<\/p>\n","protected":false},"author":2,"featured_media":0,"comment_status":"open","ping_status":"open","sticky":false,"template":"","format":"standard","meta":{"_jetpack_newsletter_access":"","_jetpack_dont_email_post_to_subs":false,"_jetpack_newsletter_tier_id":0,"_jetpack_memberships_contains_paywalled_content":false,"_jetpack_memberships_contains_paid_content":false,"footnotes":""},"categories":[70],"tags":[6730,18365,2906,13781,541,16929,12606,195],"class_list":["post-55778","post","type-post","status-publish","format-standard","hentry","category-de-opinion","tag-brasil","tag-dulce-maria-espejo","tag-gustavo-diaz-ordaz","tag-jair-bolsonaro","tag-jesus-reyes-heroles","tag-pandemia","tag-roberto-ramos-alor","tag-veracruz"],"jetpack_featured_media_url":"","jetpack_sharing_enabled":true,"jetpack_shortlink":"https:\/\/wp.me\/p4Qcd3-evE","_links":{"self":[{"href":"https:\/\/lospoliticosveracruz.com.mx\/index.php?rest_route=\/wp\/v2\/posts\/55778","targetHints":{"allow":["GET"]}}],"collection":[{"href":"https:\/\/lospoliticosveracruz.com.mx\/index.php?rest_route=\/wp\/v2\/posts"}],"about":[{"href":"https:\/\/lospoliticosveracruz.com.mx\/index.php?rest_route=\/wp\/v2\/types\/post"}],"author":[{"embeddable":true,"href":"https:\/\/lospoliticosveracruz.com.mx\/index.php?rest_route=\/wp\/v2\/users\/2"}],"replies":[{"embeddable":true,"href":"https:\/\/lospoliticosveracruz.com.mx\/index.php?rest_route=%2Fwp%2Fv2%2Fcomments&post=55778"}],"version-history":[{"count":1,"href":"https:\/\/lospoliticosveracruz.com.mx\/index.php?rest_route=\/wp\/v2\/posts\/55778\/revisions"}],"predecessor-version":[{"id":55780,"href":"https:\/\/lospoliticosveracruz.com.mx\/index.php?rest_route=\/wp\/v2\/posts\/55778\/revisions\/55780"}],"wp:attachment":[{"href":"https:\/\/lospoliticosveracruz.com.mx\/index.php?rest_route=%2Fwp%2Fv2%2Fmedia&parent=55778"}],"wp:term":[{"taxonomy":"category","embeddable":true,"href":"https:\/\/lospoliticosveracruz.com.mx\/index.php?rest_route=%2Fwp%2Fv2%2Fcategories&post=55778"},{"taxonomy":"post_tag","embeddable":true,"href":"https:\/\/lospoliticosveracruz.com.mx\/index.php?rest_route=%2Fwp%2Fv2%2Ftags&post=55778"}],"curies":[{"name":"wp","href":"https:\/\/api.w.org\/{rel}","templated":true}]}}