{"id":55781,"date":"2020-06-04T13:53:09","date_gmt":"2020-06-04T18:53:09","guid":{"rendered":"http:\/\/www.lospoliticosveracruz.com.mx\/?p=55781"},"modified":"2020-06-04T13:53:09","modified_gmt":"2020-06-04T18:53:09","slug":"recomendaciones-a-pacientes-con-cancer-en-la-emergencia-sanitaria","status":"publish","type":"post","link":"https:\/\/lospoliticosveracruz.com.mx\/?p=55781","title":{"rendered":"Recomendaciones a pacientes con c\u00e1ncer en la emergencia sanitaria"},"content":{"rendered":"<p>Las personas con c\u00e1ncer tienen un mayor riesgo de contraer enfermedades infecciosas graves, como el COVID-19, debido a que este padecimiento y su tratamiento debilitan el sistema inmunol\u00f3gico, el cual es el responsable de combatir las infecciones, dijo la hemat\u00f3loga del Hospital General de Zona (HGZ) N\u00b0 11, del Instituto Mexicano del Seguro Social (IMSS), Olga Ver\u00f3nica Rodr\u00edguez Gonz\u00e1lez.<\/p>\n<p>La especialista recomend\u00f3 a los pacientes y familiares evitar experimentar con tratamientos y\/o medicamentos alternativos o naturistas, debido a que actualmente no est\u00e1 demostrado que estos sean efectivos contra el c\u00e1ncer.<\/p>\n<p>No perder el seguimiento de sus citas y\/o medicamentos indicados; el m\u00e9dico es quien determina si hay tratamientos que pueden diferirse o retrasarse, y cuando es necesario continuarlos, cada caso debe evaluarse individualmente, por lo que es importante que si el paciente no puede acudir a sus citas, sea un familiar quien mantenga el seguimiento en la cl\u00ednica.<\/p>\n<p>En el caso de leucemias agudas o c\u00e1nceres muy agresivos, si se suspendiera el tratamiento, la vida del paciente se pone en grave peligro; existen casos de pacientes que pueden esperar a recibir su tratamiento dos o tres meses, sin que ello signifique alterar su salud o la vida de la persona, sin embargo hay otros que no.<\/p>\n<p>Por \u00faltimo, para disminuir el riesgo de contagio por COVID-19 en pacientes oncol\u00f3gicos, la especialista enfatiz\u00f3 que deben seguir en aislamiento social: no recibir visitas, ni siquiera de familiares, lavarse frecuentemente las manos y estar al pendiente de la programaci\u00f3n de consultas y fechas de terapia.<\/p>\n","protected":false},"excerpt":{"rendered":"<p>Las personas con c\u00e1ncer tienen un mayor riesgo de contraer enfermedades infecciosas graves, como el COVID-19, debido a que este padecimiento y su tratamiento debilitan el sistema inmunol\u00f3gico, el cual es el responsable de combatir las infecciones, dijo la hemat\u00f3loga del Hospital General de Zona (HGZ) N\u00b0 11, del Instituto Mexicano del Seguro Social (IMSS), [&hellip;]<\/p>\n","protected":false},"author":2,"featured_media":0,"comment_status":"open","ping_status":"open","sticky":false,"template":"","format":"standard","meta":{"_jetpack_newsletter_access":"","_jetpack_dont_email_post_to_subs":false,"_jetpack_newsletter_tier_id":0,"_jetpack_memberships_contains_paywalled_content":false,"_jetpack_memberships_contains_paid_content":false,"footnotes":""},"categories":[73],"tags":[296,16673,18366,11565,1208,18367],"class_list":["post-55781","post","type-post","status-publish","format-standard","hentry","category-de-boleto","tag-cancer","tag-covid-19","tag-enfermedades-infecciosas","tag-hospital-general-de-zona-11","tag-imss","tag-olga-veronica-rodriguez-gonzalez"],"jetpack_featured_media_url":"","jetpack_sharing_enabled":true,"jetpack_shortlink":"https:\/\/wp.me\/p4Qcd3-evH","_links":{"self":[{"href":"https:\/\/lospoliticosveracruz.com.mx\/index.php?rest_route=\/wp\/v2\/posts\/55781","targetHints":{"allow":["GET"]}}],"collection":[{"href":"https:\/\/lospoliticosveracruz.com.mx\/index.php?rest_route=\/wp\/v2\/posts"}],"about":[{"href":"https:\/\/lospoliticosveracruz.com.mx\/index.php?rest_route=\/wp\/v2\/types\/post"}],"author":[{"embeddable":true,"href":"https:\/\/lospoliticosveracruz.com.mx\/index.php?rest_route=\/wp\/v2\/users\/2"}],"replies":[{"embeddable":true,"href":"https:\/\/lospoliticosveracruz.com.mx\/index.php?rest_route=%2Fwp%2Fv2%2Fcomments&post=55781"}],"version-history":[{"count":1,"href":"https:\/\/lospoliticosveracruz.com.mx\/index.php?rest_route=\/wp\/v2\/posts\/55781\/revisions"}],"predecessor-version":[{"id":55783,"href":"https:\/\/lospoliticosveracruz.com.mx\/index.php?rest_route=\/wp\/v2\/posts\/55781\/revisions\/55783"}],"wp:attachment":[{"href":"https:\/\/lospoliticosveracruz.com.mx\/index.php?rest_route=%2Fwp%2Fv2%2Fmedia&parent=55781"}],"wp:term":[{"taxonomy":"category","embeddable":true,"href":"https:\/\/lospoliticosveracruz.com.mx\/index.php?rest_route=%2Fwp%2Fv2%2Fcategories&post=55781"},{"taxonomy":"post_tag","embeddable":true,"href":"https:\/\/lospoliticosveracruz.com.mx\/index.php?rest_route=%2Fwp%2Fv2%2Ftags&post=55781"}],"curies":[{"name":"wp","href":"https:\/\/api.w.org\/{rel}","templated":true}]}}