{"id":55807,"date":"2020-06-04T20:34:15","date_gmt":"2020-06-05T01:34:15","guid":{"rendered":"http:\/\/www.lospoliticosveracruz.com.mx\/?p=55807"},"modified":"2020-06-04T20:34:15","modified_gmt":"2020-06-05T01:34:15","slug":"creditos-a-la-palabra-para-taxistas-meseros-camaristas-y-tianguistas","status":"publish","type":"post","link":"https:\/\/lospoliticosveracruz.com.mx\/?p=55807","title":{"rendered":"Cr\u00e9ditos a la Palabra para taxistas, meseros, camaristas y tianguistas"},"content":{"rendered":"<p>A partir de este viernes 5 de junio la Secretar\u00eda de Econom\u00eda abrir\u00e1 una plataforma para poder solicitar Cr\u00e9ditos a la Palabra de 25 mil pesos que se otorgar\u00e1n a taxistas, meseros, camaristas y tianguistas que no fueron atendidos debido a que esos apoyos estaban dirigidos \u00fanicamente a microempresas y empresas familiares formales e informales, anunci\u00f3 el delegado de programas integrales de Desarrollo en el estado de Veracruz, Manuel Huerta Ladr\u00f3n de Guevara.<\/p>\n<p>La Secretar\u00eda de Econom\u00eda (SE) ya abri\u00f3 la convocatoria de 300 mil de este programa emergente a nivel nacional y los solictantes que desempe\u00f1en la actividad se\u00f1alada podr\u00e1n inscribirse a trav\u00e9s de la l\u00ednea de Bienestar en el tel\u00e9fono 800 639 42 64, de lunes a viernes de ocho de la ma\u00f1ana a nueve de la noche y s\u00e1bados, domingos y d\u00edas festivos de nueve de la ma\u00f1ana a una de la tarde\u201d, agreg\u00f3 el funcionario en entrevista con reporteros.<\/p>\n<p>\u201cEllos ser\u00e1n los \u00fanicos para quienes se apertura este padr\u00f3n de trabajadores que no son formales ni informales\u201d, indic\u00f3, y precis\u00f3 que son cr\u00e9ditos por 25 mil pesos con la tasa muy baja, y sin duda en este momento de la pandemia ser\u00e1 un apoyo muy importante; es un compromiso que cumple el Presidente\u201d, indic\u00f3 Huerta momentos antes de ir a Medias Aguas en Sayula para supervisar el recorrido del Ejecutivo federal el pr\u00f3ximo domingo.<br \/>\nExplic\u00f3 que ya se agot\u00f3 el mill\u00f3n de Cr\u00e9ditos a la Palabra dispersados a nivel nacional, de los cuales en Veracruz inicialmente asignaron 60 mil y al final fueron 115 mil, y de los cuales ya han sido cobrados m\u00e1s del 50%, pero en esa ocasi\u00f3n no pudieron entrar taxistas, meseros, camaristas y tianguistas. \u201cLo importante ahora es el inicio del operativo a partir de este viernes, para armar el padr\u00f3n y r\u00e1pido nosotros ir pidiendo la documentaci\u00f3n\u201d, explic\u00f3.<\/p>\n<p>Hizo notar que habr\u00e1 cruce de padrones para evitar que quien ya tenga un cr\u00e9dito reciba otro m\u00e1s; y, una vez inscritos, esa informaci\u00f3n se remitir\u00e1 a los Servidores de la Naci\u00f3n para que hagan contacto con los peticionarios y solicitarles identificaci\u00f3n, comprobaci\u00f3n del oficio que realizan y tel\u00e9fono de contacto para integrarlos a la base de datos. Posteriormente los Servidores de la Naci\u00f3n notificar\u00e1n si fue aprobado o no esa solicitud.<\/p>\n<p>En el caso de otros solicitantes de estos cr\u00e9ditos, la opci\u00f3n de ellos fueron las Tandas para el Bienestar, de las que el gobierno federal autoriz\u00f3 30 mil para nuevos beneficiarios.<\/p>\n<p>En otro orden, explic\u00f3 que aunque ha habido intentos de fraude con los programas sociales, y en particular con los Cr\u00e9ditos a la Palabra y Tandas para el Bienestar, la gente est\u00e1 muy avispada y no han ca\u00eddo en esos enga\u00f1os \u201cporque saben que los programas sociales del gobierno son de tr\u00e1mites gratuitos, sin intermediarios y sin cobrar moches porque los recursos se depositan directamente a los beneficiarios\u201d, a\u00f1adi\u00f3 .<\/p>\n<p>En cuanto al pago de los Cr\u00e9ditos a la Palabra, dijo que el avance depende de la capacidad de atenci\u00f3n de lo sbancos, aunque ya han cobrado m\u00e1s de 60 mil acreditados y el resto lo van a seguir cobrando en lo que resta del mes, lo mismo que el pago a pescadores y Producci\u00f3n para el Bienestar.<\/p>\n<p>Finalmente inform\u00f3 que viernes, s\u00e1bado y domingo el Presidente viene a revisar los avances en el puerto de Coatzacoalcos, ampliaci\u00f3n de la refiner\u00edas L\u00e1zaro C\u00e1rdenas y La Cangrejera, as\u00ed como dar el banderazo de arranque en Medias Aguas en Sayula, del proyecto del Tren Interoce\u00e1nico.<\/p>\n","protected":false},"excerpt":{"rendered":"<p>A partir de este viernes 5 de junio la Secretar\u00eda de Econom\u00eda abrir\u00e1 una plataforma para poder solicitar Cr\u00e9ditos a la Palabra de 25 mil pesos que se otorgar\u00e1n a taxistas, meseros, camaristas y tianguistas que no fueron atendidos debido a que esos apoyos estaban dirigidos \u00fanicamente a microempresas y empresas familiares formales e informales, [&hellip;]<\/p>\n","protected":false},"author":2,"featured_media":0,"comment_status":"open","ping_status":"open","sticky":false,"template":"","format":"standard","meta":{"_jetpack_newsletter_access":"","_jetpack_dont_email_post_to_subs":false,"_jetpack_newsletter_tier_id":0,"_jetpack_memberships_contains_paywalled_content":false,"_jetpack_memberships_contains_paid_content":false,"footnotes":""},"categories":[73],"tags":[18388,371,17602,6387,18266,1850,18389,17477,18390,11245,18387,14015,3627,11514,18391,195],"class_list":["post-55807","post","type-post","status-publish","format-standard","hentry","category-de-boleto","tag-camaristas","tag-coatzacoalcos","tag-creditos-a-la-palabra","tag-desarrollo","tag-la-cangrejera","tag-manuel-huerta-ladron-de-guevara","tag-medias-aguas","tag-meseros","tag-refineria-lazaro-cardenas","tag-sayula","tag-secretaria-de-economia","tag-servidores-de-la-nacion","tag-taxistas","tag-tianguistas","tag-tren-interoceanico","tag-veracruz"],"jetpack_featured_media_url":"","jetpack_sharing_enabled":true,"jetpack_shortlink":"https:\/\/wp.me\/p4Qcd3-ew7","_links":{"self":[{"href":"https:\/\/lospoliticosveracruz.com.mx\/index.php?rest_route=\/wp\/v2\/posts\/55807","targetHints":{"allow":["GET"]}}],"collection":[{"href":"https:\/\/lospoliticosveracruz.com.mx\/index.php?rest_route=\/wp\/v2\/posts"}],"about":[{"href":"https:\/\/lospoliticosveracruz.com.mx\/index.php?rest_route=\/wp\/v2\/types\/post"}],"author":[{"embeddable":true,"href":"https:\/\/lospoliticosveracruz.com.mx\/index.php?rest_route=\/wp\/v2\/users\/2"}],"replies":[{"embeddable":true,"href":"https:\/\/lospoliticosveracruz.com.mx\/index.php?rest_route=%2Fwp%2Fv2%2Fcomments&post=55807"}],"version-history":[{"count":1,"href":"https:\/\/lospoliticosveracruz.com.mx\/index.php?rest_route=\/wp\/v2\/posts\/55807\/revisions"}],"predecessor-version":[{"id":55809,"href":"https:\/\/lospoliticosveracruz.com.mx\/index.php?rest_route=\/wp\/v2\/posts\/55807\/revisions\/55809"}],"wp:attachment":[{"href":"https:\/\/lospoliticosveracruz.com.mx\/index.php?rest_route=%2Fwp%2Fv2%2Fmedia&parent=55807"}],"wp:term":[{"taxonomy":"category","embeddable":true,"href":"https:\/\/lospoliticosveracruz.com.mx\/index.php?rest_route=%2Fwp%2Fv2%2Fcategories&post=55807"},{"taxonomy":"post_tag","embeddable":true,"href":"https:\/\/lospoliticosveracruz.com.mx\/index.php?rest_route=%2Fwp%2Fv2%2Ftags&post=55807"}],"curies":[{"name":"wp","href":"https:\/\/api.w.org\/{rel}","templated":true}]}}