{"id":55833,"date":"2020-06-05T10:12:57","date_gmt":"2020-06-05T15:12:57","guid":{"rendered":"http:\/\/www.lospoliticosveracruz.com.mx\/?p=55833"},"modified":"2020-06-05T10:12:57","modified_gmt":"2020-06-05T15:12:57","slug":"batalla-frontal-contra-el-mosquito","status":"publish","type":"post","link":"https:\/\/lospoliticosveracruz.com.mx\/?p=55833","title":{"rendered":"\u00a1Batalla frontal contra el mosquito!"},"content":{"rendered":"<p>Veracruz es un estado end\u00e9mico que ante el inicio de la Temporada de Lluvias y Ciclones 2020 garantiza acciones como son control larvario, rociado a casos probables e intradomiciliar preventivo, ovitrampas, nebulizaci\u00f3n (rociado espacial) y termonebulizaci\u00f3n; para prevenir y eliminar criaderos del mosquito <em>Aedes aegypti<\/em>.<\/p>\n<p>Aunado a ello y aprovechando este periodo de confinamiento, se insta a toda la poblaci\u00f3n a ser part\u00edcipes de la estrategia \u201c<em>Lava, tapa, voltea y tira\u201d<\/em>; as\u00ed como a mantener las casas limpias sin posibles criaderos que reducen hasta un 70 por ciento el riesgo de contraer dengue.<\/p>\n<p>Regionalmente, las 11 jurisdicciones sanitarias hacen lo propio, ejemplo de ello es la Jurisdicci\u00f3n X San Andr\u00e9s Tuxtla con la jornada de fumigaci\u00f3n en el Centro de Reinserci\u00f3n Social (CERESO) de Acayucan, pues en coordinaci\u00f3n con el Ayuntamiento y personal de Control Larvario supervis\u00f3 espacios para evitar la proliferaci\u00f3n del mosquito transmisor, concientizando a la poblaci\u00f3n interna a participar en la prevenci\u00f3n.<\/p>\n<p>Por su parte, la Jurisdicci\u00f3n Sanitaria IX Cosamaloapan implement\u00f3 control de la arbovirosis (enfermedades virales que se transmiten por artr\u00f3podos, como los mosquitos) y personal de Control de Enfermedades Transmitidos por Vector realiz\u00f3 estudios entomol\u00f3gicos, control larvario, rociado residual y nebulizaci\u00f3n t\u00e9rmica en instalaciones del Ayuntamiento, Sistema Municipal para el Desarrollo Integral de la Familia (DIF), Unidad M\u00e9dica de Rehabilitaci\u00f3n del DIF Municipal (UMIDIF), Casa de la Cultura y en el mercado municipal \u201cLorenzo G\u00f3mez\u201d.<\/p>\n<p>Por \u00faltimo, en Soledad de Doblado, Regulaci\u00f3n Sanitaria de la Jurisdicci\u00f3n VIII Veracruz realiza jornadas informativas a fin de eliminar criaderos, evitar acumulaci\u00f3n de agua en cubetas, floreros, llantas, bebederos de mascotas y botellas; asimismo, exhorta a utilizar camisas de manga larga y pantalones largos, procurando colores claros; usar repelente en cara, orejas, cuello y manos; mantener puertas y ventanas cerradas durante tarde y noche y a no internarse en lugares con maleza.<\/p>\n","protected":false},"excerpt":{"rendered":"<p>Veracruz es un estado end\u00e9mico que ante el inicio de la Temporada de Lluvias y Ciclones 2020 garantiza acciones como son control larvario, rociado a casos probables e intradomiciliar preventivo, ovitrampas, nebulizaci\u00f3n (rociado espacial) y termonebulizaci\u00f3n; para prevenir y eliminar criaderos del mosquito Aedes aegypti. Aunado a ello y aprovechando este periodo de confinamiento, se [&hellip;]<\/p>\n","protected":false},"author":2,"featured_media":0,"comment_status":"open","ping_status":"open","sticky":false,"template":"","format":"standard","meta":{"_jetpack_newsletter_access":"","_jetpack_dont_email_post_to_subs":false,"_jetpack_newsletter_tier_id":0,"_jetpack_memberships_contains_paywalled_content":false,"_jetpack_memberships_contains_paid_content":false,"footnotes":""},"categories":[73],"tags":[18416,2936,18417,3659,2937,18413,122,4620,18414,18412,195],"class_list":["post-55833","post","type-post","status-publish","format-standard","hentry","category-de-boleto","tag-cereso","tag-chikungunya","tag-control-larvario","tag-cosamaloapan","tag-dengue","tag-lava","tag-san-andres-tuxtla","tag-soledad-de-doblado","tag-tapa","tag-temporada-de-lluvias-y-ciclones","tag-veracruz"],"jetpack_featured_media_url":"","jetpack_sharing_enabled":true,"jetpack_shortlink":"https:\/\/wp.me\/p4Qcd3-ewx","_links":{"self":[{"href":"https:\/\/lospoliticosveracruz.com.mx\/index.php?rest_route=\/wp\/v2\/posts\/55833","targetHints":{"allow":["GET"]}}],"collection":[{"href":"https:\/\/lospoliticosveracruz.com.mx\/index.php?rest_route=\/wp\/v2\/posts"}],"about":[{"href":"https:\/\/lospoliticosveracruz.com.mx\/index.php?rest_route=\/wp\/v2\/types\/post"}],"author":[{"embeddable":true,"href":"https:\/\/lospoliticosveracruz.com.mx\/index.php?rest_route=\/wp\/v2\/users\/2"}],"replies":[{"embeddable":true,"href":"https:\/\/lospoliticosveracruz.com.mx\/index.php?rest_route=%2Fwp%2Fv2%2Fcomments&post=55833"}],"version-history":[{"count":1,"href":"https:\/\/lospoliticosveracruz.com.mx\/index.php?rest_route=\/wp\/v2\/posts\/55833\/revisions"}],"predecessor-version":[{"id":55835,"href":"https:\/\/lospoliticosveracruz.com.mx\/index.php?rest_route=\/wp\/v2\/posts\/55833\/revisions\/55835"}],"wp:attachment":[{"href":"https:\/\/lospoliticosveracruz.com.mx\/index.php?rest_route=%2Fwp%2Fv2%2Fmedia&parent=55833"}],"wp:term":[{"taxonomy":"category","embeddable":true,"href":"https:\/\/lospoliticosveracruz.com.mx\/index.php?rest_route=%2Fwp%2Fv2%2Fcategories&post=55833"},{"taxonomy":"post_tag","embeddable":true,"href":"https:\/\/lospoliticosveracruz.com.mx\/index.php?rest_route=%2Fwp%2Fv2%2Ftags&post=55833"}],"curies":[{"name":"wp","href":"https:\/\/api.w.org\/{rel}","templated":true}]}}