{"id":55883,"date":"2020-06-06T20:38:52","date_gmt":"2020-06-07T01:38:52","guid":{"rendered":"http:\/\/www.lospoliticosveracruz.com.mx\/?p=55883"},"modified":"2020-06-06T20:38:52","modified_gmt":"2020-06-07T01:38:52","slug":"coatza-y-mina-primeros-pasos-del-rescate-energetico-cuic","status":"publish","type":"post","link":"https:\/\/lospoliticosveracruz.com.mx\/?p=55883","title":{"rendered":"Coatza y Mina, primeros pasos del rescate energ\u00e9tico: Cuic"},"content":{"rendered":"<p><span lang=\"ES\">En la visita del presidente Andr\u00e9s Manuel L\u00f3pez Obrador a la Refiner\u00eda <i>General L\u00e1zaro C\u00e1rdenas<\/i> y al Complejo Petroqu\u00edmico <i>Cangrejera<\/i>, el gobernador Cuitl\u00e1huac Garc\u00eda Jim\u00e9nez expres\u00f3 en Minatitl\u00e1n que hoy se ven ya los primeros frutos del rescate de la soberan\u00eda energ\u00e9tica nacional.<\/span><\/p>\n<p><span lang=\"ES\">Al afirmar que el primer mandatario es quien m\u00e1s ha mirado hacia esta regi\u00f3n en la historia reciente, se dijo orgulloso de que la pol\u00edtica de la Cuarta Transformaci\u00f3n vaya al punto por donde quisieron destruir al Estado Mexicano, que era privatizar la ya de por s\u00ed abandonada industria petrolera que tanto ha dado a los mexicanos.<u><\/u><u><\/u><\/span><\/p>\n<p><span lang=\"ES\"><u><\/u>\u00a0<u><\/u><\/span><span lang=\"ES\">Confi\u00f3 en que el nombre de L\u00e1zaro C\u00e1rdenas retumba a\u00fan en los o\u00eddos de los neoliberales, pues con \u00e9l inici\u00f3 el gran desarrollo de Veracruz, en Poza Rica y Minatitl\u00e1n; al tiempo de reconocer el trabajo que encabezan Roc\u00edo Nahle Garc\u00eda, secretaria de Energ\u00eda, y Octavio Romero Oropeza, director general de Petr\u00f3leos Mexicanos (PEMEX), para modernizar las seis refiner\u00edas del pa\u00eds.<u><\/u><u><\/u><\/span><\/p>\n<p><span lang=\"ES\">A su vez, L\u00f3pez Obrador destac\u00f3 el cambio de ra\u00edz que se vive en el sector, mismo que va hacia la autosuficiencia con una inversi\u00f3n de 25 mil millones de pesos, a fin de que en 2023 se produzcan un mill\u00f3n 200 mil barriles diarios de crudo, adem\u00e1s de 340 mil en el nuevo complejo que se construye en Dos Bocas, Tabasco.<\/span><span lang=\"ES\"><u><\/u>\u00a0<u><\/u><\/span><\/p>\n<p><span lang=\"ES\">Se\u00f1al\u00f3 que en M\u00e9xico existe la infraestructura necesaria para generar gasolina y di\u00e9sel de alto octanaje, como en Cangrejera, donde se prepara un tren de refinaci\u00f3n adicional en el que se prev\u00e9 procesar 200 mil barriles m\u00e1s, al dejar de importar naftas y recuperar la vocaci\u00f3n petroqu\u00edmica que fue ejemplo nacional, siendo la primera industria de este tipo en el pa\u00eds.<\/span><\/p>\n<p><span lang=\"ES\">En la lucha hacia la soberan\u00eda energ\u00e9tica, se congratul\u00f3 de contar con colaboradores eficientes y honestos; al tiempo que Veracruz tenga, por primera vez en muchos a\u00f1os, un Gobernador de convicciones y resultados.<\/span><\/p>\n<p><span lang=\"ES\">Por ello, reafirm\u00f3 que seguir\u00e1 adelante el Proyecto de Naci\u00f3n, acorde con este tiempo de definiciones; nada de medias tintas, ni simulaciones. \u201cO somos conservadores o somos liberales, o se est\u00e1 por la trasformaci\u00f3n o se est\u00e1 en contra; se est\u00e1 por la honestidad y por limpiar a M\u00e9xico de la corrupci\u00f3n o se apuesta a mantener los privilegios de unos cuantos\u201d.<\/span><\/p>\n<p><span lang=\"ES\">La planta de Minatitl\u00e1n lleva un avance del 56 por ciento en su rehabilitaci\u00f3n, con 32 reparaciones; luego de un descuido severo que requiri\u00f3 mil 800 millones de pesos de inversi\u00f3n. Para ejemplificar la ventaja del proyecto, al inicio de sus operaciones el di\u00e9sel conten\u00eda hasta 15 mil partes por mill\u00f3n (ppm) de azufre, pero hoy es posible adquirir di\u00e9sel Ultra Bajo Azufre (UBA) de hasta 20 ppm, cumpliendo con los est\u00e1ndares internacionales de protecci\u00f3n del medio ambiente.<\/span><\/p>\n<p><span lang=\"ES\">Previo a los recorridos con el Presidente, el Gobernador supervis\u00f3 la obra de modernizaci\u00f3n del Distribuidor Morelos, en la localidad Mundo Nuevo, que conecta a un gran n\u00famero de complejos petroqu\u00edmicos y forma parte del Programa para el Desarrollo del Istmo de Tehuantepec.<\/span><\/p>\n","protected":false},"excerpt":{"rendered":"<p>En la visita del presidente Andr\u00e9s Manuel L\u00f3pez Obrador a la Refiner\u00eda General L\u00e1zaro C\u00e1rdenas y al Complejo Petroqu\u00edmico Cangrejera, el gobernador Cuitl\u00e1huac Garc\u00eda Jim\u00e9nez expres\u00f3 en Minatitl\u00e1n que hoy se ven ya los primeros frutos del rescate de la soberan\u00eda energ\u00e9tica nacional. Al afirmar que el primer mandatario es quien m\u00e1s ha mirado hacia [&hellip;]<\/p>\n","protected":false},"author":2,"featured_media":0,"comment_status":"open","ping_status":"open","sticky":false,"template":"","format":"standard","meta":{"_jetpack_newsletter_access":"","_jetpack_dont_email_post_to_subs":false,"_jetpack_newsletter_tier_id":0,"_jetpack_memberships_contains_paywalled_content":false,"_jetpack_memberships_contains_paid_content":false,"footnotes":""},"categories":[73],"tags":[618,18440,12744,1563,14643,373,13883,372,1267,18439,4386,9087,2231,195],"class_list":["post-55883","post","type-post","status-publish","format-standard","hentry","category-de-boleto","tag-andres-manuel-lopez-obrador","tag-complejo-petroquimico-cangrejera","tag-cuarta-transformacion","tag-cuitlahuac-garcia-jimenez","tag-dos-bocas","tag-minatitlan","tag-octavio-romero-oropeza","tag-pemex","tag-poza-rica","tag-refineria-general-lazaro-cardenas","tag-rocio-nahle-garcia","tag-secretaria-de-energia","tag-tabasco","tag-veracruz"],"jetpack_featured_media_url":"","jetpack_sharing_enabled":true,"jetpack_shortlink":"https:\/\/wp.me\/p4Qcd3-exl","_links":{"self":[{"href":"https:\/\/lospoliticosveracruz.com.mx\/index.php?rest_route=\/wp\/v2\/posts\/55883","targetHints":{"allow":["GET"]}}],"collection":[{"href":"https:\/\/lospoliticosveracruz.com.mx\/index.php?rest_route=\/wp\/v2\/posts"}],"about":[{"href":"https:\/\/lospoliticosveracruz.com.mx\/index.php?rest_route=\/wp\/v2\/types\/post"}],"author":[{"embeddable":true,"href":"https:\/\/lospoliticosveracruz.com.mx\/index.php?rest_route=\/wp\/v2\/users\/2"}],"replies":[{"embeddable":true,"href":"https:\/\/lospoliticosveracruz.com.mx\/index.php?rest_route=%2Fwp%2Fv2%2Fcomments&post=55883"}],"version-history":[{"count":1,"href":"https:\/\/lospoliticosveracruz.com.mx\/index.php?rest_route=\/wp\/v2\/posts\/55883\/revisions"}],"predecessor-version":[{"id":55885,"href":"https:\/\/lospoliticosveracruz.com.mx\/index.php?rest_route=\/wp\/v2\/posts\/55883\/revisions\/55885"}],"wp:attachment":[{"href":"https:\/\/lospoliticosveracruz.com.mx\/index.php?rest_route=%2Fwp%2Fv2%2Fmedia&parent=55883"}],"wp:term":[{"taxonomy":"category","embeddable":true,"href":"https:\/\/lospoliticosveracruz.com.mx\/index.php?rest_route=%2Fwp%2Fv2%2Fcategories&post=55883"},{"taxonomy":"post_tag","embeddable":true,"href":"https:\/\/lospoliticosveracruz.com.mx\/index.php?rest_route=%2Fwp%2Fv2%2Ftags&post=55883"}],"curies":[{"name":"wp","href":"https:\/\/api.w.org\/{rel}","templated":true}]}}