{"id":55898,"date":"2020-06-07T18:32:15","date_gmt":"2020-06-07T23:32:15","guid":{"rendered":"http:\/\/www.lospoliticosveracruz.com.mx\/?p=55898"},"modified":"2020-06-07T19:58:08","modified_gmt":"2020-06-08T00:58:08","slug":"7-mil-empleos-a-toda-maquina","status":"publish","type":"post","link":"https:\/\/lospoliticosveracruz.com.mx\/?p=55898","title":{"rendered":"7 mil empleos \u00a1a toda m\u00e1quina!"},"content":{"rendered":"<p>Durante la supervisi\u00f3n de los trabajos de rehabilitaci\u00f3n en la v\u00eda ferroviaria que va de Medias Aguas a Salina Cruz, el gobernador Cuitl\u00e1huac Garc\u00eda Jim\u00e9nez celebr\u00f3 que la visi\u00f3n integral de los actuales gobiernos marque la diferencia con los proyectos anunciados en la \u00e9poca neoliberal, que nunca concluyeron.<\/p>\n<p>Hoy, el Plan Nacional de Desarrollo pone en el centro de sus prioridades la justicia social para los pueblos antes marginados y mediante el Corredor Interoce\u00e1nico del Istmo de Tehuantepec (CIIT), que unir\u00e1 regiones de vasta cultura, el beneficio es inherente a las nuevas redes de comunicaci\u00f3n.<\/p>\n<p>Tan s\u00f3lo en esta etapa de reconstrucci\u00f3n se generar\u00e1n 7 mil empleos, lo cual ayudar\u00e1 a afrontar la pandemia que afecta la econom\u00eda popular, a trav\u00e9s de una inversi\u00f3n inicial superior a 3 mil millones de pesos y de 20 mil para los cinco tramos de la v\u00eda.<\/p>\n<p>\u201cPor eso estamos gustosos de que sea Veracruz uno de los estados clave en los grandes proyectos del gobierno transformador\u201d, expres\u00f3 el mandatario, al destacar la excelente coordinaci\u00f3n entre su administraci\u00f3n y el Gabinete Federal, con el que ahora se avanza hacia el bienestar.<\/p>\n<p>En este sentido, hizo \u00e9nfasis en la inversi\u00f3n de mil 100 millones de pesos por parte de la Secretar\u00eda de Desarrollo Agrario, Territorial y Urbano (SEDATU) dirigida a colonias populares de dos grandes ciudades y puertos como lo son Coatzacoalcos y Veracruz.<\/p>\n<p>El presidente L\u00f3pez Obrador dijo estar convencido del \u00e9xito de los trabajos y contento de supervisarlos, pues enmarcan el banderazo de la construcci\u00f3n del Tren Maya. Asimismo, consider\u00f3 un milagro que los conservadores no hayan privatizado tambi\u00e9n esta infraestructura.<\/p>\n<p>\u201cPor eso tenemos que cuidar que al cambio de gobierno no se pierda el proyecto, tenemos que pensar en c\u00f3mo dejarlo bien consolidado en lo administrativo, que las concesiones queden firmes y buscar una forma adecuada de empresa p\u00fablica donde participe el Gobierno Federal, pero tambi\u00e9n los estados y cuidarlo entre todos\u201d, enfatiz\u00f3.<\/p>\n<p>El complemento de este Corredor, que abarca puertos, carreteras, v\u00edas f\u00e9rreas y complejos industriales, ser\u00e1n est\u00edmulos fiscales a los empresarios para que puedan instalarse en los 10 parques proyectados, al tiempo que se espera una ventaja contra el Canal de Panam\u00e1, pues en una misma regi\u00f3n se contar\u00e1 con la transformaci\u00f3n de materias primas.<\/p>\n<p>A lo largo de 24 kil\u00f3metros, en el primero de cinco tramos de la L\u00ednea Z que conecta Medias Aguas con Salina Cruz, Oaxaca, las labores que ya se ejecutan constan de levantamiento topogr\u00e1fico, reforzamiento de carreteras terracer\u00edas, desmantelamiento de piezas, colocaci\u00f3n de durmientes y rieles; embalastado y calzado, alineaci\u00f3n y nivelaci\u00f3n de v\u00eda, adem\u00e1s de algunos puentes. La obra completa tendr\u00e1 una ejecuci\u00f3n de 3 mil 113 millones de pesos, a concluirse en abril de 2021.<\/p>\n<p>\u201cNos da un enorme gusto que en estos tres d\u00edas el presidente de la Rep\u00fablica est\u00e9 haciendo muy evidente el avance de estos proyectos y, sobre todo, el beneficio que traen a las poblaciones de Veracruz. Inimaginable que por estos rumbos est\u00e9 caminando un Presidente; se lo reconocemos\u201d, concluy\u00f3 el mandatario estatal.<\/p>\n<p>El evento cont\u00f3 con la presencia del director general del CIIT, Rafael Mar\u00edn Mollinedo; el gobernador de Oaxaca, Alejandro Murat Hinojosa; el director del Ferrocarril del Istmo de Tehuantepec, Jos\u00e9 S\u00e1nchez P\u00e9rez, y el presidente municipal de Sayula de Alem\u00e1n, Fredy Ayala Gonz\u00e1lez.<\/p>\n","protected":false},"excerpt":{"rendered":"<p>Durante la supervisi\u00f3n de los trabajos de rehabilitaci\u00f3n en la v\u00eda ferroviaria que va de Medias Aguas a Salina Cruz, el gobernador Cuitl\u00e1huac Garc\u00eda Jim\u00e9nez celebr\u00f3 que la visi\u00f3n integral de los actuales gobiernos marque la diferencia con los proyectos anunciados en la \u00e9poca neoliberal, que nunca concluyeron. Hoy, el Plan Nacional de Desarrollo pone [&hellip;]<\/p>\n","protected":false},"author":2,"featured_media":0,"comment_status":"open","ping_status":"open","sticky":false,"template":"","format":"standard","meta":{"_jetpack_newsletter_access":"","_jetpack_dont_email_post_to_subs":false,"_jetpack_newsletter_tier_id":0,"_jetpack_memberships_contains_paywalled_content":false,"_jetpack_memberships_contains_paid_content":false,"footnotes":""},"categories":[70],"tags":[15958,1563,3624,18446,18445,1003,18389,1215,15155,15957,18444,1948,195],"class_list":["post-55898","post","type-post","status-publish","format-standard","hentry","category-de-opinion","tag-corredor-interoceanico-del-istmo-de-tehuantepec","tag-cuitlahuac-garcia-jimenez","tag-empleos","tag-fredy-ayala-gonzalez","tag-jose-sanchez-perez","tag-lopez-obrador","tag-medias-aguas","tag-oaxaca","tag-plan-nacional-de-desarrollo","tag-rafael-marin-mollinedo","tag-salina-cruz","tag-sedatu","tag-veracruz"],"jetpack_featured_media_url":"","jetpack_sharing_enabled":true,"jetpack_shortlink":"https:\/\/wp.me\/p4Qcd3-exA","_links":{"self":[{"href":"https:\/\/lospoliticosveracruz.com.mx\/index.php?rest_route=\/wp\/v2\/posts\/55898","targetHints":{"allow":["GET"]}}],"collection":[{"href":"https:\/\/lospoliticosveracruz.com.mx\/index.php?rest_route=\/wp\/v2\/posts"}],"about":[{"href":"https:\/\/lospoliticosveracruz.com.mx\/index.php?rest_route=\/wp\/v2\/types\/post"}],"author":[{"embeddable":true,"href":"https:\/\/lospoliticosveracruz.com.mx\/index.php?rest_route=\/wp\/v2\/users\/2"}],"replies":[{"embeddable":true,"href":"https:\/\/lospoliticosveracruz.com.mx\/index.php?rest_route=%2Fwp%2Fv2%2Fcomments&post=55898"}],"version-history":[{"count":1,"href":"https:\/\/lospoliticosveracruz.com.mx\/index.php?rest_route=\/wp\/v2\/posts\/55898\/revisions"}],"predecessor-version":[{"id":55899,"href":"https:\/\/lospoliticosveracruz.com.mx\/index.php?rest_route=\/wp\/v2\/posts\/55898\/revisions\/55899"}],"wp:attachment":[{"href":"https:\/\/lospoliticosveracruz.com.mx\/index.php?rest_route=%2Fwp%2Fv2%2Fmedia&parent=55898"}],"wp:term":[{"taxonomy":"category","embeddable":true,"href":"https:\/\/lospoliticosveracruz.com.mx\/index.php?rest_route=%2Fwp%2Fv2%2Fcategories&post=55898"},{"taxonomy":"post_tag","embeddable":true,"href":"https:\/\/lospoliticosveracruz.com.mx\/index.php?rest_route=%2Fwp%2Fv2%2Ftags&post=55898"}],"curies":[{"name":"wp","href":"https:\/\/api.w.org\/{rel}","templated":true}]}}