{"id":56636,"date":"2020-06-26T21:56:00","date_gmt":"2020-06-27T02:56:00","guid":{"rendered":"http:\/\/www.lospoliticosveracruz.com.mx\/?p=56636"},"modified":"2020-06-26T21:56:00","modified_gmt":"2020-06-27T02:56:00","slug":"gente-capacitada-no-improvisados-lo-que-requiere-veracruz-marlon","status":"publish","type":"post","link":"https:\/\/lospoliticosveracruz.com.mx\/?p=56636","title":{"rendered":"Gente capacitada, no improvisados, lo que requiere Veracruz: Marlon"},"content":{"rendered":"<p>&nbsp;<\/p>\n<p>El Partido Revolucionario Institucional (PRI), es una alternativa para que hombres y mujeres con formaci\u00f3n pol\u00edtica y profesional, gobiernen en Veracruz, porque eso es lo que se necesita, afirm\u00f3 el presidente del Comit\u00e9 Directivo Estatal, Marlon Ram\u00edrez Mar\u00edn.<\/p>\n<p>Indic\u00f3 que se ha registrado una amplia participaci\u00f3n durante el segundo d\u00eda de solicitudes de registros de las f\u00f3rmulas a las presidencias y secretarias generales de los comit\u00e9s municipales del primer bloque, del partido en la entidad, y destac\u00f3 que participan militantes debidamente acreditados, cuadros que conocen los documentos b\u00e1sicos, que han sido evaluados.<\/p>\n<p>\u201cEl PRI tendr\u00e1 en las dirigencias de sus comit\u00e9s municipales, gente preparada, capacitada y no improvisada al frente de las dirigencias, porque eso es lo que necesita la gente y es lo que necesita Veracruz\u201d, extern\u00f3.<\/p>\n<p>Refiri\u00f3 que las y los militantes de distintos municipios del estado han acudido a las mesas receptoras, \u00f3rganos auxiliares de la Comisi\u00f3n Estatal de Procesos Internos, encargada de la organizaci\u00f3n y desarrollo de la jornada, y que en su primer d\u00eda recibi\u00f3 la solicitud de 96 f\u00f3rmulas, con grandes expectativas.<\/p>\n<p>El partido privilegia el m\u00e9todo de elecci\u00f3n de consulta a la base y as\u00ed esta plasmado en las convocatorias para la renovaci\u00f3n de las estructuras, sin embargo: \u201ccelebro que en una gran cantidad de municipios los priistas desde el norte al sur lograron tener acuerdos para conformar planillas de unidad fuertes\u201d, expres\u00f3.<\/p>\n<p>\u201cHoy el partido da un avance sustancial en este bloque y el domingo se tendr\u00e1n los dict\u00e1menes a presentar, para posteriormente ir con el segundo bloque que requiere mayor detalle al ser ciudades grandes con varias f\u00f3rmulas y en donde es de suma importancia preservar las medidas de prevenci\u00f3n ante la pandemia que se vive\u201d, puntualiz\u00f3.<\/p>\n<p>Para concluir, el presidente del CDE, Marlon Ram\u00edrez Mar\u00edn, reiter\u00f3 que se contin\u00faan aplicando las medidas sanitarias de prevenci\u00f3n ante el COVid-19, privilegiando la integridad de las y los militantes.<\/p>\n","protected":false},"excerpt":{"rendered":"<p>&nbsp; El Partido Revolucionario Institucional (PRI), es una alternativa para que hombres y mujeres con formaci\u00f3n pol\u00edtica y profesional, gobiernen en Veracruz, porque eso es lo que se necesita, afirm\u00f3 el presidente del Comit\u00e9 Directivo Estatal, Marlon Ram\u00edrez Mar\u00edn. Indic\u00f3 que se ha registrado una amplia participaci\u00f3n durante el segundo d\u00eda de solicitudes de registros [&hellip;]<\/p>\n","protected":false},"author":2,"featured_media":0,"comment_status":"open","ping_status":"open","sticky":false,"template":"","format":"standard","meta":{"_jetpack_newsletter_access":"","_jetpack_dont_email_post_to_subs":false,"_jetpack_newsletter_tier_id":0,"_jetpack_memberships_contains_paywalled_content":false,"_jetpack_memberships_contains_paid_content":false,"footnotes":""},"categories":[73],"tags":[2908,251],"class_list":["post-56636","post","type-post","status-publish","format-standard","hentry","category-de-boleto","tag-marlon-ramirez-marin","tag-pri"],"jetpack_featured_media_url":"","jetpack_sharing_enabled":true,"jetpack_shortlink":"https:\/\/wp.me\/p4Qcd3-eJu","_links":{"self":[{"href":"https:\/\/lospoliticosveracruz.com.mx\/index.php?rest_route=\/wp\/v2\/posts\/56636","targetHints":{"allow":["GET"]}}],"collection":[{"href":"https:\/\/lospoliticosveracruz.com.mx\/index.php?rest_route=\/wp\/v2\/posts"}],"about":[{"href":"https:\/\/lospoliticosveracruz.com.mx\/index.php?rest_route=\/wp\/v2\/types\/post"}],"author":[{"embeddable":true,"href":"https:\/\/lospoliticosveracruz.com.mx\/index.php?rest_route=\/wp\/v2\/users\/2"}],"replies":[{"embeddable":true,"href":"https:\/\/lospoliticosveracruz.com.mx\/index.php?rest_route=%2Fwp%2Fv2%2Fcomments&post=56636"}],"version-history":[{"count":1,"href":"https:\/\/lospoliticosveracruz.com.mx\/index.php?rest_route=\/wp\/v2\/posts\/56636\/revisions"}],"predecessor-version":[{"id":56638,"href":"https:\/\/lospoliticosveracruz.com.mx\/index.php?rest_route=\/wp\/v2\/posts\/56636\/revisions\/56638"}],"wp:attachment":[{"href":"https:\/\/lospoliticosveracruz.com.mx\/index.php?rest_route=%2Fwp%2Fv2%2Fmedia&parent=56636"}],"wp:term":[{"taxonomy":"category","embeddable":true,"href":"https:\/\/lospoliticosveracruz.com.mx\/index.php?rest_route=%2Fwp%2Fv2%2Fcategories&post=56636"},{"taxonomy":"post_tag","embeddable":true,"href":"https:\/\/lospoliticosveracruz.com.mx\/index.php?rest_route=%2Fwp%2Fv2%2Ftags&post=56636"}],"curies":[{"name":"wp","href":"https:\/\/api.w.org\/{rel}","templated":true}]}}