{"id":56653,"date":"2020-06-27T23:06:02","date_gmt":"2020-06-28T04:06:02","guid":{"rendered":"http:\/\/www.lospoliticosveracruz.com.mx\/?p=56653"},"modified":"2020-06-27T23:06:02","modified_gmt":"2020-06-28T04:06:02","slug":"13-casas-a-las-6-de-enero","status":"publish","type":"post","link":"https:\/\/lospoliticosveracruz.com.mx\/?p=56653","title":{"rendered":"\u00a113 casas a las 6 de Enero!"},"content":{"rendered":"<p>Como parte del Programa de Vivienda Social 2019, el gobernador Cuitl\u00e1huac Garc\u00eda Jim\u00e9nez entreg\u00f3 13 casas a familias de la congregaci\u00f3n Colonia 6 de Enero, una de las Zonas de Atenci\u00f3n Prioritaria (ZAP) de este municipio.<\/p>\n<p>El mandatario record\u00f3 que la finalidad, y una de las pol\u00edticas del presidente Andr\u00e9s Manuel L\u00f3pez Obrador, es contribuir a que las personas en condici\u00f3n vulnerable mejoren su situaci\u00f3n mediante subsidios que les permitan acceder a un espacio digno.<\/p>\n<p>Reiter\u00f3 que durante su administraci\u00f3n la ayuda llegar\u00e1 a quienes m\u00e1s lo necesiten, es decir, gente en pobreza extrema y que antes no ten\u00eda el apoyo del Gobierno del Estado. Tan s\u00f3lo en Xalapa, 880 personas, entre ellas adultos mayores, discapacitados y mujeres jefas de familia, han sido favorecidas con 176 inmuebles en 20 colonias urbanas y 11 localidades rurales.<\/p>\n<p>Cabe mencionar que son tres los prototipos de casa construidos con concreto en un \u00e1rea de 50 metros cuadrados, tienen dos rec\u00e1maras, ba\u00f1o, cocina, comedor y sala; el precio de cada una es de 202 mil pesos.<\/p>\n<p>Participan la Comisi\u00f3n Nacional de Vivienda (CONAVI), el Instituto Veracruzano de la Vivienda (INVIVIENDA) y el Ayuntamiento de Xalapa con el 90% de la inversi\u00f3n, el resto, a trav\u00e9s de un cr\u00e9dito que la asociaci\u00f3n H\u00e1bitat para la Humanidad otorga a los beneficiarios.<\/p>\n<p>\u00abHemos conjuntado esfuerzos para hacer m\u00e1s, pues este programa tambi\u00e9n incluye el compromiso de la gente de contribuir para su patrimonio, reduciendo as\u00ed, tanto en la comunidad como en el municipio, el rezago en casas-habitaci\u00f3n; al tiempo que se reconstruye el tejido social\u00bb, destac\u00f3 Garc\u00eda Jim\u00e9nez.<\/p>\n","protected":false},"excerpt":{"rendered":"<p>Como parte del Programa de Vivienda Social 2019, el gobernador Cuitl\u00e1huac Garc\u00eda Jim\u00e9nez entreg\u00f3 13 casas a familias de la congregaci\u00f3n Colonia 6 de Enero, una de las Zonas de Atenci\u00f3n Prioritaria (ZAP) de este municipio. El mandatario record\u00f3 que la finalidad, y una de las pol\u00edticas del presidente Andr\u00e9s Manuel L\u00f3pez Obrador, es contribuir [&hellip;]<\/p>\n","protected":false},"author":2,"featured_media":0,"comment_status":"open","ping_status":"open","sticky":false,"template":"","format":"standard","meta":{"_jetpack_newsletter_access":"","_jetpack_dont_email_post_to_subs":false,"_jetpack_newsletter_tier_id":0,"_jetpack_memberships_contains_paywalled_content":false,"_jetpack_memberships_contains_paid_content":false,"footnotes":""},"categories":[73],"tags":[618,1534,18884,10793,1563,4076,8071,18883,96],"class_list":["post-56653","post","type-post","status-publish","format-standard","hentry","category-de-boleto","tag-andres-manuel-lopez-obrador","tag-ayuntamiento-de-xalapa","tag-colonia-6-de-enero","tag-conavi","tag-cuitlahuac-garcia-jimenez","tag-gobierno-del-estado","tag-invivienda","tag-programa-de-vivienda-social-2019","tag-xalapa"],"jetpack_featured_media_url":"","jetpack_sharing_enabled":true,"jetpack_shortlink":"https:\/\/wp.me\/p4Qcd3-eJL","_links":{"self":[{"href":"https:\/\/lospoliticosveracruz.com.mx\/index.php?rest_route=\/wp\/v2\/posts\/56653","targetHints":{"allow":["GET"]}}],"collection":[{"href":"https:\/\/lospoliticosveracruz.com.mx\/index.php?rest_route=\/wp\/v2\/posts"}],"about":[{"href":"https:\/\/lospoliticosveracruz.com.mx\/index.php?rest_route=\/wp\/v2\/types\/post"}],"author":[{"embeddable":true,"href":"https:\/\/lospoliticosveracruz.com.mx\/index.php?rest_route=\/wp\/v2\/users\/2"}],"replies":[{"embeddable":true,"href":"https:\/\/lospoliticosveracruz.com.mx\/index.php?rest_route=%2Fwp%2Fv2%2Fcomments&post=56653"}],"version-history":[{"count":1,"href":"https:\/\/lospoliticosveracruz.com.mx\/index.php?rest_route=\/wp\/v2\/posts\/56653\/revisions"}],"predecessor-version":[{"id":56655,"href":"https:\/\/lospoliticosveracruz.com.mx\/index.php?rest_route=\/wp\/v2\/posts\/56653\/revisions\/56655"}],"wp:attachment":[{"href":"https:\/\/lospoliticosveracruz.com.mx\/index.php?rest_route=%2Fwp%2Fv2%2Fmedia&parent=56653"}],"wp:term":[{"taxonomy":"category","embeddable":true,"href":"https:\/\/lospoliticosveracruz.com.mx\/index.php?rest_route=%2Fwp%2Fv2%2Fcategories&post=56653"},{"taxonomy":"post_tag","embeddable":true,"href":"https:\/\/lospoliticosveracruz.com.mx\/index.php?rest_route=%2Fwp%2Fv2%2Ftags&post=56653"}],"curies":[{"name":"wp","href":"https:\/\/api.w.org\/{rel}","templated":true}]}}