{"id":56776,"date":"2020-07-01T10:50:29","date_gmt":"2020-07-01T15:50:29","guid":{"rendered":"http:\/\/www.lospoliticosveracruz.com.mx\/?p=56776"},"modified":"2020-07-01T10:50:29","modified_gmt":"2020-07-01T15:50:29","slug":"dos-anos-con-d-de-desencanto-desconfianza-y-destruccion-2","status":"publish","type":"post","link":"https:\/\/lospoliticosveracruz.com.mx\/?p=56776","title":{"rendered":"Dos a\u00f1os, con D de Desencanto, Desconfianza y Destrucci\u00f3n"},"content":{"rendered":"<p>Nunca un r\u00e9gimen hab\u00eda causado tanto da\u00f1o al pa\u00eds y al bienestar de las familias, como la ha hecho Morena. A nivel federal, estatal y municipal, su gesti\u00f3n gubernamental ha sido errada y mediocre, por decir lo menos, declar\u00f3 el diputado Sergio Hern\u00e1ndez Hern\u00e1ndez.<\/p>\n<p>Lejos de generar soluciones han creado problemas donde antes no los hab\u00eda, por ejemplo, en su \u201csupuesta\u201d lucha contra el huachicol, que provoc\u00f3 desabasto de gasolina y el fallecimiento de 109 personas en Tlahuelilpan, Hidalgo, a las que simplemente observaban como orde\u00f1aban un ducto hasta que explot\u00f3.<\/p>\n<p>No ha habido un solo d\u00eda, en que los ciudadanos no nos enteremos de alg\u00fan esc\u00e1ndalo de corrupci\u00f3n, declaraci\u00f3n incoherente, o decisi\u00f3n imprudente, que en resumen, solo han puesto en mayor riesgo el bienestar de las familias, pues vivimos con m\u00e1s inseguridad, menos oportunidades de empleo y peores servicios de salud.<\/p>\n<p>En medio de todo este escenario, el p\u00e9simo manejo que est\u00e1n haciendo de la pandemia ha costado miles de vidas y millones de empleos, no olvidemos que decidieron enfrentar esta crisis sin hacer un llamado a la unidad, ni tampoco tomar en cuenta, las propuestas de la oposici\u00f3n, ni de los empresarios. Su soberbia y falta de preparaci\u00f3n, est\u00e1 causando mucho dolor a las familias.<\/p>\n<p>En Veracruz, las cosas no han sido distintas, el r\u00e9gimen encabezado por Cuitl\u00e1huac Garc\u00eda, desde el principio dej\u00f3 claras sus prioridades, y por supuesto no son mejorar la seguridad (tuvimos 2 masacres que fueron nota nacional), ni atraer inversiones (\u00bfalguien sabe que pas\u00f3 con la nueva planta de Nestl\u00e9?) y mucho menos la salud (encabezamos los casos de dengue a nivel nacional), sino acumular poder, cooptar a organismos aut\u00f3nomos y cambiar la ley a conveniencia, sin mostrar ning\u00fan respeto por el estado de derecho.<\/p>\n<p>Y Xalapa, que despu\u00e9s de 30 meses de gobierno de Morena (es un decir), nuestra ciudad se marchita ante el abandono e indiferencia de sus autoridades municipales, que son muy buenos para dar pretextos, pero no resultados.<\/p>\n<p>Por todo lo anterior, es momento de hacer equipo con la ciudadan\u00eda y construir una alternativa para detener la destrucci\u00f3n de nuestra ciudad, nuestro Estado y nuestro Pa\u00eds en 2021, finaliz\u00f3 el diputado Sergio Hern\u00e1ndez Hern\u00e1ndez.<\/p>\n","protected":false},"excerpt":{"rendered":"<p>Nunca un r\u00e9gimen hab\u00eda causado tanto da\u00f1o al pa\u00eds y al bienestar de las familias, como la ha hecho Morena. A nivel federal, estatal y municipal, su gesti\u00f3n gubernamental ha sido errada y mediocre, por decir lo menos, declar\u00f3 el diputado Sergio Hern\u00e1ndez Hern\u00e1ndez. Lejos de generar soluciones han creado problemas donde antes no los [&hellip;]<\/p>\n","protected":false},"author":2,"featured_media":0,"comment_status":"open","ping_status":"open","sticky":false,"template":"","format":"standard","meta":{"_jetpack_newsletter_access":"","_jetpack_dont_email_post_to_subs":false,"_jetpack_newsletter_tier_id":0,"_jetpack_memberships_contains_paywalled_content":false,"_jetpack_memberships_contains_paid_content":false,"footnotes":""},"categories":[73],"tags":[1563,8472,395,1026,6142,195],"class_list":["post-56776","post","type-post","status-publish","format-standard","hentry","category-de-boleto","tag-cuitlahuac-garcia-jimenez","tag-huachicol","tag-mexico","tag-morena","tag-sergio-hernandez","tag-veracruz"],"jetpack_featured_media_url":"","jetpack_sharing_enabled":true,"jetpack_shortlink":"https:\/\/wp.me\/p4Qcd3-eLK","_links":{"self":[{"href":"https:\/\/lospoliticosveracruz.com.mx\/index.php?rest_route=\/wp\/v2\/posts\/56776","targetHints":{"allow":["GET"]}}],"collection":[{"href":"https:\/\/lospoliticosveracruz.com.mx\/index.php?rest_route=\/wp\/v2\/posts"}],"about":[{"href":"https:\/\/lospoliticosveracruz.com.mx\/index.php?rest_route=\/wp\/v2\/types\/post"}],"author":[{"embeddable":true,"href":"https:\/\/lospoliticosveracruz.com.mx\/index.php?rest_route=\/wp\/v2\/users\/2"}],"replies":[{"embeddable":true,"href":"https:\/\/lospoliticosveracruz.com.mx\/index.php?rest_route=%2Fwp%2Fv2%2Fcomments&post=56776"}],"version-history":[{"count":1,"href":"https:\/\/lospoliticosveracruz.com.mx\/index.php?rest_route=\/wp\/v2\/posts\/56776\/revisions"}],"predecessor-version":[{"id":56777,"href":"https:\/\/lospoliticosveracruz.com.mx\/index.php?rest_route=\/wp\/v2\/posts\/56776\/revisions\/56777"}],"wp:attachment":[{"href":"https:\/\/lospoliticosveracruz.com.mx\/index.php?rest_route=%2Fwp%2Fv2%2Fmedia&parent=56776"}],"wp:term":[{"taxonomy":"category","embeddable":true,"href":"https:\/\/lospoliticosveracruz.com.mx\/index.php?rest_route=%2Fwp%2Fv2%2Fcategories&post=56776"},{"taxonomy":"post_tag","embeddable":true,"href":"https:\/\/lospoliticosveracruz.com.mx\/index.php?rest_route=%2Fwp%2Fv2%2Ftags&post=56776"}],"curies":[{"name":"wp","href":"https:\/\/api.w.org\/{rel}","templated":true}]}}