{"id":56793,"date":"2020-07-01T14:02:03","date_gmt":"2020-07-01T19:02:03","guid":{"rendered":"http:\/\/www.lospoliticosveracruz.com.mx\/?p=56793"},"modified":"2020-07-01T14:02:03","modified_gmt":"2020-07-01T19:02:03","slug":"gobierno-de-morena-sin-respuestas-para-el-presente-y-futuro-de-mexico-pri","status":"publish","type":"post","link":"https:\/\/lospoliticosveracruz.com.mx\/?p=56793","title":{"rendered":"Gobierno de Morena, sin respuestas para el presente y futuro de M\u00e9xico: PRI"},"content":{"rendered":"<p>El PRI sostiene que la experiencia cuenta y reitera su disposici\u00f3n a trabajar para rescatar al pa\u00eds, sin atentar contra las libertades, por un camino de inclusi\u00f3n democr\u00e1tica, dentro de la paz y por la v\u00eda institucional<\/p>\n<p>El Partido Revolucionario Institucional (PRI) sostiene que a dos a\u00f1os del 1 de julio de 2018, le preocupa el deterioro institucional, econ\u00f3mico, pol\u00edtico y social que atraviesa M\u00e9xico.<\/p>\n<p>Subraya que \u201csomos defensores del Estado de Derecho y de las instituciones p\u00fablicas que las y los mexicanos hemos creado a lo largo de d\u00e9cadas de lucha democr\u00e1tica e institucional; no hay dos M\u00e9xicos, sino uno plural y diverso por la configuraci\u00f3n de sus grupos sociales, unidos en un sincero af\u00e1n de progreso, crecimiento y solidaridad\u201d.<\/p>\n<p>Destaca que la emergencia sanitaria que vive nuestro pa\u00eds se ha transformado, tambi\u00e9n, en una emergencia econ\u00f3mica, de salud y de seguridad, que requieren comunicaci\u00f3n, coordinaci\u00f3n y evaluaci\u00f3n de las pol\u00edticas p\u00fablicas.<\/p>\n<p>\u201cNo hay tiempo que perder. Hablar del pasado solo evidenc\u00eda que el gobierno de Morena no tiene las respuestas para el presente y el futuro de M\u00e9xico. No hay respuestas al 60% de los hogares mexicanos que han visto afectados sus ingresos\u201d, puntualiza.<\/p>\n<p>A\u00f1ade que \u201cno hay respuestas a millones de mujeres que hoy han perdido sus refugios temporales y las estancias para mantener seguros a sus hijos. No hay respuestas para las peque\u00f1as y medianas empresas que han quedado a la deriva por una ineficiente pol\u00edtica econ\u00f3mica. No hay respuestas a millones de campesinos ante el abandono del campo\u201d.<\/p>\n<p>\u201cNo hay respuestas a las demandas del cuerpo m\u00e9dico, del magisterio, y a los reclamos de nuestros artistas, creadores, escritores y cient\u00edficos de M\u00e9xico. No hay respuestas a millones de mexicanos en busca de una oportunidad laboral\u201d, afirma.<\/p>\n<p>Por ello, asegura que \u201cla experiencia cuenta. El PRI reitera su disposici\u00f3n a trabajar para rescatar al pa\u00eds, sin atentar contra las libertades, por un camino de inclusi\u00f3n democr\u00e1tica, dentro de la paz y por la v\u00eda institucional\u201d.<\/p>\n","protected":false},"excerpt":{"rendered":"<p>El PRI sostiene que la experiencia cuenta y reitera su disposici\u00f3n a trabajar para rescatar al pa\u00eds, sin atentar contra las libertades, por un camino de inclusi\u00f3n democr\u00e1tica, dentro de la paz y por la v\u00eda institucional El Partido Revolucionario Institucional (PRI) sostiene que a dos a\u00f1os del 1 de julio de 2018, le preocupa [&hellip;]<\/p>\n","protected":false},"author":2,"featured_media":0,"comment_status":"open","ping_status":"open","sticky":false,"template":"","format":"standard","meta":{"_jetpack_newsletter_access":"","_jetpack_dont_email_post_to_subs":false,"_jetpack_newsletter_tier_id":0,"_jetpack_memberships_contains_paywalled_content":false,"_jetpack_memberships_contains_paid_content":false,"footnotes":""},"categories":[73],"tags":[17036,2927,395,1026,251],"class_list":["post-56793","post","type-post","status-publish","format-standard","hentry","category-de-boleto","tag-emergencia-sanitaria","tag-epidemia","tag-mexico","tag-morena","tag-pri"],"jetpack_featured_media_url":"","jetpack_sharing_enabled":true,"jetpack_shortlink":"https:\/\/wp.me\/p4Qcd3-eM1","_links":{"self":[{"href":"https:\/\/lospoliticosveracruz.com.mx\/index.php?rest_route=\/wp\/v2\/posts\/56793","targetHints":{"allow":["GET"]}}],"collection":[{"href":"https:\/\/lospoliticosveracruz.com.mx\/index.php?rest_route=\/wp\/v2\/posts"}],"about":[{"href":"https:\/\/lospoliticosveracruz.com.mx\/index.php?rest_route=\/wp\/v2\/types\/post"}],"author":[{"embeddable":true,"href":"https:\/\/lospoliticosveracruz.com.mx\/index.php?rest_route=\/wp\/v2\/users\/2"}],"replies":[{"embeddable":true,"href":"https:\/\/lospoliticosveracruz.com.mx\/index.php?rest_route=%2Fwp%2Fv2%2Fcomments&post=56793"}],"version-history":[{"count":1,"href":"https:\/\/lospoliticosveracruz.com.mx\/index.php?rest_route=\/wp\/v2\/posts\/56793\/revisions"}],"predecessor-version":[{"id":56795,"href":"https:\/\/lospoliticosveracruz.com.mx\/index.php?rest_route=\/wp\/v2\/posts\/56793\/revisions\/56795"}],"wp:attachment":[{"href":"https:\/\/lospoliticosveracruz.com.mx\/index.php?rest_route=%2Fwp%2Fv2%2Fmedia&parent=56793"}],"wp:term":[{"taxonomy":"category","embeddable":true,"href":"https:\/\/lospoliticosveracruz.com.mx\/index.php?rest_route=%2Fwp%2Fv2%2Fcategories&post=56793"},{"taxonomy":"post_tag","embeddable":true,"href":"https:\/\/lospoliticosveracruz.com.mx\/index.php?rest_route=%2Fwp%2Fv2%2Ftags&post=56793"}],"curies":[{"name":"wp","href":"https:\/\/api.w.org\/{rel}","templated":true}]}}