{"id":56805,"date":"2020-07-01T21:02:10","date_gmt":"2020-07-02T02:02:10","guid":{"rendered":"http:\/\/www.lospoliticosveracruz.com.mx\/?p=56805"},"modified":"2020-07-01T21:02:10","modified_gmt":"2020-07-02T02:02:10","slug":"dos-anos-de-compromisos-en-favor-de-los-mas-pobres","status":"publish","type":"post","link":"https:\/\/lospoliticosveracruz.com.mx\/?p=56805","title":{"rendered":"Dos a\u00f1os de compromisos en favor de los m\u00e1s pobres"},"content":{"rendered":"<p>Al cumplirse el segundo aniversario desde que el pueblo decidi\u00f3 en favor de la transformaci\u00f3n, el gobierno federal cumpli\u00f3 el compromiso con los mexicanos m\u00e1s pobres al llevar bienestar a las familias y elevar a rango constitucional, el derecho de los adultos mayores.<\/p>\n<p>En gira de trabajo para la supervisi\u00f3n de los operativos de dispersi\u00f3n de recursos a trav\u00e9s de las Mesas de Atenci\u00f3n de Paso del Macho, el delegado de programas de Desarrollo en el estado, Manuel Huerta Ladr\u00f3n de Guevara, dijo entregaron m\u00e1s de cuatro mil millones de pesos en ambos programas sociales entre m\u00e1s de 700 mil pensionados.<\/p>\n<p>La pensi\u00f3n universal para estudiantes de preparatoria y personas con discapacidad, a quienes en un porcentaje m\u00e1s alto reciben los dep\u00f3sitos bancarios a trav\u00e9s de las tarjetas con el importe de dos bimestres, aunado a las becas para los estudiantes de todos los niveles educativos.<\/p>\n<p>\u201cHoy reciben cinco mil 240 pesos de julio-agosto y septiembre-octubre, bancarizados y en pago directo\u201d, agreg\u00f3.<\/p>\n<p>Los operativos para 340 mil pensionados tendr\u00e1n una duraci\u00f3n de un mes, en el caso de aquellos sin acceso a servicios bancarios; esto debido a que se toman todas las medidas de prevenci\u00f3n a fin de cuidar a las personas en condiciones de vulnerabilidad.<\/p>\n<p>Estas acciones se realizar\u00e1n en apego a los protocolos de salud, la reuni\u00f3n de grupos menores a 25 personas para guardar la sana distancia, el uso de gel desinfectante y mascarillas en las cinco mil sedes y sub-sedes instaladas en el estado.<\/p>\n<p>Celebramos los programas que impuls\u00f3 el gobierno federal, y con ello, constatar \u201cla voluntad de la transformaci\u00f3n que el pueblo quer\u00eda\u201d.<\/p>\n<p>\u201cY no nada m\u00e1s como se dijo de apoyar a los m\u00e1s vulnerables, los adultos mayores y personas con discapacidad, qu\u00e9 son de estos segmentos, sino a quienes m\u00e1s necesitan de justicia para que no sigan en el abandono y en la marginaci\u00f3n\u201d, se\u00f1al\u00f3 el delegado federal.<\/p>\n<p>Los programas de desarrollo social son parte de la pol\u00edtica social del gobierno de la Cuarta Transformaci\u00f3n con la firme convicci\u00f3n de impulsar la reactivaci\u00f3n econ\u00f3mica.<\/p>\n<p>Del programa emergente Cr\u00e9dito a la Palabra en Veracruz entregaron 116 mil cr\u00e9ditos de 25 mil pesos, de los que ya se han pagado cerca de 100 mil pr\u00e9stamos, ello significa m\u00e1s de 3 mil millones de pesos<\/p>\n<p>De igual forma el impulso del programa Tandas para el Bienestar, al cual tambi\u00e9n podr\u00e1n acceder estudiantes, y otros programas emergentes que incentivan la generaci\u00f3n de empleo.<\/p>\n<p>Finalmente, el delegado federal destac\u00f3 que los programas sociales que el gobierno promueve benefician al 70 por ciento de los hogares mexicanos.<\/p>\n<p>Ello significa, llegar a al menos una persona adulto mayor, joven o empresa por cada familia, pero sobre todo beneficiando a la poblaci\u00f3n que m\u00e1s necesita.<\/p>\n<p>Este esfuerzo logr\u00f3 que el Gobierno de M\u00e9xico sea reconocido internacionalmente como ejemplo de buen gobierno.<\/p>\n","protected":false},"excerpt":{"rendered":"<p>Al cumplirse el segundo aniversario desde que el pueblo decidi\u00f3 en favor de la transformaci\u00f3n, el gobierno federal cumpli\u00f3 el compromiso con los mexicanos m\u00e1s pobres al llevar bienestar a las familias y elevar a rango constitucional, el derecho de los adultos mayores. En gira de trabajo para la supervisi\u00f3n de los operativos de dispersi\u00f3n [&hellip;]<\/p>\n","protected":false},"author":2,"featured_media":0,"comment_status":"open","ping_status":"open","sticky":false,"template":"","format":"standard","meta":{"_jetpack_newsletter_access":"","_jetpack_dont_email_post_to_subs":false,"_jetpack_newsletter_tier_id":0,"_jetpack_memberships_contains_paywalled_content":false,"_jetpack_memberships_contains_paid_content":false,"footnotes":""},"categories":[73],"tags":[17020,11662,12744,1850,14242,8299,15153,195],"class_list":["post-56805","post","type-post","status-publish","format-standard","hentry","category-de-boleto","tag-bienestar","tag-credito-a-la-palabra","tag-cuarta-transformacion","tag-manuel-huerta-ladron-de-guevara","tag-paso-del-macho","tag-personas-con-discapacidad","tag-tandas-para-el-bienestar","tag-veracruz"],"jetpack_featured_media_url":"","jetpack_sharing_enabled":true,"jetpack_shortlink":"https:\/\/wp.me\/p4Qcd3-eMd","_links":{"self":[{"href":"https:\/\/lospoliticosveracruz.com.mx\/index.php?rest_route=\/wp\/v2\/posts\/56805","targetHints":{"allow":["GET"]}}],"collection":[{"href":"https:\/\/lospoliticosveracruz.com.mx\/index.php?rest_route=\/wp\/v2\/posts"}],"about":[{"href":"https:\/\/lospoliticosveracruz.com.mx\/index.php?rest_route=\/wp\/v2\/types\/post"}],"author":[{"embeddable":true,"href":"https:\/\/lospoliticosveracruz.com.mx\/index.php?rest_route=\/wp\/v2\/users\/2"}],"replies":[{"embeddable":true,"href":"https:\/\/lospoliticosveracruz.com.mx\/index.php?rest_route=%2Fwp%2Fv2%2Fcomments&post=56805"}],"version-history":[{"count":1,"href":"https:\/\/lospoliticosveracruz.com.mx\/index.php?rest_route=\/wp\/v2\/posts\/56805\/revisions"}],"predecessor-version":[{"id":56807,"href":"https:\/\/lospoliticosveracruz.com.mx\/index.php?rest_route=\/wp\/v2\/posts\/56805\/revisions\/56807"}],"wp:attachment":[{"href":"https:\/\/lospoliticosveracruz.com.mx\/index.php?rest_route=%2Fwp%2Fv2%2Fmedia&parent=56805"}],"wp:term":[{"taxonomy":"category","embeddable":true,"href":"https:\/\/lospoliticosveracruz.com.mx\/index.php?rest_route=%2Fwp%2Fv2%2Fcategories&post=56805"},{"taxonomy":"post_tag","embeddable":true,"href":"https:\/\/lospoliticosveracruz.com.mx\/index.php?rest_route=%2Fwp%2Fv2%2Ftags&post=56805"}],"curies":[{"name":"wp","href":"https:\/\/api.w.org\/{rel}","templated":true}]}}