{"id":56928,"date":"2020-07-05T10:31:29","date_gmt":"2020-07-05T15:31:29","guid":{"rendered":"http:\/\/www.lospoliticosveracruz.com.mx\/?p=56928"},"modified":"2020-07-05T10:31:29","modified_gmt":"2020-07-05T15:31:29","slug":"incongruencias-de-maleno","status":"publish","type":"post","link":"https:\/\/lospoliticosveracruz.com.mx\/?p=56928","title":{"rendered":"Incongruencias de Maleno"},"content":{"rendered":"<p><strong>Ricardo Ch\u00faa<\/strong><\/p>\n<p><em>Sale y Vale<\/em><\/p>\n<p>En este espacio se ha criticado la INCONGRUENCIA de pol\u00edticos y de sus partidos&#8230; Y el que verdaderamente se pas\u00f3 de INCONGRUENTE, esta vez, y de manera muy \u00abgacha\u00bb fue el diputado local de MORENA, Jos\u00e9 Magdaleno Rosales Torres, mejor conocido como \u00abMaleno\u00bb&#8230; Ya que ayer El Reforma le mete un \u00abllegue\u00bb a Patrocinio, con declaraciones de Maleno junto con el panista, Sergio \u00abEl He Man\u00bb Hern\u00e1ndez, pidiendo su salida de la Secretar\u00eda de Gobierno, dando a entender porque enga\u00f1a a Cuitl\u00e1huac Garc\u00eda&#8230;<\/p>\n<p>Sii analizamos lo publicado, el morenista, Maleno Rosales acus\u00f3 a Patrocinio Cisneros Burgos, entre otras cosas, de nombrar a miembros subalternos en puestos clave y mencion\u00f3 de manera directa a las nuevas titulares del IVAI y de la FGE, Naldy Rodr\u00edguez y Ver\u00f3nica Hern\u00e1ndez&#8230; Y da un \u00abrecital\u00bb en la entrevista, pero lo raro del asunto es, que a pesar de que el diputado de MORENA acusa imposiciones en esos cargos, pero en las sesiones para elegir de ambas designaciones en la legislatura, emiti\u00f3 sus votos a favor de ambas propuestas&#8230;<\/p>\n<p>Que caray, es una incongruencia, si el se\u00f1alamiento fuera s\u00f3lo del diputado panista, \u00abHe-Man\u00bb Hern\u00e1ndez, se entiende porque es oposici\u00f3n&#8230; Pero Maleno reclama imposiciones pero vota por ellos&#8230; Eso no es comportarse como persona seria&#8230; Hay que recordarle a Maleno que fue el 26 de marzo del a\u00f1o, cuando \u00e9l aparece en la lista de votos a favor de la propuesta para la titularidad del IVAI, de igual modo y el 28 de mayo apoy\u00f3 la propuesta de Ver\u00f3nica Hern\u00e1ndez para la FGE; mismas que ahora critica de imposiciones&#8230;. \u00bfYa pa qu\u00e9 habla?&#8230;.<\/p>\n<p>Mejor ese reclamo lo hubiera hecho en tribuna del Congreso Local, pero no dijo nada.. Hasta vot\u00f3 a favor.. Por eso, la petici\u00f3n que se vaya Patrocinio, queda corto, al menos, en su reclamo&#8230;. Adem\u00e1s,,desde el inicio de la administraci\u00f3n, se han presentado acusaciones del diputado sobre el secretario de Gobierno y han sostenido disputas internas&#8230; Pero han pasado meses y no ha presentado pruebas&#8230;Ni tampoco denuncias.. As\u00ed que reclamar p\u00fablicamente lo que votaste a favor como legislador&#8230; Es falacia&#8230;. \u00bfYa pa qu\u00e9 Maleno?&#8230; Ya pa qu\u00e9&#8230; CONSUMATUM EST..<\/p>\n<p>LA VERDAD DE LA ALIANZA&#8230; Luego del anuncio que hiciera el PRD de que podr\u00eda realizar una alianza con el PRI para la elecciones del 2021 a nivel federal&#8230; Tambi\u00e9n hay muchas expresiones para que se lleve a cabo en Veracruz&#8230; Una coalici\u00f3n l\u00f3gica porque el priismo es centro izquierda y el perredismo es izquierda&#8230; El tema en la entidad ser\u00e1 saber, si los grupos al interior del PAN (Chapito y Yunes) se ponen de acuerdo para ir juntos en este proceso local&#8230; Derecha-centro e izquierda vs la izquierda de los Morenos&#8230;<\/p>\n<p>Ya que al interior del panismo veracruzano&#8230; Hay expresiones que se\u00f1alan que si el PAN va solo y no en alianzas con los otros partidos&#8230; Saldr\u00eda m\u00e1s \u00abfortalecido\u00bb despu\u00e9s de la elecci\u00f3n&#8230; Pero la pregunta que vale: \u00bfObtendr\u00eda los mismos triunfos sin ir en coalici\u00f3n?&#8230; Ya que esas \u00abvoces\u00bb se\u00f1alan, que de ir unido con el PRI, justificar\u00eda lo que siempre Andr\u00e9s\u00a0Manuel L\u00f3pez Obrador, dijo: \u00abque el PRI y el PAN son lo mismo PRIAN\u00bb&#8230; Y lo que esos panistas temen es que ese discurso permee en la sociedad y tenga un efecto demoledor para Acci\u00f3n Nacional&#8230;<\/p>\n<p>Sin embargo, los argumentos que dan los panistas \u00abpro alianza\u00bb es que L\u00f3pez Obrador y MORENA no tendr\u00edan justificaci\u00f3n si hacen coalici\u00f3n de partidos con el PVEM&#8230; Mismo que en a\u00f1os anteriores ha sido calificado como un partido \u00abcomod\u00edn\u00bb por el propio AMLO, entonces, ese discurso se la caer\u00eda&#8230; Ya que ser\u00eda una alianza \u00abh\u00edbrida\u00bb entre partido neoliberal, como los \u00abverdes\u00bb, con un partido progresista, como los Morenos&#8230; Es una incongruencia&#8230;.<\/p>\n<p>Adem\u00e1s al gobernador, Cuitl\u00e1huac Garc\u00eda le vienen los meses m\u00e1s dif\u00edciles para su gobierno&#8230; Ya que falta saber que marcan las encuestas en estas semanas.. Las cuales son \u00abLas fotograf\u00edas del d\u00eda\u00bb, y viene lo m\u00e1s cr\u00edtico de la situaci\u00f3n social y econ\u00f3mica despu\u00e9s de la pandemia del COVID-19&#8230; Es un hecho que MORENA est\u00e1 alimentando a su base electoral y la oposici\u00f3n est\u00e1 buscando a\u00fan el discurso que le sea efectivo para que pueda despertar a los ciudadanos&#8230;.<\/p>\n<p>Ya que en este momento, el propio L\u00f3pez Obrador \u00abamag\u00e1\u00bb a la clase pol\u00edtica con la Unidad de Inteligencia Financiera (UIF)&#8230; Y los pol\u00edticos le tienen m\u00e1s miedo m\u00e1s a la UF que a cualquier sicario de alguna banda criminal&#8230;. La misma Unidad Financiera hace amago por todos lados y en todos los estados&#8230; Eso hace que los pol\u00edticos, algunos, no todos, los mantengan contra la pared&#8230;. Saben que si le metieron \u00abla mano al caj\u00f3n\u00bb de esas no se salva&#8230; AMLO es muy \u00abma\u00f1oso\u00bb viene del viejo r\u00e9gimen y conoce las entra\u00f1as del dinosaurio&#8230;<\/p>\n<p>Tambi\u00e9n hay que tomar en cuenta a la \u00abola\u00bb de candidatos independientes que participaran en este proceso local&#8230; Lo har\u00e1n seguramente porque no encontrar\u00e1n acomodo en alg\u00fan partido..Ya que si se ven las encuestas, al revisar el n\u00famero de indecisos esos definir\u00e1n el rumbo para 2021.. Hay que recordar que muchas personas que apoyan a AMLO, ahora, quieren tambi\u00e9n que haya un equilibrio, que ayude a dar rumbo al pa\u00eds, pero sin someterlo a sus ideas de la 4T de manera incondicional&#8230;<\/p>\n<p>OJO&#8230; Lo m\u00e1s seguro como se ven las encuestas y percepci\u00f3n ciudadana en M\u00e9xico y en Veracruz&#8230; Es que al menos, el Congreso de la Uni\u00f3n a trav\u00e9s de su c\u00e1mara de diputados federales quedar\u00e1 dividido&#8230;. Ya que MORENA no tendr\u00e1 la mayor\u00eda y la ambici\u00f3n puede dominar\u00e1 a los que entren, sobre todo los pol\u00edticos de sus partidos aliados como el PVEM&#8230; Y ellos har\u00e1n que la c\u00e1mara baja vuelva a manejar y etiquetar recursos&#8230; Como se hac\u00eda antes&#8230; Esto provocar\u00eda que \u00abtronara\u00bb la 4T, ya que el dinero puede mover conciencias&#8230; AMEN&#8230;<\/p>\n","protected":false},"excerpt":{"rendered":"<p>Ricardo Ch\u00faa Sale y Vale En este espacio se ha criticado la INCONGRUENCIA de pol\u00edticos y de sus partidos&#8230; Y el que verdaderamente se pas\u00f3 de INCONGRUENTE, esta vez, y de manera muy \u00abgacha\u00bb fue el diputado local de MORENA, Jos\u00e9 Magdaleno Rosales Torres, mejor conocido como \u00abMaleno\u00bb&#8230; Ya que ayer El Reforma le mete [&hellip;]<\/p>\n","protected":false},"author":2,"featured_media":46883,"comment_status":"open","ping_status":"open","sticky":false,"template":"","format":"standard","meta":{"_jetpack_newsletter_access":"","_jetpack_dont_email_post_to_subs":false,"_jetpack_newsletter_tier_id":0,"_jetpack_memberships_contains_paywalled_content":false,"_jetpack_memberships_contains_paid_content":false,"footnotes":""},"categories":[70],"tags":[618,15946,16673,1563,12299,12684,19041,1026,5281,266,107,251,3091,13604,1418],"class_list":["post-56928","post","type-post","status-publish","format-standard","has-post-thumbnail","hentry","category-de-opinion","tag-andres-manuel-lopez-obrador","tag-bola-8","tag-covid-19","tag-cuitlahuac-garcia-jimenez","tag-eric-cisneros-burgos","tag-jose-magdaleno-rosales-torres","tag-maleno","tag-morena","tag-naldy-rodriguez","tag-pan","tag-prd","tag-pri","tag-reforma","tag-ricardo-chua","tag-secretaria-de-gobierno"],"jetpack_featured_media_url":"https:\/\/lospoliticosveracruz.com.mx\/wp-content\/uploads\/2019\/02\/Maleno.jpg","jetpack_sharing_enabled":true,"jetpack_shortlink":"https:\/\/wp.me\/p4Qcd3-eOc","_links":{"self":[{"href":"https:\/\/lospoliticosveracruz.com.mx\/index.php?rest_route=\/wp\/v2\/posts\/56928","targetHints":{"allow":["GET"]}}],"collection":[{"href":"https:\/\/lospoliticosveracruz.com.mx\/index.php?rest_route=\/wp\/v2\/posts"}],"about":[{"href":"https:\/\/lospoliticosveracruz.com.mx\/index.php?rest_route=\/wp\/v2\/types\/post"}],"author":[{"embeddable":true,"href":"https:\/\/lospoliticosveracruz.com.mx\/index.php?rest_route=\/wp\/v2\/users\/2"}],"replies":[{"embeddable":true,"href":"https:\/\/lospoliticosveracruz.com.mx\/index.php?rest_route=%2Fwp%2Fv2%2Fcomments&post=56928"}],"version-history":[{"count":1,"href":"https:\/\/lospoliticosveracruz.com.mx\/index.php?rest_route=\/wp\/v2\/posts\/56928\/revisions"}],"predecessor-version":[{"id":56929,"href":"https:\/\/lospoliticosveracruz.com.mx\/index.php?rest_route=\/wp\/v2\/posts\/56928\/revisions\/56929"}],"wp:featuredmedia":[{"embeddable":true,"href":"https:\/\/lospoliticosveracruz.com.mx\/index.php?rest_route=\/wp\/v2\/media\/46883"}],"wp:attachment":[{"href":"https:\/\/lospoliticosveracruz.com.mx\/index.php?rest_route=%2Fwp%2Fv2%2Fmedia&parent=56928"}],"wp:term":[{"taxonomy":"category","embeddable":true,"href":"https:\/\/lospoliticosveracruz.com.mx\/index.php?rest_route=%2Fwp%2Fv2%2Fcategories&post=56928"},{"taxonomy":"post_tag","embeddable":true,"href":"https:\/\/lospoliticosveracruz.com.mx\/index.php?rest_route=%2Fwp%2Fv2%2Ftags&post=56928"}],"curies":[{"name":"wp","href":"https:\/\/api.w.org\/{rel}","templated":true}]}}