{"id":56992,"date":"2020-07-07T11:25:47","date_gmt":"2020-07-07T16:25:47","guid":{"rendered":"http:\/\/www.lospoliticosveracruz.com.mx\/?p=56992"},"modified":"2020-07-07T11:25:47","modified_gmt":"2020-07-07T16:25:47","slug":"el-informe-la-burla","status":"publish","type":"post","link":"https:\/\/lospoliticosveracruz.com.mx\/?p=56992","title":{"rendered":"El Informe&#8230; la Burla&#8230;"},"content":{"rendered":"<p><strong>Ricardo Ch\u00faa<\/strong><br \/>\n<em>Sale y Vale<\/em><\/p>\n<p>EL INFANTICIDIO&#8230; A pesar de que en su Informe, Cuitl\u00e1uhac Garc\u00eda hablaba que los cr\u00edmenes de alto impacto hab\u00edan bajado en Veracruz&#8230; Momentos antes de iniciar su evento y \u00abbesa manos\u00bb en Palacio de Gobierno&#8230; El gobernador tuvo que ser informado que se present\u00f3 un infanticidio m\u00e1s en Veracruz, la menor de 12 a\u00f1os, Reyna Isabel, la ni\u00f1a que vend\u00eda pan a lado del m\u00e1s famoso restaurante de Naolinco y que era conocida por todos, fue hallada sin vida en ese municipio&#8230; Y Cuitl\u00e1huac, ni una frase le dedic\u00f3, ni el p\u00e9same dio a la familia&#8230;<\/p>\n<p>Era su fiesta, su Informe y nada lo pod\u00eda \u00abensombrecer\u00bb&#8230; Ni las malditas encuestas que lo colocan como uno de los peores gobernadores del pa\u00eds&#8230;Y la Fiscal, Ver\u00f3nica Hern\u00e1ndez estaba sentada en un sal\u00f3n de Palacio de Gobierno&#8230; Escuchando al gobernador de sus \u00ablogros\u00bb en procuraci\u00f3n de justicia&#8230; Mientras, en Naolinco, una familia humilde y trabajadora llora la p\u00e9rdida de Reina Isabel&#8230;Que estudiaba y vend\u00eda pan de casa en casa para ayudar al gasto familia&#8230; Para la clase gobernante, la ni\u00f1a es s\u00f3lo una CIFRA M\u00c1S DE FEMINICIDIOS&#8230;<\/p>\n<p>Un tema del cual, Cuitl\u00e1huac no entiende y evita hablar&#8230; Ellos como gobernantes nunca se enteraran las horas que ten\u00eda que trabajar Reina Isabel y desde qu\u00e9 edad empez\u00f3 a caminar por ese pueblo para vender su pan&#8230; La menor es ya una ESTAD\u00cdSTICA en Veracruz&#8230; Su madre y su padre deben estar muriendo de pena&#8230; Y el gobernador en su festejo.. Ni el p\u00e9same&#8230; D\u00edas como hoy da ASCO la pol\u00edtica.. No todos en Veracruz, viven noches de whisky y de placeres&#8230; DIOS LOS PERDONE&#8230;<\/p>\n<p>OJO&#8230;. \u00abDonde otros s\u00f3lo compraron votos, nosotros hicimos obras\u00bb: Cuitl\u00e1huac Garc\u00eda&#8230; Fue su frase para rematar su Informe&#8230; Lo que indica que o no se ha dado cuenta, de c\u00f3mo gan\u00f3 o \u00abpeca\u00bb de omiso&#8230; \u00c9l lleg\u00f3 por acuerdos de grupos de poder en Veracruz para evitar que la entidad quedar\u00e1 en manos de un hijo \u00abheredada\u00bb por su padre&#8230; Esos grupos, le hicieron el \u00abtrabajo sucio\u00bb a MORENA&#8230; El apoyo otorgado simplemente cambi\u00f3 de partido&#8230;. Del PRI a MORENA&#8230; Lo que hace Cuitl\u00e1huac ahora, es, s\u00f3lo \u00abpagar el favor\u00bb&#8230; \u00bfAlguna duda?&#8230;<\/p>\n<p>INFORME, LA BURLA&#8230; El d\u00eda que el gobernador, Cuitl\u00e1huac Garc\u00eda pretend\u00eda \u00abcelebrar\u00bb que cumpl\u00eda dos a\u00f1os de su triunfo en las urnas, el 1 de julio del 2018, justo ese d\u00eda, empresas encuestadoras del pa\u00eds, lo colocaron en el sitio 30 y 32 entre los mandatarios m\u00e1s desaprobados en M\u00e9xico&#8230; En pocas palabras, \u00abMitofsky\u00bb y \u00abM\u00e9xico Elige\u00bb, le \u00abzarandearon\u00bb su festejo&#8230; En Veracruz, el 70 por ciento de la poblaci\u00f3n se\u00f1al\u00f3 que desaprueba su desempe\u00f1o y su forma de gobernar&#8230; M\u00e1s claro&#8230; Ni la REVOCACI\u00d3N DE MANDATO&#8230;<\/p>\n<p>Lo peor es que despu\u00e9s de esas encuestas y pasado el \u00abPre Informe\u00bb desde Palacio de Gobierno&#8230; Lo tundieron con todo.. No hubo \u00abcontenci\u00f3n\u00bb por parte de su equipo de comunicaci\u00f3n o estrategia en redes, la \u00abmadrina\u00bb que le metieron al gobernador cuando empezaron a publicar \u00ablogros y resultados\u00bb y sus frases m\u00e1s \u00abimportantes\u00bb, a 2 a\u00f1os de su triunfo y de los 6 meses del 2020&#8230; A Cuitl\u00e1huac, \u00ablos demonios, se le soltaron\u00bb.. La ciudadan\u00eda a trav\u00e9s de las redes sociales se le fue con todo al gobernador&#8230;<\/p>\n<p>El informe lo tomaron como UNA BURLA&#8230; Y al estilo L\u00f3pez Obrador, el gobernador le ech\u00f3 la culpa a Duarte y Yunes (A Fidel no lo toc\u00f3, pa que acordarse de la \u00abbeca\u00bb a Alemania)&#8230; Arremeti\u00f3 contra periodistas porque \u00abno informan\u00bb todo y no acuden a aquellas lejanas comunidades donde \u00e9l hace obra&#8230; Como si la prensa fuera culpable de sus \u00abyerros\u00bb&#8230; Aqu\u00ed el gobernador se equivoc\u00f3, de culpar a los periodistas que se\u00f1alan sus errores y que publican las cr\u00edticas que le hacen la sociedad y la oposici\u00f3n&#8230; Esos son tintes de DICTADOR&#8230;<\/p>\n<p>Finalmente, los medios no son culpables que al gobernador, no le guste la cr\u00edtica, como la mayor\u00eda de pol\u00edticos en M\u00e9xico&#8230; Pero los de MORENA son de \u00abpiel de cebolla\u00bb, muy delgada&#8230; Menos que se\u00f1alen de nada su gobierno&#8230; Ya que ellos son \u00abpuros y honestos\u00bb&#8230; Sin embargo, Cuitl\u00e1huac debe hacer una reflexi\u00f3n, para evitar, acusar a todos de sus fallas: Quienes lo se\u00f1alan de que el 70 por ciento de la poblaci\u00f3n lo desaprueba como gobernador, es la sociedad&#8230; \u00abEse muerto no lo cargo yo&#8230; Que lo cargue el que lo empin\u00f3 y lo tiene ah\u00ed\u00bb&#8230;<\/p>\n<p>As\u00ed que mientras, Cuitl\u00e1huac se\u00f1alaba en su \u00abPreinforme\u00bb de que a pesar de la pandemia hubo grandes avances en materia de infraestructura&#8230; La sociedad se preguntaba \u00bfA d\u00f3nde?&#8230; \u00bfEn hospitales?&#8230; \u00bfTramos carreteros?&#8230; \u00bfNuevas autopistas?&#8230; \u00bfEn presas para que no falte agua a ciudadanos?&#8230; \u00bfCasetas de polic\u00eda en la entidad para bajar el \u00edndice delictivo?&#8230; \u00bfcanchas deportivas?&#8230; \u00bfObra p\u00fablica?&#8230; D\u00f3nde&#8230; M\u00ednimo que diga pa \u00ablevantar\u00bb un monumento&#8230; Ni en Xalapa, que es su tierra, todo lo terminado ah\u00ed fue de Duarte o Yunes&#8230;<\/p>\n<p>Ese fue el \u00abInforme\u00bb que dio el gobernador&#8230; Presentando cifra, datos, inversiones, acciones, obras y programas&#8230; Hechos con millones de pesos que invirtieron en los mismos, por tener un gobierno \u00abhonesto\u00bb y \u00abaustero\u00bb&#8230; Bla, bla, bla.. Pero que por lo visto, no lo registra en la percepci\u00f3n ciudadana&#8230; Ya que el porcentaje de personas que lo desaprueban es alto&#8230; Ah\u00ed est\u00e1n las encuestas que lo colocan entre los \u00faltimos gobernadores en su manejo de la administraci\u00f3n p\u00fablica de su Estado en M\u00e9xico&#8230; Por eso, el Informe ES UNA BURLA&#8230;<\/p>\n<p>Para el colmo, mientras transmit\u00eda el informe por televisora estatal y redes sociales&#8230; Las visitas alcanzadas para el evento de Cuitl\u00e1huac, al menos, en twitter, fueron alrededor de 50 a 100 espectadores&#8230; Es decir, un fracaso&#8230; Lo peor es que la red que dominaba MORENA, hace meses, como el Facebook, s\u00f3lo alcanzaron mil visitas&#8230; La lectura es: Que ni la burocracia que tiene contratada en el gobierno lo vio&#8230; Le aplicaron, la que \u00e9l aplica cuando no le interesa el tema: Se mostraron dispersos, callados y taciturnos&#8230; CONSUMATUM EST&#8230;<\/p>\n<p>LOS OTROS DATOS&#8230; los datos que Cuitl\u00e1huac no incluy\u00f3&#8230; Veracruz. el primer lugar nacional en feminicidios y en secuestros&#8230; Se registraron 2 mil 185 homicidios y 21 mil 963 robos en 2020.. 6 veracruzanos pierden la vida diariamente&#8230; Olvido los 3 hechos m\u00e1s sangrientos en la historia de Veracruz: Las masacres de Minatitl\u00e1n, Coatzacoalcos y Coatepec, los cuales siguen impunes&#8230; Hubo m\u00e1s de 4 mil casos de violencia dom\u00e9stica&#8230; El desempleo, 2019 dej\u00f3 a 121 mil veracruzanos sin trabajo, y hoy m\u00e1s de 50 mil lo han perdido&#8230;<\/p>\n<p>El primer trimestre de 2020, Veracruz es el cuarto Estado con m\u00e1s desempleo&#8230; Pero la crisis del COVID se agravado por la p\u00e9sima actuaci\u00f3n de las autoridades de Salud.. 11 mil 569 casos se han registrado en la entidad.. Mil 759 personas han perdido la vida&#8230; Somos el cuarto estado con m\u00e1s muertes&#8230; M\u00e9dicos han sido contagiados y muchos han muerto&#8230; Y el desabasto de medicamentos contra el c\u00e1ncer sigue, y hay ni\u00f1as y ni\u00f1os muriendo por esta situaci\u00f3n&#8230;De eso Cuitl\u00e1huac no lo sabe porque no lo inform\u00f3&#8230; AMEN&#8230; .<\/p>\n","protected":false},"excerpt":{"rendered":"<p>Ricardo Ch\u00faa Sale y Vale EL INFANTICIDIO&#8230; A pesar de que en su Informe, Cuitl\u00e1uhac Garc\u00eda hablaba que los cr\u00edmenes de alto impacto hab\u00edan bajado en Veracruz&#8230; Momentos antes de iniciar su evento y \u00abbesa manos\u00bb en Palacio de Gobierno&#8230; El gobernador tuvo que ser informado que se present\u00f3 un infanticidio m\u00e1s en Veracruz, la [&hellip;]<\/p>\n","protected":false},"author":2,"featured_media":0,"comment_status":"open","ping_status":"open","sticky":false,"template":"","format":"standard","meta":{"_jetpack_newsletter_access":"","_jetpack_dont_email_post_to_subs":false,"_jetpack_newsletter_tier_id":0,"_jetpack_memberships_contains_paywalled_content":false,"_jetpack_memberships_contains_paid_content":false,"footnotes":""},"categories":[70],"tags":[19065,19066,1003,14180,3405,1915,19067,13604,195,15165],"class_list":["post-56992","post","type-post","status-publish","format-standard","hentry","category-de-opinion","tag-cuitlauhac-garcia","tag-infanticidio","tag-lopez-obrador","tag-mexico-elige","tag-mitofsky","tag-naolinco","tag-reyna-isabel","tag-ricardo-chua","tag-veracruz","tag-veronica-hernandez-giadans"],"jetpack_featured_media_url":"","jetpack_sharing_enabled":true,"jetpack_shortlink":"https:\/\/wp.me\/p4Qcd3-ePe","_links":{"self":[{"href":"https:\/\/lospoliticosveracruz.com.mx\/index.php?rest_route=\/wp\/v2\/posts\/56992","targetHints":{"allow":["GET"]}}],"collection":[{"href":"https:\/\/lospoliticosveracruz.com.mx\/index.php?rest_route=\/wp\/v2\/posts"}],"about":[{"href":"https:\/\/lospoliticosveracruz.com.mx\/index.php?rest_route=\/wp\/v2\/types\/post"}],"author":[{"embeddable":true,"href":"https:\/\/lospoliticosveracruz.com.mx\/index.php?rest_route=\/wp\/v2\/users\/2"}],"replies":[{"embeddable":true,"href":"https:\/\/lospoliticosveracruz.com.mx\/index.php?rest_route=%2Fwp%2Fv2%2Fcomments&post=56992"}],"version-history":[{"count":1,"href":"https:\/\/lospoliticosveracruz.com.mx\/index.php?rest_route=\/wp\/v2\/posts\/56992\/revisions"}],"predecessor-version":[{"id":56994,"href":"https:\/\/lospoliticosveracruz.com.mx\/index.php?rest_route=\/wp\/v2\/posts\/56992\/revisions\/56994"}],"wp:attachment":[{"href":"https:\/\/lospoliticosveracruz.com.mx\/index.php?rest_route=%2Fwp%2Fv2%2Fmedia&parent=56992"}],"wp:term":[{"taxonomy":"category","embeddable":true,"href":"https:\/\/lospoliticosveracruz.com.mx\/index.php?rest_route=%2Fwp%2Fv2%2Fcategories&post=56992"},{"taxonomy":"post_tag","embeddable":true,"href":"https:\/\/lospoliticosveracruz.com.mx\/index.php?rest_route=%2Fwp%2Fv2%2Ftags&post=56992"}],"curies":[{"name":"wp","href":"https:\/\/api.w.org\/{rel}","templated":true}]}}